{"id":5245,"date":"2024-12-01T17:16:15","date_gmt":"2024-12-01T16:16:15","guid":{"rendered":"https:\/\/econostrum.info\/suisse\/?p=5245"},"modified":"2024-12-01T16:02:45","modified_gmt":"2024-12-01T15:02:45","slug":"stress-travail-suisse-secteurs-touches","status":"publish","type":"post","link":"https:\/\/econostrum.info\/suisse\/stress-travail-suisse-secteurs-touches\/","title":{"rendered":"Stress au travail en Suisse : quels secteurs sont les plus touch\u00e9s ?"},"content":{"rendered":"<p>La sant\u00e9 mentale des travailleurs suisses atteint un seuil critique, r\u00e9v\u00e8le le <strong>\u00ab\u202fBarom\u00e8tre du bon travail\u202f\u00bb<\/strong> publi\u00e9 par Travail.Suisse et la Haute \u00e9cole sp\u00e9cialis\u00e9e bernoise. <strong>Plus de 84 % des salari\u00e9s<\/strong> d\u00e9clarent ne pas avoir assez d&rsquo;\u00e9nergie apr\u00e8s leur journ\u00e9e pour mener une vie personnelle \u00e9panouie.\u00a0Ce ph\u00e9nom\u00e8ne, qualifi\u00e9 d&rsquo;\u00e9puisement chronique, est devenu un enjeu central du monde du travail.<\/p>\n<p>Alors que les <strong>professions du secteur agricole<\/strong> apparaissent comme les moins stressantes, d&rsquo;autres secteurs, tels que le <strong>commerce de d\u00e9tail et l&rsquo;information<\/strong>, enregistrent des niveaux de stress alarmants. Ces disparit\u00e9s sectorielles soul\u00e8vent des questions majeures sur les conditions de travail et les priorit\u00e9s des politiques publiques.<\/p>\n<h2>Des professions plus \u00e9pargn\u00e9es que d&rsquo;autres<\/h2>\n<p>Certaines professions parviennent \u00e0 maintenir des niveaux de stress relativement faibles. En t\u00eate, les m\u00e9tiers li\u00e9s \u00e0 <strong>l&rsquo;agriculture et la sylviculture<\/strong>. Seuls<strong> 23,8 % des travailleurs<\/strong> de ce secteur d\u00e9clarent subir un stress important, un chiffre qui pourrait s&rsquo;expliquer par des rythmes de travail plus autonomes et en contact avec la nature.<\/p>\n<p>Les <strong>fonctionnaires<\/strong> enregistrent \u00e9galement un faible taux de stress<strong> (35,4 %)<\/strong>, tout comme les travailleurs du <strong>transport et de l&rsquo;entreposage (33,3 %)<\/strong>. Ces professions, bien qu&rsquo;expos\u00e9es \u00e0 certaines contraintes, semblent b\u00e9n\u00e9ficier de structures de travail plus stables.<\/p>\n<p>Les <strong>ouvriers du b\u00e2timent<\/strong>, souvent per\u00e7us comme exer\u00e7ant un m\u00e9tier physiquement exigeant, rapportent un taux de stress mod\u00e9r\u00e9 <strong>(41,3 %)<\/strong>. Ces r\u00e9sultats montrent que le stress ne se limite pas \u00e0 l&rsquo;intensit\u00e9 physique du travail, mais est influenc\u00e9 par d&rsquo;autres facteurs, tels que la <strong>pression organisationnelle ou les attentes hi\u00e9rarchiques<\/strong>.<\/p>\n<h2>Des secteurs o\u00f9 la pression est \u00e9crasante<\/h2>\n<p>\u00c0 l&rsquo;inverse, certains m\u00e9tiers connaissent des niveaux de stress pr\u00e9occupants. Les employ\u00e9s du secteur de <strong>l&rsquo;information et de la communication<\/strong>, comprenant notamment les journalistes et les t\u00e9l\u00e9conseillers, figurent parmi les plus affect\u00e9s\u202f avec <strong>50,8 % d&rsquo;entre eux<\/strong> se disent stress\u00e9s.<\/p>\n<p>Le <strong>commerce de d\u00e9tail<\/strong>, regroupant des caissi\u00e8res et vendeurs, suit de pr\u00e8s avec<strong> 49,5 % de travailleurs<\/strong> signalant un stress important. Les m\u00e9tiers de l<strong>a banque et des assurances (48,5 %)<\/strong>, de la<strong> sant\u00e9 (47 %)<\/strong> et de la<strong> restauration (45,5 %)<\/strong> compl\u00e8tent ce tableau sombre. Ces secteurs partagent souvent des caract\u00e9ristiques communes telles que des horaires irr\u00e9guliers, une forte pression pour atteindre des objectifs et une interaction constante avec le public.<\/p>\n<h2>Un impact qui d\u00e9passe le cadre professionnel<\/h2>\n<p>Le stress ne se limite pas au lieu de travail, car il envahit \u00e9galement la vie personnelle des <a href=\"https:\/\/econostrum.info\/suisse\/augmentation-salariale-travailleurs-de-la-construction-2025\/\">travailleurs suisses<\/a>. Selon l&rsquo;\u00e9tude, une majorit\u00e9 \u00e9crasante <strong>(84,2 %)<\/strong> rapporte une fatigue excessive les emp\u00eachant de profiter de leur temps libre. Cette tendance s&rsquo;inscrit dans un cycle d&rsquo;\u00e9puisement qui <strong>affecte non seulement la sant\u00e9 mentale<\/strong>, mais aussi la <strong>sant\u00e9 physique des employ\u00e9s<\/strong>.<\/p>\n<p>Face \u00e0 ce constat, <strong>Travail.Suisse<\/strong> appelle \u00e0 une action politique imm\u00e9diate. Pour L\u00e9onore Porchet, vice-pr\u00e9sidente de l&rsquo;organisation, il est imp\u00e9ratif d&rsquo;<strong>accorder une priorit\u00e9 nationale \u00e0 la lutte contre le stress<\/strong>. Des solutions adapt\u00e9es \u00e0 chaque secteur, incluant des <strong>am\u00e9liorations organisationnelles<\/strong> et des <strong>mesures de pr\u00e9vention<\/strong>, pourraient att\u00e9nuer cette pression croissante.<\/p>\n","protected":false},"excerpt":{"rendered":"<p>Le<strong> stress au travail<\/strong> n&rsquo;a jamais \u00e9t\u00e9 aussi pr\u00e9occupant en Suisse. Une \u00e9tude r\u00e9cente, men\u00e9e par Travail.Suisse et la Haute \u00e9cole sp\u00e9cialis\u00e9e bernoise, met en lumi\u00e8re l&rsquo;ampleur de ce ph\u00e9nom\u00e8ne\u202favec un pourcentage alarmant des travailleurs qui peinent \u00e0 trouver l&rsquo;\u00e9nergie pour g\u00e9rer leur vie personnelle apr\u00e8s une journ\u00e9e de travail.<\/p>\n","protected":false},"author":37,"featured_media":5249,"comment_status":"open","ping_status":"closed","sticky":false,"template":"","format":"standard","meta":{"footnotes":""},"categories":[26],"tags":[],"class_list":["post-5245","post","type-post","status-publish","format-standard","has-post-thumbnail","hentry","category-emploi","generate-columns","tablet-grid-50","mobile-grid-100","grid-parent","grid-33","no-featured-image-padding"],"_links":{"self":[{"href":"https:\/\/econostrum.info\/suisse\/wp-json\/wp\/v2\/posts\/5245","targetHints":{"allow":["GET"]}}],"collection":[{"href":"https:\/\/econostrum.info\/suisse\/wp-json\/wp\/v2\/posts"}],"about":[{"href":"https:\/\/econostrum.info\/suisse\/wp-json\/wp\/v2\/types\/post"}],"author":[{"embeddable":true,"href":"https:\/\/econostrum.info\/suisse\/wp-json\/wp\/v2\/users\/37"}],"replies":[{"embeddable":true,"href":"https:\/\/econostrum.info\/suisse\/wp-json\/wp\/v2\/comments?post=5245"}],"version-history":[{"count":0,"href":"https:\/\/econostrum.info\/suisse\/wp-json\/wp\/v2\/posts\/5245\/revisions"}],"wp:featuredmedia":[{"embeddable":true,"href":"https:\/\/econostrum.info\/suisse\/wp-json\/wp\/v2\/media\/5249"}],"wp:attachment":[{"href":"https:\/\/econostrum.info\/suisse\/wp-json\/wp\/v2\/media?parent=5245"}],"wp:term":[{"taxonomy":"category","embeddable":true,"href":"https:\/\/econostrum.info\/suisse\/wp-json\/wp\/v2\/categories?post=5245"},{"taxonomy":"post_tag","embeddable":true,"href":"https:\/\/econostrum.info\/suisse\/wp-json\/wp\/v2\/tags?post=5245"}],"curies":[{"name":"wp","href":"https:\/\/api.w.org\/{rel}","templated":true}]}}