{"id":4953,"date":"2024-11-16T10:42:20","date_gmt":"2024-11-16T09:42:20","guid":{"rendered":"https:\/\/econostrum.info\/suisse\/?p=4953"},"modified":"2024-11-15T17:45:29","modified_gmt":"2024-11-15T16:45:29","slug":"black-friday-suisse-evenement-pas-manquer","status":"publish","type":"post","link":"https:\/\/econostrum.info\/suisse\/black-friday-suisse-evenement-pas-manquer\/","title":{"rendered":"Black Friday en Suisse : tout ce qu\u2019il faut savoir sur cet \u00e9v\u00e9nement"},"content":{"rendered":"<p>Le <strong>Black Friday<\/strong>, \u00e9v\u00e9nement phare du commerce mondial, revient le vendredi 29 novembre 2024. D&rsquo;origine am\u00e9ricaine, cet \u00e9v\u00e9nement commercial est devenu un incontournable pour les consommateurs suisses, attir\u00e9s par des promotions spectaculaires. Une occasion r\u00eav\u00e9e pour les acheteurs, mais aussi une date strat\u00e9gique pour les entreprises.<\/p>\n<p>Le Black Friday, bien qu&rsquo;il ait commenc\u00e9 aux \u00c9tats-Unis, est d\u00e9sormais un rendez-vous mondial. <strong>En Suisse<\/strong>, il conna\u00eet un engouement grandissant <strong>depuis son arriv\u00e9e en 2014<\/strong>. Cette journ\u00e9e de soldes exceptionnelles est d\u00e9sormais un \u00e9v\u00e9nement cl\u00e9 dans le calendrier commercial des grandes enseignes locales.<\/p>\n<h2>Le Black Friday : Qu&rsquo;est-ce que c&rsquo;est exactement ?<\/h2>\n<p>Le Black Friday, ou \u00ab Vendredi noir \u00bb en fran\u00e7ais, d\u00e9signe la <strong>journ\u00e9e de promotions exceptionnelles<\/strong> qui se d\u00e9roule chaque quatri\u00e8me vendredi du mois de novembre, juste <strong>apr\u00e8s le Thanksgiving am\u00e9ricain<\/strong>.<\/p>\n<p>L&rsquo;origine du terme remonte \u00e0 1929, apr\u00e8s le krach boursier ayant pr\u00e9cipit\u00e9 la Grande D\u00e9pression. \u00c0 l&rsquo;\u00e9poque, les commer\u00e7ants ont mis en place d&rsquo;\u00e9normes r\u00e9ductions pour<strong> attirer les consommateurs en pleine crise financi\u00e8re<\/strong>. Cette strat\u00e9gie a eu un tel succ\u00e8s qu&rsquo;elle a marqu\u00e9 l&rsquo;histoire commerciale des \u00c9tats-Unis. Le terme \u00ab Black Friday \u00bb viendrait ainsi de la description d&rsquo;<strong>une journ\u00e9e o\u00f9 les magasins \u00e9taient \u00ab noirs \u00bb de clients<\/strong>, ou encore pour <strong>symboliser le passage des comptes d&rsquo;un d\u00e9ficit (en rouge) \u00e0 un exc\u00e9dent (en noir)<\/strong>.<\/p>\n<h2>Le Black Friday en Suisse : une mode qui s&rsquo;installe<\/h2>\n<p><strong>Introduit en Suisse en 2014 par Manor<\/strong>, le Black Friday a rapidement trouv\u00e9 sa place parmi les traditions commerciales locales. En seulement quelques ann\u00e9es, cet \u00e9v\u00e9nement a pris de l&rsquo;ampleur. <strong>En 2016<\/strong>, d&rsquo;autres grandes enseignes telles que <strong><a href=\"https:\/\/econostrum.info\/suisse\/coop-migros-prix-suisse-aldi-lidl\/\">Coop et Migros<\/a><\/strong> ont lanc\u00e9 leurs propres promotions, et aujourd&rsquo;hui, il est rare de trouver un grand magasin ou une plateforme en ligne qui ne participe pas \u00e0 cette journ\u00e9e de soldes massives.<\/p>\n<p><strong>Les consommateurs suisses s<\/strong>e montrent chaque ann\u00e9e plus nombreux \u00e0 participer \u00e0 l&rsquo;\u00e9v\u00e9nement. En 2024, les grandes marques comme<strong> Apple<\/strong>, <strong>Zalando<\/strong>, <strong>H&amp;M<\/strong>, et <strong>Zara<\/strong>, mais aussi des <strong>enseignes locales comme Manor<\/strong>, vont offrir des promotions all\u00e9chantes pour attirer les foules.<\/p>\n<h2>Pourquoi un tel succ\u00e8s ?<\/h2>\n<p>Le succ\u00e8s du Black Friday r\u00e9side dans l&rsquo;incroyable potentiel de promotions qu&rsquo;il g\u00e9n\u00e8re. Pour les consommateurs, c&rsquo;est <strong>l&rsquo;occasion r\u00eav\u00e9e de r\u00e9aliser des \u00e9conomies substantielles<\/strong> sur des produits de grande consommation, des v\u00eatements aux appareils \u00e9lectroniques. <strong>Les soldes<\/strong>, parfois tr\u00e8s agressives, poussent m\u00eame certains \u00e0 faire leurs achats bien en avance, anticipant les offres qui seront lanc\u00e9es \u00e0 l&rsquo;aube.<\/p>\n<p>Mais au-del\u00e0 de l&rsquo;aspect \u00e9conomique, c&rsquo;est aussi un \u00e9v\u00e9nement symbolique, marquant la fin d&rsquo;une ann\u00e9e commerciale et donnant souvent le coup d&rsquo;envoi des achats de No\u00ebl. Pour les commer\u00e7ants, c&rsquo;est une <strong>opportunit\u00e9 de redynamiser les ventes<\/strong> \u00e0 un moment strat\u00e9gique de l&rsquo;ann\u00e9e.<\/p>\n<p>Toutefois, malgr\u00e9 son succ\u00e8s aupr\u00e8s des grandes enseignes, le Black Friday n&rsquo;est pas sans controverses. En Suisse, une partie des petits commer\u00e7ants estiment que <strong>ces soldes g\u00e9antes nuisent \u00e0 leur activit\u00e9<\/strong>. En 2020, un sondage men\u00e9 par la Soci\u00e9t\u00e9 coop\u00e9rative des commer\u00e7ants lausannois (SCCL) a r\u00e9v\u00e9l\u00e9 que<strong> 75 % des petits commer\u00e7ants rejetaient l&rsquo;\u00e9v\u00e9nement<\/strong>, soulignant que ces promotions <strong>r\u00e9duisaient leur chiffre d&rsquo;affaires annuel<\/strong>. En effet, les grandes surfaces et les plateformes en ligne profitent de l&rsquo;\u00e9v\u00e9nement, tandis que les petits d\u00e9taillants peinent \u00e0 suivre cette dynamique commerciale impos\u00e9e par les grandes enseignes.<\/p>\n","protected":false},"excerpt":{"rendered":"<p>Le <strong>Black Friday<\/strong>, \u00e9v\u00e9nement commercial majeur, revient le<strong> 29 novembre 2024 en Suisse<\/strong>, offrant des promotions exceptionnelles sur une large gamme de produits.<\/p>\n","protected":false},"author":37,"featured_media":4959,"comment_status":"open","ping_status":"closed","sticky":false,"template":"","format":"standard","meta":{"footnotes":""},"categories":[25],"tags":[],"class_list":["post-4953","post","type-post","status-publish","format-standard","has-post-thumbnail","hentry","category-conso","generate-columns","tablet-grid-50","mobile-grid-100","grid-parent","grid-33","no-featured-image-padding"],"_links":{"self":[{"href":"https:\/\/econostrum.info\/suisse\/wp-json\/wp\/v2\/posts\/4953","targetHints":{"allow":["GET"]}}],"collection":[{"href":"https:\/\/econostrum.info\/suisse\/wp-json\/wp\/v2\/posts"}],"about":[{"href":"https:\/\/econostrum.info\/suisse\/wp-json\/wp\/v2\/types\/post"}],"author":[{"embeddable":true,"href":"https:\/\/econostrum.info\/suisse\/wp-json\/wp\/v2\/users\/37"}],"replies":[{"embeddable":true,"href":"https:\/\/econostrum.info\/suisse\/wp-json\/wp\/v2\/comments?post=4953"}],"version-history":[{"count":0,"href":"https:\/\/econostrum.info\/suisse\/wp-json\/wp\/v2\/posts\/4953\/revisions"}],"wp:featuredmedia":[{"embeddable":true,"href":"https:\/\/econostrum.info\/suisse\/wp-json\/wp\/v2\/media\/4959"}],"wp:attachment":[{"href":"https:\/\/econostrum.info\/suisse\/wp-json\/wp\/v2\/media?parent=4953"}],"wp:term":[{"taxonomy":"category","embeddable":true,"href":"https:\/\/econostrum.info\/suisse\/wp-json\/wp\/v2\/categories?post=4953"},{"taxonomy":"post_tag","embeddable":true,"href":"https:\/\/econostrum.info\/suisse\/wp-json\/wp\/v2\/tags?post=4953"}],"curies":[{"name":"wp","href":"https:\/\/api.w.org\/{rel}","templated":true}]}}