{"id":4449,"date":"2024-10-14T17:23:11","date_gmt":"2024-10-14T15:23:11","guid":{"rendered":"https:\/\/econostrum.info\/suisse\/?p=4449"},"modified":"2024-10-14T17:23:11","modified_gmt":"2024-10-14T15:23:11","slug":"salt-engagement-suisse","status":"publish","type":"post","link":"https:\/\/econostrum.info\/suisse\/salt-engagement-suisse\/","title":{"rendered":"Salt r\u00e9affirme son engagement \u00e0 long terme en Suisse"},"content":{"rendered":"<p>Depuis son acquisition <strong>en 2014\u00a0 \u00e0 Apax pour 2,8 milliards de francs suisses<\/strong>, Salt s&rsquo;impose comme le troisi\u00e8me op\u00e9rateur mobile du pays, comptant<strong> 1,76 million de clients<\/strong>. Face \u00e0 la concurrence, l&rsquo;entreprise continue de cro\u00eetre, notamment au premier semestre 2024.<\/p>\n<p>Le milliardaire fran\u00e7ais, qui dirige Salt via NJJ Capital, voit dans les t\u00e9l\u00e9communications <strong>un secteur d&rsquo;investissement permanent<\/strong>. Malgr\u00e9 les particularit\u00e9s du march\u00e9 suisse, l&rsquo;op\u00e9rateur poursuit son expansion, tirant parti d&rsquo;un <strong>positionnement unique en tant que \u00ab challenger \u00bb<\/strong> face \u00e0 des marques locales fortement enracin\u00e9es dans l&rsquo;esprit des consommateurs.<\/p>\n<h2>Une strat\u00e9gie d&rsquo;acquisition durable<\/h2>\n<p>Lors d&rsquo;une interview avec la<em> NZZ am Sonntag<\/em>, Xavier Niel a soulign\u00e9 son approche \u00e0 long terme pour Salt. \u00ab<strong><em> J&rsquo;ach\u00e8te des entreprises pour les garder<\/em><\/strong> \u00bb, a-t-il d\u00e9clar\u00e9, r\u00e9affirmant son engagement durable en tant qu&rsquo;acteur du <a href=\"https:\/\/econostrum.info\/suisse\/telecommunications-suisses-difficulte\/\">secteur des t\u00e9l\u00e9communications<\/a>. Pour lui, l&rsquo;\u00e9volution technologique ne diminue pas l&rsquo;importance des fournisseurs de r\u00e9seaux, car ils resteront n\u00e9cessaires quelles que soient les innovations \u00e0 venir.<\/p>\n<p>Cette conviction se traduit par la stabilit\u00e9 de Salt sur le march\u00e9 suisse, o\u00f9 la soci\u00e9t\u00e9 continue de se d\u00e9velopper malgr\u00e9 la concurrence des grandes marques locales. <strong>Salt se positionne comme un \u00ab challenger \u00bb<\/strong>, profitant de sa flexibilit\u00e9 et de sa capacit\u00e9 d&rsquo;adaptation.<\/p>\n<h2>Le march\u00e9 suisse, un d\u00e9fi particulier<\/h2>\n<p>Le march\u00e9 suisse pr\u00e9sente des caract\u00e9ristiques uniques, comme l&rsquo;a expliqu\u00e9 Xavier Niel. Les consommateurs suisses se montrent <strong>moins sensibles aux prix<\/strong> et privil\u00e9gient souvent les entreprises qui affichent <strong>une identit\u00e9 nationale forte<\/strong>. \u00ab <em>Les Suisses aiment leur pays<\/em> \u00bb, a-t-il soulign\u00e9, rappelant que toute entreprise incluant<strong> le terme \u00ab <em>Swiss<\/em> \u00bb<\/strong> b\u00e9n\u00e9ficie d&rsquo;un avantage imm\u00e9diat sur le march\u00e9.<\/p>\n<p>Niel a m\u00eame \u00e9voqu\u00e9 la possibilit\u00e9 de<strong> renforcer l&rsquo;ancrage de Salt dans l&rsquo;imaginaire local<\/strong> en adoptant un nom davantage li\u00e9 \u00e0 la Suisse. Bien que ce projet ne soit pas encore concret, il illustre la volont\u00e9 de l&rsquo;op\u00e9rateur de s&rsquo;int\u00e9grer pleinement au <strong>paysage \u00e9conomique helv\u00e9tique<\/strong>.<\/p>\n","protected":false},"excerpt":{"rendered":"<p><strong>Xavier Niel<\/strong>, propri\u00e9taire de l&rsquo;<strong>op\u00e9rateur de t\u00e9l\u00e9communications Salt<\/strong>, a confirm\u00e9 son intention de maintenir durablement sa pr\u00e9sence en Suisse.<\/p>\n","protected":false},"author":37,"featured_media":4456,"comment_status":"open","ping_status":"closed","sticky":false,"template":"","format":"standard","meta":{"footnotes":""},"categories":[1],"tags":[],"class_list":["post-4449","post","type-post","status-publish","format-standard","has-post-thumbnail","hentry","category-economie","generate-columns","tablet-grid-50","mobile-grid-100","grid-parent","grid-33","no-featured-image-padding"],"_links":{"self":[{"href":"https:\/\/econostrum.info\/suisse\/wp-json\/wp\/v2\/posts\/4449","targetHints":{"allow":["GET"]}}],"collection":[{"href":"https:\/\/econostrum.info\/suisse\/wp-json\/wp\/v2\/posts"}],"about":[{"href":"https:\/\/econostrum.info\/suisse\/wp-json\/wp\/v2\/types\/post"}],"author":[{"embeddable":true,"href":"https:\/\/econostrum.info\/suisse\/wp-json\/wp\/v2\/users\/37"}],"replies":[{"embeddable":true,"href":"https:\/\/econostrum.info\/suisse\/wp-json\/wp\/v2\/comments?post=4449"}],"version-history":[{"count":0,"href":"https:\/\/econostrum.info\/suisse\/wp-json\/wp\/v2\/posts\/4449\/revisions"}],"wp:featuredmedia":[{"embeddable":true,"href":"https:\/\/econostrum.info\/suisse\/wp-json\/wp\/v2\/media\/4456"}],"wp:attachment":[{"href":"https:\/\/econostrum.info\/suisse\/wp-json\/wp\/v2\/media?parent=4449"}],"wp:term":[{"taxonomy":"category","embeddable":true,"href":"https:\/\/econostrum.info\/suisse\/wp-json\/wp\/v2\/categories?post=4449"},{"taxonomy":"post_tag","embeddable":true,"href":"https:\/\/econostrum.info\/suisse\/wp-json\/wp\/v2\/tags?post=4449"}],"curies":[{"name":"wp","href":"https:\/\/api.w.org\/{rel}","templated":true}]}}