{"id":4018,"date":"2024-09-24T11:25:15","date_gmt":"2024-09-24T09:25:15","guid":{"rendered":"https:\/\/econostrum.info\/suisse\/?p=4018"},"modified":"2024-09-24T13:12:13","modified_gmt":"2024-09-24T11:12:13","slug":"suisses-reformes-biodiversite-retraites","status":"publish","type":"post","link":"https:\/\/econostrum.info\/suisse\/suisses-reformes-biodiversite-retraites\/","title":{"rendered":"Les Suisses rejettent massivement les r\u00e9formes sur la biodiversit\u00e9 et les retraites"},"content":{"rendered":"<p><strong>Le 22 septembre 2024<\/strong>, les Suisses ont massivement rejet\u00e9 deux r\u00e9formes majeures. Ces deux votes, bien qu&rsquo;anticip\u00e9s par les sondages, confirment une opposition marqu\u00e9e \u00e0 des changements jug\u00e9s trop radicaux par une majorit\u00e9 des \u00e9lecteurs.<\/p>\n<p>En effet, la r\u00e9forme de la <strong>biodiversit\u00e9<\/strong>, soutenue par des organisations environnementales, et<strong> la r\u00e9forme des retraites<\/strong>, promue par le gouvernement, ont chacune \u00e9t\u00e9 rejet\u00e9es par une majorit\u00e9 \u00e9crasante d&rsquo;\u00e9lecteurs suisses. Ces deux initiatives faisaient l&rsquo;objet d&rsquo;une attention particuli\u00e8re, compte tenu de leurs implications pour l&rsquo;avenir environnemental et social du pays.<\/p>\n<h2>Un \u00ab non \u00bb cat\u00e9gorique pour la r\u00e9forme des retraites<\/h2>\n<p><strong>La r\u00e9forme du financement des retraites<\/strong>, l&rsquo;un des sujets phare du r\u00e9f\u00e9rendum tenu le dimanche, a subi un revers cuisant. Voulue par le gouvernement pour r\u00e9pondre aux difficult\u00e9s croissantes du syst\u00e8me de pr\u00e9voyance, elle n&rsquo;a convaincu que<strong> 31 % des \u00e9lecteurs<\/strong>. En Suisse,<a href=\"https:\/\/econostrum.info\/suisse\/suisse-pensions-de-retraite-declin-20-ans\/\" target=\"_blank\" rel=\"noopener\"> le syst\u00e8me de retraite<\/a> repose sur trois piliers, \u00e0 savoir, la pr\u00e9voyance \u00e9tatique, professionnelle et priv\u00e9e, seuls les deux premiers \u00e9tant obligatoires.<\/p>\n<p>Le gouvernement s&rsquo;inqui\u00e8te de la pression exerc\u00e9e sur le deuxi\u00e8me pilier, financ\u00e9 par<strong> les cotisations des entreprises<\/strong>, en raison des faibles rendements des march\u00e9s financiers et de l&rsquo;allongement de l&rsquo;esp\u00e9rance de vie. Toutefois, les syndicats et la gauche se sont fermement oppos\u00e9s \u00e0 cette r\u00e9forme, qu&rsquo;ils consid\u00e8rent comme une trahison envers les travailleurs. Avec<strong> 67 % des \u00e9lecteurs rejetant cette proposition<\/strong>, les syndicats ont remport\u00e9 une victoire d\u00e9cisive.<\/p>\n<h2>Une initiative biodiversit\u00e9 largement rejet\u00e9e<\/h2>\n<p>Port\u00e9e par des organisations environnementales de premier plan comme Pro Natura, BirdLife et Patrimoine Suisse, l&rsquo;initiative biodiversit\u00e9 avait pour objectif d&rsquo;augmenter les efforts de protection de la nature et des paysages, m\u00eame en dehors des zones actuellement prot\u00e9g\u00e9es. Ce projet, ambitieux, r\u00e9clamait plus de moyens pour pr\u00e9server la biodiversit\u00e9 dans un pays o\u00f9 13,4 % du territoire est d\u00e9di\u00e9 \u00e0 cette cause, selon <a href=\"https:\/\/www.bafu.admin.ch\/bafu\/fr\/home.html\" target=\"_blank\" rel=\"noopener\">l&rsquo;Office f\u00e9d\u00e9ral de l&rsquo;environnement (OFEV).<\/a><\/p>\n<p>Cependant, malgr\u00e9 le soutien des \u00e9cologistes,<strong> le texte a \u00e9t\u00e9 rejet\u00e9 par pr\u00e8s de 66 % des votants<\/strong>, selon les premi\u00e8res projections. Le Conseil f\u00e9d\u00e9ral et de nombreux acteurs \u00e9conomiques, notamment les agriculteurs, ont jug\u00e9 que l&rsquo;initiative allait trop loin. Selon eux, elle aurait impos\u00e9 des contraintes trop lourdes pour l&rsquo;agriculture, d\u00e9j\u00e0 soumise \u00e0 de nombreuses r\u00e9gulations.<\/p>\n<p>Ce rejet est d&rsquo;autant plus significatif que la Suisse affiche l&rsquo;un des taux les plus \u00e9lev\u00e9s d&rsquo;esp\u00e8ces menac\u00e9es parmi les pays de l&rsquo;OCDE. Un rapport de l&rsquo;Agence europ\u00e9enne pour l&rsquo;environnement, publi\u00e9 en 2020, r\u00e9v\u00e9lait que la Suisse avait le plus faible pourcentage de zones prot\u00e9g\u00e9es par rapport \u00e0 son territoire national parmi les pays europ\u00e9ens. Pourtant, en 2022, lors de la COP15 \u00e0 Montr\u00e9al, les pays s&rsquo;\u00e9taient engag\u00e9s \u00e0<strong> prot\u00e9ger 30 % des terres et mers mondiales d&rsquo;ici 2030<\/strong>. La Suisse semble encore loin de cet objectif.<\/p>\n","protected":false},"excerpt":{"rendered":"<p><strong>Les Suisses<\/strong> ont clairement exprim\u00e9 leur opposition \u00e0 deux r\u00e9formes cl\u00e9s lors du <strong>r\u00e9f\u00e9rendum du 22 septembre 2024<\/strong>.<\/p>\n","protected":false},"author":37,"featured_media":2998,"comment_status":"open","ping_status":"closed","sticky":false,"template":"","format":"standard","meta":{"footnotes":""},"categories":[1],"tags":[],"class_list":["post-4018","post","type-post","status-publish","format-standard","has-post-thumbnail","hentry","category-economie","generate-columns","tablet-grid-50","mobile-grid-100","grid-parent","grid-33","no-featured-image-padding"],"_links":{"self":[{"href":"https:\/\/econostrum.info\/suisse\/wp-json\/wp\/v2\/posts\/4018","targetHints":{"allow":["GET"]}}],"collection":[{"href":"https:\/\/econostrum.info\/suisse\/wp-json\/wp\/v2\/posts"}],"about":[{"href":"https:\/\/econostrum.info\/suisse\/wp-json\/wp\/v2\/types\/post"}],"author":[{"embeddable":true,"href":"https:\/\/econostrum.info\/suisse\/wp-json\/wp\/v2\/users\/37"}],"replies":[{"embeddable":true,"href":"https:\/\/econostrum.info\/suisse\/wp-json\/wp\/v2\/comments?post=4018"}],"version-history":[{"count":0,"href":"https:\/\/econostrum.info\/suisse\/wp-json\/wp\/v2\/posts\/4018\/revisions"}],"wp:featuredmedia":[{"embeddable":true,"href":"https:\/\/econostrum.info\/suisse\/wp-json\/wp\/v2\/media\/2998"}],"wp:attachment":[{"href":"https:\/\/econostrum.info\/suisse\/wp-json\/wp\/v2\/media?parent=4018"}],"wp:term":[{"taxonomy":"category","embeddable":true,"href":"https:\/\/econostrum.info\/suisse\/wp-json\/wp\/v2\/categories?post=4018"},{"taxonomy":"post_tag","embeddable":true,"href":"https:\/\/econostrum.info\/suisse\/wp-json\/wp\/v2\/tags?post=4018"}],"curies":[{"name":"wp","href":"https:\/\/api.w.org\/{rel}","templated":true}]}}