{"id":3679,"date":"2024-09-13T10:45:47","date_gmt":"2024-09-13T08:45:47","guid":{"rendered":"https:\/\/econostrum.info\/suisse\/?p=3679"},"modified":"2024-09-13T15:11:43","modified_gmt":"2024-09-13T13:11:43","slug":"geneve-deficit-budget-2025","status":"publish","type":"post","link":"https:\/\/econostrum.info\/suisse\/geneve-deficit-budget-2025\/","title":{"rendered":"Gen\u00e8ve : Un d\u00e9ficit de 63,4 millions de francs attendu pour le budget 2025"},"content":{"rendered":"<p><strong>Le projet de budget 2025 de la Ville de Gen\u00e8ve<\/strong> fait \u00e9tat d&rsquo;un d\u00e9ficit inqui\u00e9tant de <strong>63,4 millions de francs<\/strong>. Un chiffre largement influenc\u00e9 par les baisses fiscales qui seront soumises \u00e0 votation en septembre et novembre prochains. Ces ajustements fiscaux, s&rsquo;ils sont approuv\u00e9s, pourraient causer <strong>une perte de 54,5 millions de francs<\/strong> pour les finances de la ville.<\/p>\n<p>Malgr\u00e9 ce contexte d\u00e9favorable,<strong> le Conseil administratif<\/strong> souhaite maintenir ses engagements face aux d\u00e9fis sociaux et environnementaux en<strong> investissant pr\u00e8s de 1,393 milliard de francs<\/strong> tout en cr\u00e9ant de nouveaux postes. Toutefois, ce choix suscite des r\u00e9actions divergentes au sein des diff\u00e9rentes forces politiques locales.<\/p>\n<h2>Les baisses fiscales : une \u00e9p\u00e9e de Damocl\u00e8s<\/h2>\n<p><strong>Le d\u00e9ficit de 63,4 millions de francs annonc\u00e9 pour 2025<\/strong> d\u00e9coule principalement des baisses fiscales qui visent \u00e0 all\u00e9ger la charge des entreprises et des personnes physiques. Ces r\u00e9ductions, \u00e9valu\u00e9es \u00e0<strong> 54,5 millions de francs<\/strong>, pourraient entrer en vigueur si elles sont valid\u00e9es lors des votations \u00e0 venir. Alfonso Gomez, en charge des Finances \u00e0 Gen\u00e8ve, a soulign\u00e9 que sans ces baisses, le d\u00e9ficit serait contenu \u00e0 <strong>9 millions de francs<\/strong>, ce qui permettrait de respecter les objectifs de retour \u00e0 l&rsquo;\u00e9quilibre fix\u00e9s apr\u00e8s l&rsquo;entr\u00e9e en vigueur de <strong>la r\u00e9forme fiscale des entreprises (RFFA)<\/strong>.<\/p>\n<p>L&rsquo;ex\u00e9cutif genevois reste oppos\u00e9 \u00e0 ces diminutions fiscales, estimant qu&rsquo;elles mettraient en p\u00e9ril la stabilit\u00e9 financi\u00e8re des municipalit\u00e9s. Toutefois, malgr\u00e9 cette pr\u00e9vision pessimiste,<strong> la Ville de Gen\u00e8ve<\/strong> maintient ses projets et priorit\u00e9s pour r\u00e9pondre aux besoins croissants de la population.<\/p>\n<h2>Un budget ambitieux face aux besoins sociaux et environnementaux<\/h2>\n<p>En d\u00e9pit de cette baisse pr\u00e9vue des recettes fiscales,<a href=\"https:\/\/econostrum.info\/suisse\/date-inscription-allocation-de-rentree-scolaire\/\" target=\"_blank\" rel=\"noopener\"> la Ville de Gen\u00e8ve<\/a> maintient ses ambitions pour 2025 avec <strong>des d\u00e9penses pr\u00e9vues \u00e0 hauteur de 1,393 milliard de francs<\/strong>, soit une augmentation de 37 millions par rapport \u00e0 l&rsquo;ann\u00e9e pr\u00e9c\u00e9dente. Ce budget refl\u00e8te la volont\u00e9 de l&rsquo;ex\u00e9cutif de r\u00e9pondre aux besoins sociaux et environnementaux, en particulier dans les secteurs de la petite enfance et de l&rsquo;am\u00e9nagement urbain.<\/p>\n<p>La ville pr\u00e9voit ainsi<strong> la cr\u00e9ation de 108,7 nouveaux postes<\/strong>, dont une cinquantaine dans les services de la petite enfance. Alfonso Gomez a justifi\u00e9 cette augmentation par la croissance continue de la population et des besoins sociaux. Par ailleurs, les investissements restent \u00e9lev\u00e9s, avec <strong>une enveloppe de 180 millions de francs<\/strong>, dont une part sera consacr\u00e9e \u00e0 la r\u00e9novation des logements et \u00e0 des projets structurants comme l&rsquo;am\u00e9nagement des abords de la gare Cornavin et la mise en place du r\u00e9seau \u00e9nerg\u00e9tique Genilac.<\/p>\n<h2>Des r\u00e9actions politiques mitig\u00e9es<\/h2>\n<p>Le projet de budget n&rsquo;a pas manqu\u00e9 de susciter des r\u00e9actions politiques divergentes. <strong>\u00c0 droite<\/strong>, plusieurs voix se sont \u00e9lev\u00e9es contre ce qu&rsquo;elles qualifient de<strong> budget \u00ab irresponsable \u00bb<\/strong>. Maxime Provini, chef de groupe du Parti lib\u00e9ral-radical (PLR), critique l&rsquo;absence d&rsquo;ajustements dans les d\u00e9penses malgr\u00e9 la baisse des revenus. Vincent Schaller, de<strong> l&rsquo;Union d\u00e9mocratique du centre (UDC)<\/strong>, partage cette opinion en d\u00e9plorant la cr\u00e9ation de nouveaux postes alors que les recettes diminuent.<\/p>\n<p><strong>\u00c0 gauche<\/strong>, le ton est tout autre. Timoth\u00e9e Fontolliet, membre du Parti socialiste, salue <strong>un budget qui fait preuve de responsabilit\u00e9<\/strong> en r\u00e9ponse aux urgences sociales et climatiques, malgr\u00e9 les contraintes fiscales. <strong>Les Verts<\/strong>, par la voix de Valentin Dujoux, se f\u00e9licitent que la Ville maintienne ses engagements, notamment en mati\u00e8re de lien social et d&rsquo;actions pour le climat.<\/p>\n<h2>Une marge de man\u0153uvre r\u00e9duite pour l&rsquo;avenir<\/h2>\n<p>Si le budget 2025 de la Ville de Gen\u00e8ve refl\u00e8te une ambition claire de r\u00e9pondre aux besoins de la population, il reste soumis \u00e0 de fortes incertitudes. <strong>La dette de la ville<\/strong>, estim\u00e9e \u00e0<strong> 1,786 milliard de francs<\/strong>, pourrait encore s&rsquo;alourdir si les baisses fiscales sont adopt\u00e9es. Cependant, comme pour les exercices pr\u00e9c\u00e9dents, la ville pourrait b\u00e9n\u00e9ficier d&rsquo;une manne fiscale impr\u00e9vue, comme cela a \u00e9t\u00e9 le cas en 2023 avec <strong>un exc\u00e9dent de pr\u00e8s de 200 millions de francs<\/strong>.<\/p>\n<p>Pour Alfonso Gomez, l&rsquo;espoir d&rsquo;un tel retournement ne peut constituer une strat\u00e9gie budg\u00e9taire fiable. Le maintien de l&rsquo;\u00e9quilibre budg\u00e9taire \u00e0 long terme d\u00e9pendra donc en grande partie des r\u00e9sultats des votations \u00e0 venir et des choix fiscaux qui seront op\u00e9r\u00e9s au niveau cantonal.<\/p>\n","protected":false},"excerpt":{"rendered":"<p>Le projet de budget 2025 de la Ville de Gen\u00e8ve fait \u00e9tat d&rsquo;un d\u00e9ficit inqui\u00e9tant de 63,4 millions de francs. Un chiffre largement influenc\u00e9 par les baisses fiscales qui seront &#8230; <a title=\"Gen\u00e8ve : Un d\u00e9ficit de 63,4 millions de francs attendu pour le budget 2025\" class=\"read-more\" href=\"https:\/\/econostrum.info\/suisse\/geneve-deficit-budget-2025\/\" aria-label=\"En savoir plus sur Gen\u00e8ve : Un d\u00e9ficit de 63,4 millions de francs attendu pour le budget 2025\"> <\/a><\/p>\n","protected":false},"author":37,"featured_media":3419,"comment_status":"open","ping_status":"closed","sticky":false,"template":"","format":"standard","meta":{"footnotes":""},"categories":[1],"tags":[],"class_list":["post-3679","post","type-post","status-publish","format-standard","has-post-thumbnail","hentry","category-economie","generate-columns","tablet-grid-50","mobile-grid-100","grid-parent","grid-33","no-featured-image-padding"],"_links":{"self":[{"href":"https:\/\/econostrum.info\/suisse\/wp-json\/wp\/v2\/posts\/3679","targetHints":{"allow":["GET"]}}],"collection":[{"href":"https:\/\/econostrum.info\/suisse\/wp-json\/wp\/v2\/posts"}],"about":[{"href":"https:\/\/econostrum.info\/suisse\/wp-json\/wp\/v2\/types\/post"}],"author":[{"embeddable":true,"href":"https:\/\/econostrum.info\/suisse\/wp-json\/wp\/v2\/users\/37"}],"replies":[{"embeddable":true,"href":"https:\/\/econostrum.info\/suisse\/wp-json\/wp\/v2\/comments?post=3679"}],"version-history":[{"count":0,"href":"https:\/\/econostrum.info\/suisse\/wp-json\/wp\/v2\/posts\/3679\/revisions"}],"wp:featuredmedia":[{"embeddable":true,"href":"https:\/\/econostrum.info\/suisse\/wp-json\/wp\/v2\/media\/3419"}],"wp:attachment":[{"href":"https:\/\/econostrum.info\/suisse\/wp-json\/wp\/v2\/media?parent=3679"}],"wp:term":[{"taxonomy":"category","embeddable":true,"href":"https:\/\/econostrum.info\/suisse\/wp-json\/wp\/v2\/categories?post=3679"},{"taxonomy":"post_tag","embeddable":true,"href":"https:\/\/econostrum.info\/suisse\/wp-json\/wp\/v2\/tags?post=3679"}],"curies":[{"name":"wp","href":"https:\/\/api.w.org\/{rel}","templated":true}]}}