{"id":3562,"date":"2024-09-02T17:18:08","date_gmt":"2024-09-02T15:18:08","guid":{"rendered":"https:\/\/econostrum.info\/suisse\/?p=3562"},"modified":"2024-09-02T17:18:08","modified_gmt":"2024-09-02T15:18:08","slug":"aldi-suisse-prix-baisser-septembre","status":"publish","type":"post","link":"https:\/\/econostrum.info\/suisse\/aldi-suisse-prix-baisser-septembre\/","title":{"rendered":"L\u2019initiative d&rsquo;Aldi Suisse qui va soulager votre portefeuille : le prix de ce produit va baisser en septembre"},"content":{"rendered":"<p><strong>Aldi Suisse<\/strong> frappe fort en annon\u00e7ant une r\u00e9duction significative <strong>du prix de sa viande fra\u00eeche<\/strong>. Dans un march\u00e9 o\u00f9 la consommation de viande est en d\u00e9clin et o\u00f9 les consommateurs sont de plus en plus attentifs aux prix, cette d\u00e9cision marque le d\u00e9but d&rsquo;une bataille entre les grandes enseignes de distribution.<\/p>\n<p>En baissant ses tarifs, Aldi esp\u00e8re non seulement attirer une client\u00e8le plus <strong>soucieuse des prix<\/strong>, mais aussi capitaliser sur la qualit\u00e9 en augmentant l&rsquo;offre de produits certifi\u00e9s IP-Suisse et bio. Cette strat\u00e9gie vise \u00e0 fid\u00e9liser des clients pr\u00e9cieux, tout en r\u00e9affirmant sa position face \u00e0 des concurrents comme<strong> Lidl et Denner.<\/strong><\/p>\n<h2>Une r\u00e9duction de prix qui frappe fort<\/h2>\n<p><strong>Aldi Suisse<\/strong> marque le coup avec une r<strong>emise allant jusqu&rsquo;\u00e0 36 % sur le prix de sa viande fra\u00eeche<\/strong> non transform\u00e9e d\u00e8s ce d\u00e9but de septembre. Les consommateurs pourront ainsi constater des baisses notables, comme celle de la viande de b\u0153uf hach\u00e9e (500 g), qui passe de <strong>7,95 francs \u00e0 5,99 francs.<\/strong> De m\u00eame, le prix d&rsquo;un kilo de cuisse de poulet nature chute de<strong> 8,49 francs \u00e0 5,49 francs<\/strong>, tandis que le filet de porc voit son prix diminuer de <strong>3,99 francs \u00e0 2,99 francs les 100 g.<\/strong><\/p>\n<p>Ces r\u00e9ductions de prix ne sont pas anodines. Elles interviennent dans un contexte o\u00f9 la <strong>consommation de viande par habitant en Suisse<\/strong> est tomb\u00e9e sous la barre des 50 kilos par an, une premi\u00e8re depuis plusieurs ann\u00e9es. Cette baisse s&rsquo;explique par une sensibilisation croissante aux impacts environnementaux de la consommation de viande.<\/p>\n<h2>Une strat\u00e9gie commerciale offensive sur le march\u00e9 suisse<\/h2>\n<p>Cette initiative <strong>d&rsquo;Aldi<\/strong> n&rsquo;est pas simplement une r\u00e9ponse \u00e0 la baisse de la consommation de viande, mais aussi une tactique pour capturer un segment de <strong>march\u00e9 sensible aux prix<\/strong>. En effet, Aldi ne se contente pas de baisser les prix, elle garantit \u00e9galement que les fournisseurs recevront la m\u00eame r\u00e9mun\u00e9ration qu&rsquo;auparavant, absorbant ainsi elle-m\u00eame la r\u00e9duction des marges. Cela montre une volont\u00e9 claire de s&rsquo;imposer comme le leader du march\u00e9 sur la viande fra\u00eeche.<\/p>\n<p>Cette \u00ab campagne de grande envergure \u00bb, comme la qualifie l&rsquo;enseigne, s&rsquo;accompagne aussi d&rsquo;une offensive sur la qualit\u00e9, avec un engagement renforc\u00e9 envers la viande certifi\u00e9e IP-Suisse et bio. Actuellement, <strong>Aldi propose sous sa propre marque BIO<\/strong> \u00ab retour aux sources \u00bb de la viande provenant d&rsquo;\u00e9levages sans antibiotiques, renfor\u00e7ant ainsi sa position sur le segment des produits de qualit\u00e9.<\/p>\n<h2>R\u00e9actions attendues des concurrents<\/h2>\n<p>Face \u00e0 cette action, les concurrents n&rsquo;ont pas tard\u00e9 \u00e0 r\u00e9agir. Denner,<strong> filiale de Migros,<\/strong> a d\u00e9j\u00e0 annonc\u00e9 qu&rsquo;elle proposerait ses propres <strong>r\u00e9ductions \u00e0 partir du 9 septembre<\/strong>, bien que les d\u00e9tails restent encore \u00e0 pr\u00e9ciser. De son c\u00f4t\u00e9, Lidl se montre plus discret, n&rsquo;ayant pas encore communiqu\u00e9 sur ses futurs prix.<\/p>\n<p>Par ailleurs, cette guerre des prix d\u00e9clench\u00e9e par Aldi met en lumi\u00e8re l&rsquo;importance strat\u00e9gique de la viande dans l&rsquo;offre des <a href=\"https:\/\/econostrum.info\/suisse\/nutri-score-systeme-toujours-efficace-suisse\/\">supermarch\u00e9s.<\/a> Selon les experts, les acheteurs de viande sont souvent consid\u00e9r\u00e9s comme des clients pr\u00e9cieux, car ils ach\u00e8tent \u00e9galement d&rsquo;autres produits, cr\u00e9ant un panier moyen plus \u00e9lev\u00e9. Ainsi, en attirant ces clients avec des prix plus bas, l&rsquo;enseigne esp\u00e8re non seulement augmenter sa part de march\u00e9, mais aussi <strong>fid\u00e9liser une client\u00e8le essentielle.<\/strong><\/p>\n","protected":false},"excerpt":{"rendered":"<p>Aldi Suisse frappe fort en annon\u00e7ant une r\u00e9duction significative du prix de sa viande fra\u00eeche. Dans un march\u00e9 o\u00f9 la consommation de viande est en d\u00e9clin et o\u00f9 les consommateurs &#8230; <a title=\"L\u2019initiative d&rsquo;Aldi Suisse qui va soulager votre portefeuille : le prix de ce produit va baisser en septembre\" class=\"read-more\" href=\"https:\/\/econostrum.info\/suisse\/aldi-suisse-prix-baisser-septembre\/\" aria-label=\"En savoir plus sur L\u2019initiative d&rsquo;Aldi Suisse qui va soulager votre portefeuille : le prix de ce produit va baisser en septembre\"> <\/a><\/p>\n","protected":false},"author":37,"featured_media":3578,"comment_status":"open","ping_status":"closed","sticky":false,"template":"","format":"standard","meta":{"footnotes":""},"categories":[25],"tags":[],"class_list":["post-3562","post","type-post","status-publish","format-standard","has-post-thumbnail","hentry","category-conso","generate-columns","tablet-grid-50","mobile-grid-100","grid-parent","grid-33","no-featured-image-padding"],"_links":{"self":[{"href":"https:\/\/econostrum.info\/suisse\/wp-json\/wp\/v2\/posts\/3562","targetHints":{"allow":["GET"]}}],"collection":[{"href":"https:\/\/econostrum.info\/suisse\/wp-json\/wp\/v2\/posts"}],"about":[{"href":"https:\/\/econostrum.info\/suisse\/wp-json\/wp\/v2\/types\/post"}],"author":[{"embeddable":true,"href":"https:\/\/econostrum.info\/suisse\/wp-json\/wp\/v2\/users\/37"}],"replies":[{"embeddable":true,"href":"https:\/\/econostrum.info\/suisse\/wp-json\/wp\/v2\/comments?post=3562"}],"version-history":[{"count":0,"href":"https:\/\/econostrum.info\/suisse\/wp-json\/wp\/v2\/posts\/3562\/revisions"}],"wp:featuredmedia":[{"embeddable":true,"href":"https:\/\/econostrum.info\/suisse\/wp-json\/wp\/v2\/media\/3578"}],"wp:attachment":[{"href":"https:\/\/econostrum.info\/suisse\/wp-json\/wp\/v2\/media?parent=3562"}],"wp:term":[{"taxonomy":"category","embeddable":true,"href":"https:\/\/econostrum.info\/suisse\/wp-json\/wp\/v2\/categories?post=3562"},{"taxonomy":"post_tag","embeddable":true,"href":"https:\/\/econostrum.info\/suisse\/wp-json\/wp\/v2\/tags?post=3562"}],"curies":[{"name":"wp","href":"https:\/\/api.w.org\/{rel}","templated":true}]}}