{"id":3372,"date":"2024-08-25T17:00:54","date_gmt":"2024-08-25T15:00:54","guid":{"rendered":"https:\/\/econostrum.info\/suisse\/?p=3372"},"modified":"2024-08-25T17:00:54","modified_gmt":"2024-08-25T15:00:54","slug":"suisse-mesures-penuries-medicaments","status":"publish","type":"post","link":"https:\/\/econostrum.info\/suisse\/suisse-mesures-penuries-medicaments\/","title":{"rendered":"La Suisse annonce des mesures contre les p\u00e9nuries de m\u00e9dicaments"},"content":{"rendered":"<p>En <strong>Suisse<\/strong>, les <strong>p\u00e9nuries de m\u00e9dicaments<\/strong> sont tr\u00e8s fr\u00e9quentes ces derni\u00e8res ann\u00e9es. Ce probl\u00e8me est d\u00fb \u00e0 la d\u00e9localisation vers l&rsquo;Asie, ce qui a contribu\u00e9 \u00e0 l&rsquo;affaiblissement des cha\u00eenes d&rsquo;approvisionnement en m\u00e9dicaments. Pour contrer ce manque, le Conseil f\u00e9d\u00e9ral a annonc\u00e9 qu&rsquo;il allait prendre de nouvelles mesures.<\/p>\n<p>Au mois de d\u00e9cembre 2023, les diff\u00e9rentes plateformes qui recensent les stocks avaient signal\u00e9 que pr\u00e8s de <strong>800 m\u00e9dicaments n&rsquo;\u00e9taient pas disponibles<\/strong>. Une situation qui ne s&rsquo;est pas am\u00e9lior\u00e9e depuis, ce qui a incit\u00e9 le Conseil f\u00e9d\u00e9ral \u00e0 intervenir afin d&rsquo;y rem\u00e9dier.<\/p>\n<h2>Toutes les cat\u00e9gories de m\u00e9dicaments concern\u00e9es<\/h2>\n<p>Le march\u00e9 des m\u00e9dicaments conna\u00eet des turbulences suite \u00e0 la pand\u00e9mie de Covid-19, mais aussi \u00e0 cause de l&rsquo;impact de la guerre en Ukraine.<strong> L&rsquo;approvisionnement des m\u00e9dicaments reste tendu<\/strong> dans de nombreux pays, dont la <strong>Suisse<\/strong>. Ce qui rend la situation d\u00e9licate pour cette derni\u00e8re est le fait qu&rsquo;elle soit \u00e9conomiquement moins attractive que ses voisins.<\/p>\n<p>L&rsquo;ann\u00e9e derni\u00e8re, la Conf\u00e9d\u00e9ration, tout comme le sp\u00e9cialiste Drugshortage.ch, ont recens\u00e9 environ <strong>786 produits manquants.<\/strong> La p\u00e9nurie concernait toutes les cat\u00e9gories : les antibiotiques, les antidouleurs, mais \u00e9galement les vaccins.<\/p>\n<p>Au printemps 2023, le Conseil f\u00e9d\u00e9ral a d\u00e9j\u00e0<strong> pris des mesures \u00e0 court terme pour pallier le probl\u00e8me,<\/strong> notamment le remboursement des m\u00e9dicaments fabriqu\u00e9s par les pharmaciens. D\u00e9sormais, l&rsquo;autorit\u00e9 supr\u00eame envisage de<strong> renforcer l\u2019approvisionnement<\/strong> avec un ensemble de <strong>nouvelles mesures.<\/strong><\/p>\n<h2>Le plan d&rsquo;action du Conseil f\u00e9d\u00e9ral<\/h2>\n<p>La premi\u00e8re mesure consiste \u00e0 <strong>\u00e9tendre les r\u00e9serves obligatoires<\/strong> \u00e0 des m\u00e9dicaments vitaux suppl\u00e9mentaires. Cela devrait assurer l&rsquo;approvisionnement pour une gamme plus large de produits. En cas de manque, le pays va importer les m\u00e9dicaments non autoris\u00e9s \u00e0 condition que ce soit en provenance des <strong>pays ayant un syst\u00e8me de contr\u00f4le similaire \u00e0 celui de la Suisse.<\/strong> Pour cela, la Conf\u00e9d\u00e9ration envisage de simplifier les proc\u00e9dures d&rsquo;autorisation.<\/p>\n<p>La deuxi\u00e8me mesure annonc\u00e9e par l&rsquo;autorit\u00e9 supr\u00eame du pays est de <strong>soutenir la production en Suisse<\/strong> de m\u00e9dicaments. Pour y parvenir, des all\u00e9gements sont pr\u00e9vus, notamment la possibilit\u00e9 de \u00ab renoncer au r\u00e9examen de l\u2019\u00e9conomicit\u00e9 de ces m\u00e9dicaments ou \u00e0 des baisses de prix \u00bb. Cette solution permettra \u00ab d&rsquo;\u00e9viter que les fabricants ne retirent leurs m\u00e9dicaments du march\u00e9 faute de rentabilit\u00e9 \u00bb. En outre, la Conf\u00e9d\u00e9ration sera capable de<strong> produire elle-m\u00eame des m\u00e9dicaments<\/strong> via la pharmacie de l&rsquo;arm\u00e9e.<\/p>\n<p>Gr\u00e2ce \u00e0 ces mesures, la situation devrait s&rsquo;am\u00e9liorer, selon la directrice de l\u2019Office f\u00e9d\u00e9ral de la sant\u00e9 publique (OFSP), Anne L\u00e9vy. Cependant, elle affirme que le probl\u00e8me<strong> ne sera pas r\u00e9solu avant longtemps<\/strong>, en rappelant qu&rsquo;il ne concerne pas uniquement la <a href=\"https:\/\/econostrum.info\/suisse\/suisses-payer-forfaits-centres-medicaux\/\">Suisse<\/a>. \u00ab Je ne suis m\u00eame pas s\u00fbre que l\u2019on trouvera vraiment une solution si seule la Suisse en cherche (&#8230;) C&rsquo;est vraiment un probl\u00e8me global, donc il faut trouver des solutions globales \u00bb, a-t-elle d\u00e9clar\u00e9.<\/p>\n","protected":false},"excerpt":{"rendered":"<p>En Suisse, les p\u00e9nuries de m\u00e9dicaments sont tr\u00e8s fr\u00e9quentes ces derni\u00e8res ann\u00e9es. Ce probl\u00e8me est d\u00fb \u00e0 la d\u00e9localisation vers l&rsquo;Asie, ce qui a contribu\u00e9 \u00e0 l&rsquo;affaiblissement des cha\u00eenes d&rsquo;approvisionnement &#8230; <a title=\"La Suisse annonce des mesures contre les p\u00e9nuries de m\u00e9dicaments\" class=\"read-more\" href=\"https:\/\/econostrum.info\/suisse\/suisse-mesures-penuries-medicaments\/\" aria-label=\"En savoir plus sur La Suisse annonce des mesures contre les p\u00e9nuries de m\u00e9dicaments\"> <\/a><\/p>\n","protected":false},"author":43,"featured_media":3386,"comment_status":"open","ping_status":"closed","sticky":false,"template":"","format":"standard","meta":{"footnotes":""},"categories":[25],"tags":[],"class_list":["post-3372","post","type-post","status-publish","format-standard","has-post-thumbnail","hentry","category-conso","generate-columns","tablet-grid-50","mobile-grid-100","grid-parent","grid-33","no-featured-image-padding"],"_links":{"self":[{"href":"https:\/\/econostrum.info\/suisse\/wp-json\/wp\/v2\/posts\/3372","targetHints":{"allow":["GET"]}}],"collection":[{"href":"https:\/\/econostrum.info\/suisse\/wp-json\/wp\/v2\/posts"}],"about":[{"href":"https:\/\/econostrum.info\/suisse\/wp-json\/wp\/v2\/types\/post"}],"author":[{"embeddable":true,"href":"https:\/\/econostrum.info\/suisse\/wp-json\/wp\/v2\/users\/43"}],"replies":[{"embeddable":true,"href":"https:\/\/econostrum.info\/suisse\/wp-json\/wp\/v2\/comments?post=3372"}],"version-history":[{"count":0,"href":"https:\/\/econostrum.info\/suisse\/wp-json\/wp\/v2\/posts\/3372\/revisions"}],"wp:featuredmedia":[{"embeddable":true,"href":"https:\/\/econostrum.info\/suisse\/wp-json\/wp\/v2\/media\/3386"}],"wp:attachment":[{"href":"https:\/\/econostrum.info\/suisse\/wp-json\/wp\/v2\/media?parent=3372"}],"wp:term":[{"taxonomy":"category","embeddable":true,"href":"https:\/\/econostrum.info\/suisse\/wp-json\/wp\/v2\/categories?post=3372"},{"taxonomy":"post_tag","embeddable":true,"href":"https:\/\/econostrum.info\/suisse\/wp-json\/wp\/v2\/tags?post=3372"}],"curies":[{"name":"wp","href":"https:\/\/api.w.org\/{rel}","templated":true}]}}