{"id":2883,"date":"2024-08-06T15:54:24","date_gmt":"2024-08-06T13:54:24","guid":{"rendered":"https:\/\/econostrum.info\/suisse\/?p=2883"},"modified":"2024-08-06T15:54:24","modified_gmt":"2024-08-06T13:54:24","slug":"hausse-prix-cafe-suisse","status":"publish","type":"post","link":"https:\/\/econostrum.info\/suisse\/hausse-prix-cafe-suisse\/","title":{"rendered":"Vers une augmentation record des prix du caf\u00e9 en Suisse ?"},"content":{"rendered":"<p>&nbsp;<\/p>\n<p>Les <strong>Suisses<\/strong>, grands amateurs de <strong>caf\u00e9<\/strong>, se pr\u00e9parent \u00e0 des hausses de <strong>prix<\/strong> continues. Cette tendance est attribu\u00e9e \u00e0 divers facteurs, et ce, malgr\u00e9 une baisse des prix des grains import\u00e9s.<\/p>\n<p>Par ailleurs, l&rsquo;impact d&rsquo;un nouveau r\u00e8glement <strong>de l&rsquo;Union europ\u00e9enne<\/strong> sur la d\u00e9forestation, pr\u00e9vu pour entrer en vigueur en 2025, pourrait aggraver cette situation. Ce r\u00e8glement, visant \u00e0 interdire la vente de produits issus de la d\u00e9forestation, pourrait entra\u00eener <strong>des co\u00fbts suppl\u00e9mentaires<\/strong> pour les producteurs et affecter la diversit\u00e9 des offres de caf\u00e9 en Europe.<\/p>\n<h2>Vers une augmentation record des prix du caf\u00e9 en Suisse<\/h2>\n<p>En 2023, <strong>le prix moyen d&rsquo;un caf\u00e9 cr\u00e8me en Suisse<\/strong> a atteint un sommet<strong> de 4,49 francs,<\/strong> marquant une hausse significative par rapport aux 4,39 francs enregistr\u00e9s en 2022. Cette augmentation est en grande partie due \u00e0 la hausse des frais de personnel et de loyers, qui repr\u00e9sentent pr\u00e8s des deux tiers du co\u00fbt total d&rsquo;une tasse de ce breuvage. Hans-Peter Oettli, le pr\u00e9sident de CafetierSuisse, note que ces co\u00fbts sont d\u00e9sormais un facteur d\u00e9terminant dans <strong>l&rsquo;augmentation des prix<\/strong>, malgr\u00e9 une l\u00e9g\u00e8re baisse des co\u00fbts de la mati\u00e8re premi\u00e8re import\u00e9e.<\/p>\n<p>En effet, les donn\u00e9es des douanes f\u00e9d\u00e9rales r\u00e9v\u00e8lent que le co\u00fbt moyen des grains de caf\u00e9 import\u00e9s a baiss\u00e9 \u00e0 <strong>5,12 francs par kilo au premier semestre 2024<\/strong>, contre 5,49 francs durant la m\u00eame p\u00e9riode en 2023. Toutefois, ce chiffre demeure sup\u00e9rieur \u00e0 la moyenne de la d\u00e9cennie pr\u00e9c\u00e9dente de<strong> 4,30 francs<\/strong>. Selon l&rsquo;Office f\u00e9d\u00e9ral de la statistique, les hausses g\u00e9n\u00e9ralis\u00e9es dans l&rsquo;indice des prix \u00e0 la <a href=\"https:\/\/econostrum.info\/suisse\/suisse-jeunes-addiction-jeux-dargent\/\">consommation<\/a> ont entra\u00een\u00e9 des augmentations dans divers secteurs, y compris le caf\u00e9.<\/p>\n<h2>L&rsquo;impact du r\u00e8glement europ\u00e9en sur la d\u00e9forestation<\/h2>\n<p>Le r\u00e8glement de l&rsquo;Union europ\u00e9enne sur la d\u00e9forestation (EUDR), pr\u00e9vu pour entrer en vigueur en 2025, pourrait \u00e9galement influencer<strong> les prix du caf\u00e9<\/strong>. Florence Schurch, secr\u00e9taire g\u00e9n\u00e9rale de Suissen\u00e9goce, souligne que cette l\u00e9gislation imposera aux producteurs de prouver que leur production ne provient pas de la d\u00e9forestation, un <strong>processus co\u00fbteux et complexe<\/strong>. Les n\u00e9gociants devront investir pour contr\u00f4ler toute la cha\u00eene d&rsquo;approvisionnement, ce qui pourrait <strong>se r\u00e9percuter sur les prix des produits<\/strong>.<\/p>\n<p>Nicolas Tamari de Sucafina pr\u00e9voit que l&rsquo;EUDR pourrait entra\u00eener une <strong>r\u00e9duction de la diversit\u00e9 des caf\u00e9s disponibles en Europe<\/strong>. Les petits producteurs, qui pourraient ne pas \u00eatre en mesure de prouver que leur produit provient de sources non d\u00e9bois\u00e9es, pourraient \u00eatre contraints de se retirer du march\u00e9 europ\u00e9en. En cons\u00e9quence, les offres pourraient se concentrer autour des grands pays producteurs, r\u00e9duisant ainsi la vari\u00e9t\u00e9 des m\u00e9langes disponibles pour les consommateurs europ\u00e9ens.<\/p>\n","protected":false},"excerpt":{"rendered":"<p>&nbsp; Les Suisses, grands amateurs de caf\u00e9, se pr\u00e9parent \u00e0 des hausses de prix continues. Cette tendance est attribu\u00e9e \u00e0 divers facteurs, et ce, malgr\u00e9 une baisse des prix des &#8230; <a title=\"Vers une augmentation record des prix du caf\u00e9 en Suisse ?\" class=\"read-more\" href=\"https:\/\/econostrum.info\/suisse\/hausse-prix-cafe-suisse\/\" aria-label=\"En savoir plus sur Vers une augmentation record des prix du caf\u00e9 en Suisse ?\"> <\/a><\/p>\n","protected":false},"author":37,"featured_media":2943,"comment_status":"open","ping_status":"closed","sticky":false,"template":"","format":"standard","meta":{"footnotes":""},"categories":[25],"tags":[],"class_list":["post-2883","post","type-post","status-publish","format-standard","has-post-thumbnail","hentry","category-conso","generate-columns","tablet-grid-50","mobile-grid-100","grid-parent","grid-33","no-featured-image-padding"],"_links":{"self":[{"href":"https:\/\/econostrum.info\/suisse\/wp-json\/wp\/v2\/posts\/2883","targetHints":{"allow":["GET"]}}],"collection":[{"href":"https:\/\/econostrum.info\/suisse\/wp-json\/wp\/v2\/posts"}],"about":[{"href":"https:\/\/econostrum.info\/suisse\/wp-json\/wp\/v2\/types\/post"}],"author":[{"embeddable":true,"href":"https:\/\/econostrum.info\/suisse\/wp-json\/wp\/v2\/users\/37"}],"replies":[{"embeddable":true,"href":"https:\/\/econostrum.info\/suisse\/wp-json\/wp\/v2\/comments?post=2883"}],"version-history":[{"count":0,"href":"https:\/\/econostrum.info\/suisse\/wp-json\/wp\/v2\/posts\/2883\/revisions"}],"wp:featuredmedia":[{"embeddable":true,"href":"https:\/\/econostrum.info\/suisse\/wp-json\/wp\/v2\/media\/2943"}],"wp:attachment":[{"href":"https:\/\/econostrum.info\/suisse\/wp-json\/wp\/v2\/media?parent=2883"}],"wp:term":[{"taxonomy":"category","embeddable":true,"href":"https:\/\/econostrum.info\/suisse\/wp-json\/wp\/v2\/categories?post=2883"},{"taxonomy":"post_tag","embeddable":true,"href":"https:\/\/econostrum.info\/suisse\/wp-json\/wp\/v2\/tags?post=2883"}],"curies":[{"name":"wp","href":"https:\/\/api.w.org\/{rel}","templated":true}]}}