{"id":114063,"date":"2026-09-02T13:04:00","date_gmt":"2026-09-02T11:04:00","guid":{"rendered":"https:\/\/econostrum.info\/suisse\/?p=114063"},"modified":"2026-09-01T22:04:29","modified_gmt":"2026-09-01T20:04:29","slug":"swiss-life-postes-supprimes-annees","status":"publish","type":"post","link":"https:\/\/econostrum.info\/suisse\/swiss-life-postes-supprimes-annees\/","title":{"rendered":"Swiss Life r\u00e9duit la voilure avec 600 postes supprim\u00e9s dans les deux prochaines ann\u00e9es\u00a0"},"content":{"rendered":"\n<p>Le g\u00e9ant suisse de l\u2019assurance-vie s\u2019appr\u00eate \u00e0 tourner une nouvelle page de son organisation interne. Swiss Life annonce la suppression d\u2019environ 600 postes d\u2019ici fin 2028, dans le cadre d\u2019un plan visant \u00e0 am\u00e9liorer son efficacit\u00e9.&nbsp;<\/p>\n\n\n\n<p>La moiti\u00e9 des postes concern\u00e9s se trouvent en Suisse, tandis que l\u2019autre partie concerne principalement ses activit\u00e9s internationales. Le groupe assure toutefois qu\u2019une grande partie de ces r\u00e9ductions passera par les d\u00e9parts naturels.&nbsp;<\/p>\n\n\n\n<h2 class=\"wp-block-heading\"><strong>Une r\u00e9duction des effectifs r\u00e9partie entre la Suisse et l\u2019\u00e9tranger<\/strong><\/h2>\n\n\n\n<p>Swiss Life a annonc\u00e9 mardi matin son intention de r\u00e9duire ses effectifs dans le cadre d\u2019un programme visant \u00e0 am\u00e9liorer son efficacit\u00e9 op\u00e9rationnelle.<\/p>\n\n\n\n<p>Au total, environ 600 postes devraient dispara\u00eetre d\u2019ici la fin de l\u2019ann\u00e9e 2028. La moiti\u00e9 concernera directement Swiss Life en Suisse, tandis que l\u2019autre moiti\u00e9 touchera principalement Swiss Life Asset Managers, l\u2019activit\u00e9 de gestion d\u2019actifs du groupe, implant\u00e9e en grande partie \u00e0 l\u2019\u00e9tranger.<\/p>\n\n\n\n<p>L\u2019entreprise explique cette d\u00e9cision par sa volont\u00e9 de poursuivre son d\u00e9veloppement tout en maintenant une croissance rentable apr\u00e8s 2027.<\/p>\n\n\n\n<p>Dans un <a href=\"https:\/\/www.swisslife.ch\/fr\/qui-sommes-nous\/medias\/communiques-presse\/adhoc\/2026\/20260901_0500.html\" target=\"_blank\" rel=\"noopener\">communiqu\u00e9 <\/a>publi\u00e9 en ligne, Swiss Life indique vouloir \u00ab continuer \u00e0 d\u00e9velopper son activit\u00e9 de mani\u00e8re rentable au-del\u00e0 de 2027, exploiter les opportunit\u00e9s du march\u00e9 et am\u00e9liorer l\u2019efficacit\u00e9 op\u00e9rationnelle \u00bb.<\/p>\n\n\n\n<h2 class=\"wp-block-heading\"><strong>Une centaine de postes concern\u00e9s d\u00e8s cette ann\u00e9e<\/strong><\/h2>\n\n\n\n<p>Les premi\u00e8res r\u00e9ductions devraient intervenir rapidement. Selon le groupe, environ 100 postes pourraient dispara\u00eetre d\u2019ici la fin de 2026.<\/p>\n\n\n\n<p>Swiss Life pr\u00e9cise cependant que ces suppressions seront r\u00e9alis\u00e9es en grande partie gr\u00e2ce \u00e0 la fluctuation naturelle, c\u2019est-\u00e0-dire par les d\u00e9parts volontaires, les d\u00e9parts \u00e0 la retraite ou les postes qui ne seront pas remplac\u00e9s.<\/p>\n\n\n\n<p>L\u2019entreprise n\u2019annonce donc pas un plan de licenciements g\u00e9n\u00e9ralis\u00e9s, mais une adaptation progressive de son organisation.<\/p>\n\n\n\n<h2 class=\"wp-block-heading\"><strong>Un groupe majeur de l\u2019\u00e9conomie suisse<\/strong><\/h2>\n\n\n\n<p><a href=\"https:\/\/econostrum.info\/suisse\/swiss-life-reprend-zwei-wealth-renforce-pole-gestion-actifs\/\" data-type=\"post\" data-id=\"101205\">Swiss Life<\/a> figure parmi les acteurs majeurs du secteur financier helv\u00e9tique. Le groupe emploie actuellement environ 11 000 personnes dans le monde. En plus de son activit\u00e9 d\u2019<a href=\"https:\/\/econostrum.info\/suisse\/ce-qui-changera-assurances-sociales-2025\/\" data-type=\"post\" data-id=\"5166\">assurance-vie<\/a>, il est \u00e9galement l\u2019un des principaux propri\u00e9taires immobiliers de Suisse.<\/p>\n\n\n\n<p>Cette restructuration intervient alors que les grandes entreprises financi\u00e8res cherchent \u00e0 optimiser leurs structures, notamment gr\u00e2ce \u00e0 la digitalisation et \u00e0 une meilleure efficacit\u00e9 des processus internes.<\/p>\n\n\n\n<p>Avec cette r\u00e9duction annonc\u00e9e des effectifs sur plusieurs ann\u00e9es, Swiss Life entend donc adapter son fonctionnement tout en poursuivant ses ambitions de croissance.<\/p>\n\n\n\n<figure class=\"wp-block-embed is-type-rich is-provider-x wp-block-embed-x\"><div class=\"wp-block-embed__wrapper\">\n<blockquote class=\"twitter-tweet\" data-width=\"550\" data-dnt=\"true\"><p lang=\"en\" dir=\"ltr\">Swiss Life said it will eliminate about 600 jobs by the end of 2028 to cut costs and build on a period of rising profitability <a href=\"https:\/\/t.co\/4f82VEEpni\">https:\/\/t.co\/4f82VEEpni<\/a><\/p>&mdash; Bloomberg (@business) <a href=\"https:\/\/x.com\/business\/status\/2094690485545599040?ref_src=twsrc%5Etfw\">September 1, 2026<\/a><\/blockquote><script async src=\"https:\/\/platform.x.com\/widgets.js\" charset=\"utf-8\"><\/script>\n<\/div><\/figure>\n","protected":false},"excerpt":{"rendered":"<p>Swiss Life pr\u00e9pare une nouvelle organisation de ses activit\u00e9s avec une r\u00e9duction progressive des effectifs pr\u00e9vue sur plusieurs ann\u00e9es. Le groupe d\u2019assurance pr\u00e9voit de revoir ses \u00e9quipes en Suisse et \u00e0 l\u2019\u00e9tranger. <\/p>\n","protected":false},"author":35,"featured_media":114065,"comment_status":"open","ping_status":"closed","sticky":false,"template":"","format":"standard","meta":{"footnotes":""},"categories":[15],"tags":[],"class_list":["post-114063","post","type-post","status-publish","format-standard","has-post-thumbnail","hentry","category-entreprise","generate-columns","tablet-grid-50","mobile-grid-100","grid-parent","grid-33","no-featured-image-padding"],"_links":{"self":[{"href":"https:\/\/econostrum.info\/suisse\/wp-json\/wp\/v2\/posts\/114063","targetHints":{"allow":["GET"]}}],"collection":[{"href":"https:\/\/econostrum.info\/suisse\/wp-json\/wp\/v2\/posts"}],"about":[{"href":"https:\/\/econostrum.info\/suisse\/wp-json\/wp\/v2\/types\/post"}],"author":[{"embeddable":true,"href":"https:\/\/econostrum.info\/suisse\/wp-json\/wp\/v2\/users\/35"}],"replies":[{"embeddable":true,"href":"https:\/\/econostrum.info\/suisse\/wp-json\/wp\/v2\/comments?post=114063"}],"version-history":[{"count":1,"href":"https:\/\/econostrum.info\/suisse\/wp-json\/wp\/v2\/posts\/114063\/revisions"}],"predecessor-version":[{"id":114066,"href":"https:\/\/econostrum.info\/suisse\/wp-json\/wp\/v2\/posts\/114063\/revisions\/114066"}],"wp:featuredmedia":[{"embeddable":true,"href":"https:\/\/econostrum.info\/suisse\/wp-json\/wp\/v2\/media\/114065"}],"wp:attachment":[{"href":"https:\/\/econostrum.info\/suisse\/wp-json\/wp\/v2\/media?parent=114063"}],"wp:term":[{"taxonomy":"category","embeddable":true,"href":"https:\/\/econostrum.info\/suisse\/wp-json\/wp\/v2\/categories?post=114063"},{"taxonomy":"post_tag","embeddable":true,"href":"https:\/\/econostrum.info\/suisse\/wp-json\/wp\/v2\/tags?post=114063"}],"curies":[{"name":"wp","href":"https:\/\/api.w.org\/{rel}","templated":true}]}}