{"id":114052,"date":"2026-09-01T14:00:00","date_gmt":"2026-09-01T12:00:00","guid":{"rendered":"https:\/\/econostrum.info\/suisse\/?p=114052"},"modified":"2026-08-31T23:00:37","modified_gmt":"2026-08-31T21:00:37","slug":"chaleur-saccroche-a-la-suisse-septembre","status":"publish","type":"post","link":"https:\/\/econostrum.info\/suisse\/chaleur-saccroche-a-la-suisse-septembre\/","title":{"rendered":"La chaleur s\u2019accroche \u00e0 la Suisse m\u00eame en septembre et la suite pourrait r\u00e9server une sacr\u00e9e surprise\u00a0"},"content":{"rendered":"\n<p>Le calendrier annonce l\u2019arriv\u00e9e de l\u2019automne m\u00e9t\u00e9orologique, mais la m\u00e9t\u00e9o suisse n\u2019a visiblement pas re\u00e7u le m\u00e9mo. Alors que l\u2019\u00e9t\u00e9 m\u00e9t\u00e9orologique s\u2019ach\u00e8ve le 31 ao\u00fbt, les temp\u00e9ratures devraient encore grimper dans les prochains jours et d\u00e9passer localement les 30 \u00b0C.&nbsp;<\/p>\n\n\n\n<p>Cette chaleur pourrait m\u00eame battre des records pour un d\u00e9but septembre. Mais apr\u00e8s un \u00e9t\u00e9 exceptionnellement chaud, une question reste en suspens : quand la pluie et la fra\u00eecheur finiront-elles par s\u2019imposer ?<\/p>\n\n\n\n<h2 class=\"wp-block-heading\"><strong>Une chaleur qui joue les prolongations<\/strong><\/h2>\n\n\n\n<p>Le 1er septembre marque officiellement le d\u00e9but de l\u2019automne m\u00e9t\u00e9orologique. Pourtant, l\u2019ambiance attendue dans les premiers jours du mois sera davantage estivale qu\u2019automnale.<\/p>\n\n\n\n<p>Le mercure devrait progressivement remonter sous l\u2019effet d\u2019un courant de sud-ouest ramenant de l\u2019air chaud vers la Suisse. Dans certaines r\u00e9gions, notamment autour de Gen\u00e8ve, les temp\u00e9ratures pourraient \u00e0 nouveau d\u00e9passer les 30 \u00b0C en fin de semaine.<\/p>\n\n\n\n<p>Vincent Devantay, m\u00e9t\u00e9orologue chez M\u00e9t\u00e9oNews, explique que la situation actuelle est li\u00e9e \u00e0 des conditions anticycloniques, relate <a href=\"https:\/\/www.blick.ch\/fr\/suisse\/romande\/meteo-il-fera-chaud-en-suisse-en-septembre-quand-arriveront-lautomne-la-pluie-et-la-fra-cheur-id22223315.html\" target=\"_blank\" rel=\"noopener\">Blick<\/a>. Si les pr\u00e9visions se confirment, plusieurs journ\u00e9es \u00e0 30 \u00b0C pourraient ainsi se succ\u00e9der en septembre.<\/p>\n\n\n\n<p>Le sp\u00e9cialiste nuance toutefois l\u2019impression de nouvelle canicule. Les journ\u00e9es raccourcissent rapidement et les nuits restent plus fra\u00eeches, ce qui emp\u00eache pour l\u2019instant de parler d\u2019une v\u00e9ritable p\u00e9riode caniculaire.<\/p>\n\n\n\n<p>Cette prolongation de la chaleur intervient apr\u00e8s un \u00e9t\u00e9 2026 exceptionnel. Celui-ci a officiellement \u00e9t\u00e9 consid\u00e9r\u00e9 comme le plus chaud jamais enregistr\u00e9 en Suisse depuis le d\u00e9but des mesures.<\/p>\n\n\n\n<h2 class=\"wp-block-heading\"><strong>Pas encore l\u2019automne, et certainement pas encore l\u2019\u00e9t\u00e9 indien<\/strong><\/h2>\n\n\n\n<p>Il faudra donc patienter avant de ranger d\u00e9finitivement les v\u00eatements l\u00e9gers.<\/p>\n\n\n\n<p>Le mois de septembre constitue traditionnellement une p\u00e9riode de transition. Son d\u00e9but peut encore ressembler \u00e0 l\u2019\u00e9t\u00e9, tandis que les conditions peuvent devenir nettement plus fra\u00eeches quelques semaines plus tard.<\/p>\n\n\n\n<p>Le m\u00e9t\u00e9orologue \u00e9carte d&rsquo;ailleurs le terme d\u2019\u00ab \u00e9t\u00e9 indien \u00bb. Cette expression d\u00e9signe g\u00e9n\u00e9ralement une p\u00e9riode douce et ensoleill\u00e9e observ\u00e9e plus tard dans la saison, notamment en octobre en Am\u00e9rique du Nord.<\/p>\n\n\n\n<p>Surtout, la chaleur du d\u00e9but septembre ne permet pas de savoir quel temps dominera dans les semaines suivantes.<\/p>\n\n\n\n<p>Une fin d\u2019\u00e9t\u00e9 chaude et s\u00e8che ne signifie donc pas automatiquement que la douceur se prolongera jusqu\u2019\u00e0 la fin de l\u2019ann\u00e9e. Les pr\u00e9visions \u00e0 aussi longue \u00e9ch\u00e9ance restent trop incertaines pour tirer une telle conclusion.<\/p>\n\n\n\n<h2 class=\"wp-block-heading\"><strong>Une grosse r\u00e9serve d\u2019humidit\u00e9 pourrait changer la donne<\/strong><\/h2>\n\n\n\n<p>Un autre \u00e9l\u00e9ment pourrait toutefois jouer un r\u00f4le dans l\u2019\u00e9volution de la m\u00e9t\u00e9o au cours de l\u2019automne : la chaleur exceptionnelle de la M\u00e9diterran\u00e9e.<\/p>\n\n\n\n<p>L\u2019eau de la mer M\u00e9diterran\u00e9e d\u00e9passe actuellement les 30 \u00b0C par endroits. Une temp\u00e9rature aussi \u00e9lev\u00e9e favorise une forte \u00e9vaporation et augmente la quantit\u00e9 d\u2019humidit\u00e9 pr\u00e9sente dans les masses d\u2019air.<\/p>\n\n\n\n<p>Or, plus l\u2019air est chaud, plus il peut contenir de vapeur d\u2019eau. Vincent Devantay rappelle qu\u2019\u00e0 chaque degr\u00e9 suppl\u00e9mentaire, l\u2019air peut contenir environ 7 % d\u2019humidit\u00e9 en plus.<\/p>\n\n\n\n<p>Cette importante r\u00e9serve d\u2019humidit\u00e9 pourrait donc alimenter des \u00e9pisodes perturb\u00e9s lorsque les conditions deviendront plus favorables.<\/p>\n\n\n\n<p>Le risque concerne particuli\u00e8rement le bassin m\u00e9diterran\u00e9en, o\u00f9 des \u00e9pisodes d\u2019instabilit\u00e9 et de fortes pr\u00e9cipitations pourraient se produire au cours de l\u2019automne.<\/p>\n\n\n\n<p>Mais impossible, pour le moment, de fixer une date pr\u00e9cise. Cette bascule pourrait intervenir d\u00e8s le d\u00e9but du mois d\u2019octobre comme beaucoup plus tard, voire \u00e0 la fin novembre.<\/p>\n\n\n\n<h2 class=\"wp-block-heading\"><strong>La fra\u00eecheur arrivera, mais personne ne peut encore dire quand<\/strong><\/h2>\n\n\n\n<p>Les pr\u00e9visions \u00e0 long terme donnent donc des indications, mais pas encore de calendrier pr\u00e9cis pour le retour d\u2019un temps v\u00e9ritablement automnal en Suisse.<\/p>\n\n\n\n<p>L\u2019ann\u00e9e 2026 reste d\u00e9j\u00e0 particuli\u00e8rement chaude. Sur les huit premiers mois de l\u2019ann\u00e9e, la temp\u00e9rature moyenne en Suisse se situe environ 2,2 \u00b0C au-dessus de la norme, selon les donn\u00e9es cit\u00e9es par le m\u00e9t\u00e9orologue.<\/p>\n\n\n\n<p>Pourtant, les m\u00e9canismes saisonniers continuent de s\u2019imposer. D\u00e8s <a href=\"https:\/\/econostrum.info\/suisse\/septembre-nouvelles-mesures-suisse\/\" data-type=\"post\" data-id=\"113970\">septembre<\/a>, la dur\u00e9e d\u2019ensoleillement diminue rapidement. Le pays perd environ trois \u00e0 quatre minutes de soleil chaque jour, ce qui repr\u00e9sente plus d\u2019une heure et demie de lumi\u00e8re en moins \u00e0 la fin du mois.<\/p>\n\n\n\n<p>Le ph\u00e9nom\u00e8ne<a href=\"https:\/\/econostrum.info\/suisse\/el-nino-puissant-arrive-suisse-ete\/\" data-type=\"post\" data-id=\"111797\"> El Ni\u00f1o<\/a> pourrait \u00e9galement influencer les conditions m\u00e9t\u00e9orologiques mondiales, mais son impact pr\u00e9cis sur la Suisse reste encore difficile \u00e0 d\u00e9terminer.<\/p>\n\n\n\n<p>Une chose est donc certaine : m\u00eame apr\u00e8s un \u00e9t\u00e9 hors normes, les saisons poursuivent leur cycle. Septembre pourrait encore offrir plusieurs journ\u00e9es tr\u00e8s chaudes, mais l\u2019automne finira par reprendre ses droits. Reste \u00e0 savoir s\u2019il arrivera progressivement ou avec un spectaculaire changement de d\u00e9cor.<\/p>\n\n\n\n<figure class=\"wp-block-embed is-type-rich is-provider-x wp-block-embed-x\"><div class=\"wp-block-embed__wrapper\">\n<blockquote class=\"twitter-tweet\" data-width=\"550\" data-dnt=\"true\"><p lang=\"fr\" dir=\"ltr\">L&#39;\u00e9t\u00e9 n&#39;a pas dit son dernier mot et les temp\u00e9ratures devraient approcher ou d\u00e9passer la barre des 30\u00b0C entre vendredi et dimanche prochain, \u00e0 la faveur d&#39;une cr\u00eate anticyclonique s&#39;\u00e9tirant de la M\u00e9diterran\u00e9e aux Alpes. (nb) <a href=\"https:\/\/t.co\/734qcINjlH\">pic.twitter.com\/734qcINjlH<\/a><\/p>&mdash; MeteoNews_Suisse (@meteonewsSA) <a href=\"https:\/\/x.com\/meteonewsSA\/status\/2093977553979453730?ref_src=twsrc%5Etfw\">August 30, 2026<\/a><\/blockquote><script async src=\"https:\/\/platform.x.com\/widgets.js\" charset=\"utf-8\"><\/script>\n<\/div><\/figure>\n","protected":false},"excerpt":{"rendered":"<p>L\u2019automne m\u00e9t\u00e9orologique d\u00e9barque, mais la chaleur refuse de quitter la Suisse. Septembre pourrait encore offrir des temp\u00e9ratures dignes du plein \u00e9t\u00e9 avant une bascule vers un temps beaucoup plus humide et perturb\u00e9.<\/p>\n","protected":false},"author":35,"featured_media":114054,"comment_status":"open","ping_status":"closed","sticky":false,"template":"","format":"standard","meta":{"footnotes":""},"categories":[19],"tags":[],"class_list":["post-114052","post","type-post","status-publish","format-standard","has-post-thumbnail","hentry","category-meteo","generate-columns","tablet-grid-50","mobile-grid-100","grid-parent","grid-33","no-featured-image-padding"],"_links":{"self":[{"href":"https:\/\/econostrum.info\/suisse\/wp-json\/wp\/v2\/posts\/114052","targetHints":{"allow":["GET"]}}],"collection":[{"href":"https:\/\/econostrum.info\/suisse\/wp-json\/wp\/v2\/posts"}],"about":[{"href":"https:\/\/econostrum.info\/suisse\/wp-json\/wp\/v2\/types\/post"}],"author":[{"embeddable":true,"href":"https:\/\/econostrum.info\/suisse\/wp-json\/wp\/v2\/users\/35"}],"replies":[{"embeddable":true,"href":"https:\/\/econostrum.info\/suisse\/wp-json\/wp\/v2\/comments?post=114052"}],"version-history":[{"count":1,"href":"https:\/\/econostrum.info\/suisse\/wp-json\/wp\/v2\/posts\/114052\/revisions"}],"predecessor-version":[{"id":114055,"href":"https:\/\/econostrum.info\/suisse\/wp-json\/wp\/v2\/posts\/114052\/revisions\/114055"}],"wp:featuredmedia":[{"embeddable":true,"href":"https:\/\/econostrum.info\/suisse\/wp-json\/wp\/v2\/media\/114054"}],"wp:attachment":[{"href":"https:\/\/econostrum.info\/suisse\/wp-json\/wp\/v2\/media?parent=114052"}],"wp:term":[{"taxonomy":"category","embeddable":true,"href":"https:\/\/econostrum.info\/suisse\/wp-json\/wp\/v2\/categories?post=114052"},{"taxonomy":"post_tag","embeddable":true,"href":"https:\/\/econostrum.info\/suisse\/wp-json\/wp\/v2\/tags?post=114052"}],"curies":[{"name":"wp","href":"https:\/\/api.w.org\/{rel}","templated":true}]}}