{"id":114024,"date":"2026-08-30T14:21:00","date_gmt":"2026-08-30T12:21:00","guid":{"rendered":"https:\/\/econostrum.info\/suisse\/?p=114024"},"modified":"2026-08-29T22:22:11","modified_gmt":"2026-08-29T20:22:11","slug":"voitures-de-luxe-grele-suisse","status":"publish","type":"post","link":"https:\/\/econostrum.info\/suisse\/voitures-de-luxe-grele-suisse\/","title":{"rendered":"Ces voitures de luxe sont vendues une bouch\u00e9e de pain apr\u00e8s la gr\u00eale qui a frapp\u00e9 la Suisse\u00a0"},"content":{"rendered":"\n<p>Un violent \u00e9pisode de gr\u00eale a laiss\u00e9 des traces spectaculaires dans plusieurs r\u00e9gions de Suisse al\u00e9manique. Des centaines de v\u00e9hicules ont \u00e9t\u00e9 touch\u00e9s par des gr\u00ealons pouvant atteindre la taille de balles de tennis, laissant certains concessionnaires face \u00e0 un choix difficile.&nbsp;<\/p>\n\n\n\n<p>Pour plusieurs professionnels, les r\u00e9parations seraient trop co\u00fbteuses pour permettre une revente classique. Des BMW, Porsche, Mercedes ou encore Volkswagen sont donc d\u00e9sormais propos\u00e9es \u00e0 des prix largement inf\u00e9rieurs \u00e0 leur valeur habituelle.<\/p>\n\n\n\n<h2 class=\"wp-block-heading\"><strong>Des d\u00e9g\u00e2ts particuli\u00e8rement impressionnants<\/strong><\/h2>\n\n\n\n<p>La r\u00e9gion de Winterthour, la plaine zurichoise et Schaffhouse ont \u00e9t\u00e9 particuli\u00e8rement touch\u00e9es par les violents orages de vendredi. Le ph\u00e9nom\u00e8ne a provoqu\u00e9 des d\u00e9g\u00e2ts importants sur les habitations, avec des toitures, fa\u00e7ades et fen\u00eatres endommag\u00e9es.<\/p>\n\n\n\n<p>Des enfants ont \u00e9galement \u00e9t\u00e9 bless\u00e9s alors qu&rsquo;ils se trouvaient dans une cour de r\u00e9cr\u00e9ation.<\/p>\n\n\n\n<p>Mais les voitures ont elles aussi pay\u00e9 un lourd tribut. Dans plusieurs secteurs, les gr\u00ealons auraient atteint la taille de balles de tennis, provoquant des impacts consid\u00e9rables sur les carrosseries, les vitres et les \u00e9quipements des v\u00e9hicules.<\/p>\n\n\n\n<p>Un \u00e9pisode d\u2019une telle intensit\u00e9 reste exceptionnel en Suisse. D\u2019apr\u00e8s les informations rapport\u00e9es par la <a href=\"https:\/\/www.tdg.ch\/grele-des-bmw-porsche-et-mercedes-bradees-des-10000-francs-956039008659\" target=\"_blank\" rel=\"noopener\">Tribune de Gen\u00e8ve<\/a>, un ph\u00e9nom\u00e8ne comparable ne se produitrait que tous les 30 \u00e0 50 ans.<\/p>\n\n\n\n<h2 class=\"wp-block-heading\"><strong>Des concessionnaires contraints de vendre les v\u00e9hicules en l\u2019\u00e9tat<\/strong><\/h2>\n\n\n\n<p>Les concessionnaires de<a href=\"https:\/\/econostrum.info\/suisse\/voitures-electriques-occasion-peinent-trouver-preneur-suisse\/\" data-type=\"post\" data-id=\"101941\"> voitures d\u2019occasion<\/a> n\u2019ont pas tous eu le temps de mettre leurs v\u00e9hicules \u00e0 l\u2019abri lorsque l\u2019orage s\u2019est intensifi\u00e9.<\/p>\n\n\n\n<p>Pour certains petits \u00e9tablissements, les cons\u00e9quences sont particuli\u00e8rement lourdes. Une partie des stocks a \u00e9t\u00e9 endommag\u00e9e et les professionnels concern\u00e9s ne disposent pas toujours d\u2019une assurance couvrant suffisamment ce type de sinistre.<\/p>\n\n\n\n<p>R\u00e9parer les v\u00e9hicules avant de les remettre sur le march\u00e9 peut alors devenir financi\u00e8rement absurde. Entre les pare-brise \u00e0 remplacer, les phares cass\u00e9s et les carrosseries enti\u00e8rement bossel\u00e9es, la facture pourrait d\u00e9passer la valeur commerciale de certains mod\u00e8les.<\/p>\n\n\n\n<p>Plusieurs concessionnaires ont donc choisi une solution radicale. Vendre les voitures telles quelles et r\u00e9duire fortement leur prix.<\/p>\n\n\n\n<p>Des v\u00e9hicules endommag\u00e9s sont d\u00e9j\u00e0 propos\u00e9s sur des plateformes sp\u00e9cialis\u00e9es comme AutoScout24.<\/p>\n\n\n\n<h2 class=\"wp-block-heading\"><strong>Porsche, BMW et Mercedes \u00e0 prix cass\u00e9s<\/strong><\/h2>\n\n\n\n<p>Le concessionnaire Memaj Cars, install\u00e9 \u00e0 B\u00fclach, pr\u00e8s de Zurich, propose notamment une douzaine de v\u00e9hicules touch\u00e9s par la gr\u00eale \u00e0 prix fixe, selon <a href=\"https:\/\/www.blick.ch\/fr\/suisse\/meteo-des-concessionnaires-auto-bradent-leurs-prix-apres-la-tempete-de-grele-id22219380.html\" target=\"_blank\" rel=\"noopener\">Blick<\/a>.<\/p>\n\n\n\n<p>Parmi eux figure un Volkswagen Touareg de 2016 affich\u00e9 \u00e0 10&rsquo;000 francs. Son pare-brise est d\u00e9truit et ses phares ont \u00e9t\u00e9 endommag\u00e9s. Sans les d\u00e9g\u00e2ts provoqu\u00e9s par la gr\u00eale, le v\u00e9hicule aurait normalement pu \u00eatre vendu autour du double de ce prix.<\/p>\n\n\n\n<p>Une Mercedes Classe B de 2019, affichant 125&rsquo;000 kilom\u00e8tres, est \u00e9galement propos\u00e9e \u00e0 10&rsquo;000 francs. Son toit vitr\u00e9 a \u00e9t\u00e9 pulv\u00e9ris\u00e9 et le v\u00e9hicule est actuellement prot\u00e9g\u00e9 par une b\u00e2che. Un mod\u00e8le comparable en bon \u00e9tat pourrait atteindre environ 20&rsquo;000 francs.<\/p>\n\n\n\n<p>Autre exemple particuli\u00e8rement frappant, une Porsche Cayenne GTS de 420 chevaux. Alors que sa valeur \u00e9tait estim\u00e9e \u00e0 environ 20&rsquo;000 francs, elle est d\u00e9sormais affich\u00e9e \u00e0 12&rsquo;000 francs.<\/p>\n\n\n\n<p>Ces prix peuvent donc sembler particuli\u00e8rement attractifs, mais les v\u00e9hicules vendus dans ces conditions n\u00e9cessitent \u00e9videmment d&rsquo;importants travaux avant de retrouver leur \u00e9tat normal.<\/p>\n\n\n\n<h2 class=\"wp-block-heading\"><strong>Une fausse bonne affaire pour les acheteurs ?<\/strong><\/h2>\n\n\n\n<p>Ces voitures fortement d\u00e9cot\u00e9es pourraient attirer les amateurs \u00e0 la recherche d&rsquo;une bonne affaire. Mais leur prix r\u00e9duit refl\u00e8te avant tout l&rsquo;ampleur des d\u00e9g\u00e2ts subis.<\/p>\n\n\n\n<p>Acheter un v\u00e9hicule endommag\u00e9 par la gr\u00eale implique de prendre en compte le co\u00fbt des r\u00e9parations, des pi\u00e8ces et de la remise en \u00e9tat. Un mod\u00e8le affich\u00e9 \u00e0 moiti\u00e9 prix peut donc rapidement repr\u00e9senter une d\u00e9pense beaucoup plus importante une fois les travaux n\u00e9cessaires ajout\u00e9s.<\/p>\n\n\n\n<p>Pour les <a href=\"https:\/\/econostrum.info\/suisse\/carburants-demande-electrique-suisse\/\" data-type=\"post\" data-id=\"111833\">concessionnaires <\/a>concern\u00e9s, cette braderie constitue surtout une mani\u00e8re de limiter leurs pertes apr\u00e8s un \u00e9v\u00e9nement m\u00e9t\u00e9orologique exceptionnel.<\/p>\n\n\n\n<p>L\u2019\u00e9pisode rappelle \u00e9galement la vuln\u00e9rabilit\u00e9 des stocks automobiles face aux ph\u00e9nom\u00e8nes m\u00e9t\u00e9orologiques extr\u00eames. Pour ces professionnels, quelques minutes d\u2019orage ont suffi \u00e0 transformer un parc de v\u00e9hicules en une s\u00e9rie de voitures difficiles, voire impossibles, \u00e0 revendre au prix habituel.<\/p>\n\n\n\n<figure class=\"wp-block-embed is-type-rich is-provider-x wp-block-embed-x\"><div class=\"wp-block-embed__wrapper\">\n<blockquote class=\"twitter-tweet\" data-width=\"550\" data-dnt=\"true\"><p lang=\"fr\" dir=\"ltr\">Apr\u00e8s le passage d\u00e9vastateur d&#39;orages de gr\u00eale vendredi, certains concessionnaires de voitures d&#39;occasion se retrouvent avec des v\u00e9hicules cribl\u00e9s d&#39;impacts. Faute d&#39;assurance, ils n&#39;ont d&#39;autre choix que de brader leurs stocks \u00e0 moiti\u00e9 prix.  <a href=\"https:\/\/t.co\/KRVOEaetpL\">https:\/\/t.co\/KRVOEaetpL<\/a><\/p>&mdash; Blick Actualit\u00e9 &amp; Sport (@Blick_media) <a href=\"https:\/\/x.com\/Blick_media\/status\/2093685311817539951?ref_src=twsrc%5Etfw\">August 29, 2026<\/a><\/blockquote><script async src=\"https:\/\/platform.x.com\/widgets.js\" charset=\"utf-8\"><\/script>\n<\/div><\/figure>\n","protected":false},"excerpt":{"rendered":"<p>Apr\u00e8s un violent \u00e9pisode de gr\u00eale en Suisse al\u00e9manique, des centaines de voitures ont \u00e9t\u00e9 lourdement endommag\u00e9es. Pour certains concessionnaires, r\u00e9parer ces v\u00e9hicules co\u00fbterait trop cher et une solution radicale s\u2019impose d\u00e9sormais.<\/p>\n","protected":false},"author":35,"featured_media":114025,"comment_status":"open","ping_status":"closed","sticky":false,"template":"","format":"standard","meta":{"footnotes":""},"categories":[1,19],"tags":[],"class_list":["post-114024","post","type-post","status-publish","format-standard","has-post-thumbnail","hentry","category-economie","category-meteo","generate-columns","tablet-grid-50","mobile-grid-100","grid-parent","grid-33","no-featured-image-padding"],"_links":{"self":[{"href":"https:\/\/econostrum.info\/suisse\/wp-json\/wp\/v2\/posts\/114024","targetHints":{"allow":["GET"]}}],"collection":[{"href":"https:\/\/econostrum.info\/suisse\/wp-json\/wp\/v2\/posts"}],"about":[{"href":"https:\/\/econostrum.info\/suisse\/wp-json\/wp\/v2\/types\/post"}],"author":[{"embeddable":true,"href":"https:\/\/econostrum.info\/suisse\/wp-json\/wp\/v2\/users\/35"}],"replies":[{"embeddable":true,"href":"https:\/\/econostrum.info\/suisse\/wp-json\/wp\/v2\/comments?post=114024"}],"version-history":[{"count":1,"href":"https:\/\/econostrum.info\/suisse\/wp-json\/wp\/v2\/posts\/114024\/revisions"}],"predecessor-version":[{"id":114028,"href":"https:\/\/econostrum.info\/suisse\/wp-json\/wp\/v2\/posts\/114024\/revisions\/114028"}],"wp:featuredmedia":[{"embeddable":true,"href":"https:\/\/econostrum.info\/suisse\/wp-json\/wp\/v2\/media\/114025"}],"wp:attachment":[{"href":"https:\/\/econostrum.info\/suisse\/wp-json\/wp\/v2\/media?parent=114024"}],"wp:term":[{"taxonomy":"category","embeddable":true,"href":"https:\/\/econostrum.info\/suisse\/wp-json\/wp\/v2\/categories?post=114024"},{"taxonomy":"post_tag","embeddable":true,"href":"https:\/\/econostrum.info\/suisse\/wp-json\/wp\/v2\/tags?post=114024"}],"curies":[{"name":"wp","href":"https:\/\/api.w.org\/{rel}","templated":true}]}}