{"id":114016,"date":"2026-08-30T07:56:00","date_gmt":"2026-08-30T05:56:00","guid":{"rendered":"https:\/\/econostrum.info\/suisse\/?p=114016"},"modified":"2026-08-29T21:57:33","modified_gmt":"2026-08-29T19:57:33","slug":"recyclage-passe-a-la-vitesse-suisse","status":"publish","type":"post","link":"https:\/\/econostrum.info\/suisse\/recyclage-passe-a-la-vitesse-suisse\/","title":{"rendered":"Le recyclage passe \u00e0 la vitesse sup\u00e9rieure en Suisse et votre portefeuille pourrait trinquer\u00a0"},"content":{"rendered":"\n<p>Le tri des d\u00e9chets va encore \u00e9voluer en Suisse. Le Conseil f\u00e9d\u00e9ral vient d\u2019adopter de nouvelles r\u00e8gles qui vont notamment renforcer la collecte des emballages plastiques et modifier progressivement les obligations des fabricants et des distributeurs.&nbsp;<\/p>\n\n\n\n<p>Certaines mesures pourraient aussi se faire sentir directement dans le portefeuille des consommateurs. Les bocaux en verre, les briques de boissons et plusieurs emballages du quotidien sont notamment concern\u00e9s.<\/p>\n\n\n\n<h2 class=\"wp-block-heading\"><strong>Des emballages plastiques bient\u00f4t mieux collect\u00e9s<\/strong><\/h2>\n\n\n\n<p>Jusqu\u2019\u00e0 pr\u00e9sent, de nombreux emballages plastiques finissaient encore avec les ordures m\u00e9nag\u00e8res. C\u2019est notamment le cas des pots de yaourt, des emballages de bonbons ou encore de certaines briques de lait.<\/p>\n\n\n\n<p>La situation va progressivement changer. \u00c0 l\u2019avenir, les grands distributeurs comme Coop et Migros devront reprendre certains de ces emballages ou organiser leur collecte par l\u2019interm\u00e9diaire de prestataires sp\u00e9cialis\u00e9s.<\/p>\n\n\n\n<p>Cela pourrait conduire \u00e0 l\u2019apparition de nouveaux points de collecte dans les magasins ou \u00e0 proximit\u00e9 des lieux de consommation.<\/p>\n\n\n\n<p>Certains cantons et certaines communes ont d\u00e9j\u00e0 mis en place des syst\u00e8mes permettant de r\u00e9cup\u00e9rer s\u00e9par\u00e9ment ces d\u00e9chets. Mais jusqu\u2019\u00e0 pr\u00e9sent, aucune obligation g\u00e9n\u00e9rale ne s\u2019appliquait \u00e0 l\u2019ensemble du pays.<\/p>\n\n\n\n<h2 class=\"wp-block-heading\"><strong>Pas encore question de jeter sa poubelle autrement<\/strong><\/h2>\n\n\n\n<p>Ces nouvelles r\u00e8gles ne signifient pas que les consommateurs seront imm\u00e9diatement oblig\u00e9s de modifier toutes leurs habitudes de tri.<\/p>\n\n\n\n<p>Le choix d\u2019utiliser les points de collecte restera en grande partie individuel. La situation pourrait toutefois \u00e9voluer \u00e0 plus long terme.<\/p>\n\n\n\n<p>\u00c0 partir de 2032, la Conf\u00e9d\u00e9ration pr\u00e9voit en effet des objectifs contraignants concernant le recyclage des briques de boissons et des plastiques \u00e0 usage unique, pr\u00e9cise le <a href=\"https:\/\/www.blw.admin.ch\/fr\/newnsb\/eE-NjVjEsGK1BJKzk1ITa?utm_source=chatgpt.com\" target=\"_blank\" rel=\"noopener\">communiqu\u00e9<\/a>.<\/p>\n\n\n\n<p>Si ces objectifs ne sont pas atteints, le Conseil f\u00e9d\u00e9ral pourra imposer aux entreprises concern\u00e9es, notamment aux grands distributeurs, de mettre en place un syst\u00e8me de consigne.<\/p>\n\n\n\n<p>Un dispositif de ce type existe d\u00e9j\u00e0 pour certains emballages, notamment les bouteilles en verre et en PET ainsi que les canettes en aluminium. Pour l\u2019instant, la Suisse d\u00e9passe r\u00e9guli\u00e8rement ses objectifs de recyclage, ce qui rend peu probable l\u2019instauration prochaine d\u2019une consigne g\u00e9n\u00e9ralis\u00e9e comparable \u00e0 celle en vigueur en Allemagne.<\/p>\n\n\n\n<h2 class=\"wp-block-heading\"><strong>Les entreprises devront davantage surveiller leurs emballages<\/strong><\/h2>\n\n\n\n<p>La nouvelle r\u00e9glementation pr\u00e9voit \u00e9galement un meilleur suivi des emballages mis sur le march\u00e9.<\/p>\n\n\n\n<p>\u00c0 partir de 2031, les entreprises devront recenser les quantit\u00e9s d\u2019emballages en plastique qu\u2019elles mettent en circulation. La Conf\u00e9d\u00e9ration pourra ainsi mesurer plus pr\u00e9cis\u00e9ment la quantit\u00e9 effectivement r\u00e9cup\u00e9r\u00e9e et recycl\u00e9e.<\/p>\n\n\n\n<p>Cette \u00e9volution doit permettre de mieux suivre le parcours des d\u00e9chets et de v\u00e9rifier si les objectifs fix\u00e9s en mati\u00e8re de recyclage sont r\u00e9ellement atteints.<\/p>\n\n\n\n<p>La r\u00e9forme r\u00e9pond notamment \u00e0 une motion du conseiller national PLR saint-gallois Marcel Dobler, fondateur de Digitec. L\u2019\u00e9lu avait soulign\u00e9 que les plastiques collect\u00e9s pouvaient \u00eatre r\u00e9utilis\u00e9s pour fabriquer de nouveaux produits en Suisse, comme des bo\u00eetes ou des tuyaux.<\/p>\n\n\n\n<p>Le probl\u00e8me est que la collecte actuelle ne permet pas toujours de disposer de suffisamment de mati\u00e8re recycl\u00e9e produite localement. La Suisse doit donc parfois importer des d\u00e9chets plastiques provenant d\u2019autres pays.<\/p>\n\n\n\n<h2 class=\"wp-block-heading\"><strong>Les bocaux et emballages en verre pourraient co\u00fbter plus cher<\/strong><\/h2>\n\n\n\n<p>Autre changement \u00e0 surveiller, le prix de certains emballages en verre.<\/p>\n\n\n\n<p>Une contribution destin\u00e9e au recyclage est d\u00e9j\u00e0 int\u00e9gr\u00e9e au prix de certaines boissons vendues dans des bouteilles en verre. \u00c0 partir de 2028, ce principe doit \u00eatre \u00e9tendu \u00e0 d\u2019autres emballages en verre.<\/p>\n\n\n\n<p>Des produits courants comme les bocaux de cornichons ou certains flacons de parfum pourraient ainsi voir leur prix augmenter de quelques centimes. La hausse pourrait atteindre 10 centimes pour certains emballages.<\/p>\n\n\n\n<p>L\u2019objectif est de faire davantage contribuer les producteurs et les consommateurs au financement du recyclage du verre.<\/p>\n\n\n\n<h2 class=\"wp-block-heading\"><strong>Des emballages plus petits et davantage recyclables<\/strong><\/h2>\n\n\n\n<p>La r\u00e9forme ne concerne pas uniquement la fin de vie des emballages. Elle agit \u00e9galement sur leur conception.<\/p>\n\n\n\n<p>Les fabricants devront notamment limiter les <a href=\"https:\/\/econostrum.info\/suisse\/suisse-aout-nouvelles-amendes-prix\/\" data-type=\"post\" data-id=\"113566\">emballages <\/a>excessivement grands par rapport \u00e0 la quantit\u00e9 r\u00e9elle de produit qu\u2019ils contiennent. Ils devront \u00e9galement augmenter autant que possible la part de mat\u00e9riaux recycl\u00e9s utilis\u00e9s et r\u00e9duire la pr\u00e9sence de substances consid\u00e9r\u00e9es comme nocives.<\/p>\n\n\n\n<p>Ces nouvelles obligations marquent donc une \u00e9volution progressive du mod\u00e8le suisse de gestion des d\u00e9chets.<\/p>\n\n\n\n<p>Pour les <a href=\"https:\/\/econostrum.info\/suisse\/suisse-manque-deau-facture-consommateurs\/\" data-type=\"post\" data-id=\"113844\">consommateurs<\/a>, le changement ne sera pas forc\u00e9ment visible du jour au lendemain. Mais entre l\u2019arriv\u00e9e de nouveaux points de collecte, l\u2019\u00e9volution des emballages et une possible hausse du prix de certains contenants en verre, les habitudes de consommation pourraient progressivement \u00eatre modifi\u00e9es.<\/p>\n\n\n\n<figure class=\"wp-block-embed is-type-rich is-provider-x wp-block-embed-x\"><div class=\"wp-block-embed__wrapper\">\n<blockquote class=\"twitter-tweet\" data-width=\"550\" data-dnt=\"true\"><p lang=\"fr\" dir=\"ltr\">A l&#39;avenir, il faudra trier ses d\u00e9chets plastiques, et les bocaux de cornichons risquent de co\u00fbter plus cher. Le Conseil f\u00e9d\u00e9ral a adopt\u00e9 de nouvelles r\u00e8gles de recyclage. Voici un aper\u00e7u de leurs cons\u00e9quences pour les fabricants, les d\u00e9taillants et l&#8230; <a href=\"https:\/\/t.co\/aSrT45yZdd\">https:\/\/t.co\/aSrT45yZdd<\/a><\/p>&mdash; Blick Actualit\u00e9 &amp; Sport (@Blick_media) <a href=\"https:\/\/x.com\/Blick_media\/status\/2093749731591635323?ref_src=twsrc%5Etfw\">August 29, 2026<\/a><\/blockquote><script async src=\"https:\/\/platform.x.com\/widgets.js\" charset=\"utf-8\"><\/script>\n<\/div><\/figure>\n","protected":false},"excerpt":{"rendered":"<p>Les habitudes de tri vont encore \u00e9voluer en Suisse et certaines pourraient m\u00eame toucher votre portefeuille. Plastiques, briques de boissons, bocaux en verre et emballages seront progressivement soumis \u00e0 de nouvelles r\u00e8gles.<\/p>\n","protected":false},"author":35,"featured_media":114018,"comment_status":"open","ping_status":"closed","sticky":false,"template":"","format":"standard","meta":{"footnotes":""},"categories":[25],"tags":[],"class_list":["post-114016","post","type-post","status-publish","format-standard","has-post-thumbnail","hentry","category-conso","generate-columns","tablet-grid-50","mobile-grid-100","grid-parent","grid-33","no-featured-image-padding"],"_links":{"self":[{"href":"https:\/\/econostrum.info\/suisse\/wp-json\/wp\/v2\/posts\/114016","targetHints":{"allow":["GET"]}}],"collection":[{"href":"https:\/\/econostrum.info\/suisse\/wp-json\/wp\/v2\/posts"}],"about":[{"href":"https:\/\/econostrum.info\/suisse\/wp-json\/wp\/v2\/types\/post"}],"author":[{"embeddable":true,"href":"https:\/\/econostrum.info\/suisse\/wp-json\/wp\/v2\/users\/35"}],"replies":[{"embeddable":true,"href":"https:\/\/econostrum.info\/suisse\/wp-json\/wp\/v2\/comments?post=114016"}],"version-history":[{"count":1,"href":"https:\/\/econostrum.info\/suisse\/wp-json\/wp\/v2\/posts\/114016\/revisions"}],"predecessor-version":[{"id":114019,"href":"https:\/\/econostrum.info\/suisse\/wp-json\/wp\/v2\/posts\/114016\/revisions\/114019"}],"wp:featuredmedia":[{"embeddable":true,"href":"https:\/\/econostrum.info\/suisse\/wp-json\/wp\/v2\/media\/114018"}],"wp:attachment":[{"href":"https:\/\/econostrum.info\/suisse\/wp-json\/wp\/v2\/media?parent=114016"}],"wp:term":[{"taxonomy":"category","embeddable":true,"href":"https:\/\/econostrum.info\/suisse\/wp-json\/wp\/v2\/categories?post=114016"},{"taxonomy":"post_tag","embeddable":true,"href":"https:\/\/econostrum.info\/suisse\/wp-json\/wp\/v2\/tags?post=114016"}],"curies":[{"name":"wp","href":"https:\/\/api.w.org\/{rel}","templated":true}]}}