{"id":114013,"date":"2026-08-29T13:20:00","date_gmt":"2026-08-29T11:20:00","guid":{"rendered":"https:\/\/econostrum.info\/suisse\/?p=114013"},"modified":"2026-08-28T22:30:55","modified_gmt":"2026-08-28T20:30:55","slug":"factures-delectricite-geneve-offre","status":"publish","type":"post","link":"https:\/\/econostrum.info\/suisse\/factures-delectricite-geneve-offre\/","title":{"rendered":"Factures d\u2019\u00e9lectricit\u00e9 : Gen\u00e8ve offre un coup de pouce aux m\u00e9nages en 2027\u00a0"},"content":{"rendered":"\n<p>Bonne nouvelle pour les consommateurs genevois. Les factures d\u2019\u00e9lectricit\u00e9 vont l\u00e9g\u00e8rement diminuer d\u00e8s l\u2019ann\u00e9e prochaine. Les Services industriels de Gen\u00e8ve (SIG) appliqueront une baisse des tarifs \u00e0 partir du 1er janvier 2027, aussi bien pour les particuliers que pour les entreprises.\u00a0<\/p>\n\n\n\n<p>La r\u00e9duction sera toutefois diff\u00e9rente selon les profils de consommation. Cette \u00e9volution s\u2019explique notamment par des conditions d\u2019achat de l\u2019\u00e9nergie plus favorables ces derni\u00e8res ann\u00e9es.<\/p>\n\n\n\n<h2 class=\"wp-block-heading\"><strong>Une baisse annonc\u00e9e pour les m\u00e9nages et les entreprises<\/strong><\/h2>\n\n\n\n<p>Les habitants du canton de Gen\u00e8ve verront leurs tarifs d\u2019\u00e9lectricit\u00e9 reculer d\u00e8s le d\u00e9but de 2027.<\/p>\n\n\n\n<p>Le Conseil d\u2019\u00c9tat a confirm\u00e9 une diminution d\u2019environ 2 % pour les m\u00e9nages et les petites entreprises. Les moyennes et grandes entreprises b\u00e9n\u00e9ficieront, elles, d\u2019une baisse plus importante, estim\u00e9e \u00e0 4 %.<\/p>\n\n\n\n<p>Les nouveaux tarifs seront appliqu\u00e9s par les Services industriels de Gen\u00e8ve (SIG) \u00e0 partir du 1er janvier 2027.<\/p>\n\n\n\n<p>L\u2019ex\u00e9cutif genevois estime que cette \u00e9volution permettra de maintenir des prix comp\u00e9titifs. \u00ab Les prix genevois restent ainsi en dessous de la moyenne de ceux pratiqu\u00e9s en Suisse \u00bb, a-t-il soulign\u00e9, selon <a href=\"https:\/\/www.20min.ch\/fr\/story\/geneve-le-prix-de-l-electricite-va-diminuer-l-an-prochain-103622978\" target=\"_blank\" rel=\"noopener\">20Minutes<\/a>.<\/p>\n\n\n\n<h2 class=\"wp-block-heading\"><strong>Des achats d\u2019\u00e9nergie r\u00e9alis\u00e9s au bon moment<\/strong><\/h2>\n\n\n\n<p>Cette baisse tarifaire s\u2019explique principalement par les conditions dans lesquelles les SIG ont achet\u00e9 leur \u00e9nergie.<\/p>\n\n\n\n<p>Ces derni\u00e8res ann\u00e9es, les prix d\u2019achat sur les march\u00e9s de l\u2019\u00e9lectricit\u00e9 ont connu une p\u00e9riode plus favorable. La r\u00e9gie publique avait notamment anticip\u00e9 une grande partie de ses achats avant une nouvelle remont\u00e9e des tensions internationales.<\/p>\n\n\n\n<p>Les SIG expliquent avoir effectu\u00e9 la majorit\u00e9 de leurs achats avant l\u2019\u00e9clatement du conflit au Moyen-Orient, ce qui leur permet aujourd\u2019hui de r\u00e9percuter des conditions plus avantageuses sur les consommateurs.<\/p>\n\n\n\n<p>Cette strat\u00e9gie d\u2019approvisionnement joue donc un r\u00f4le important dans la baisse annonc\u00e9e pour 2027.<\/p>\n\n\n\n<h2 class=\"wp-block-heading\"><strong>Les producteurs photovolta\u00efques ne sont pas concern\u00e9s par un changement<\/strong><\/h2>\n\n\n\n<p>Si les consommateurs profiteront d\u2019une diminution des tarifs, les <a href=\"https:\/\/econostrum.info\/suisse\/prix-electricite-baisse-tarifs-groupe\/\" data-type=\"post\" data-id=\"106871\">producteurs d\u2019\u00e9lectricit\u00e9<\/a> solaire conserveront les m\u00eames conditions de r\u00e9mun\u00e9ration.<\/p>\n\n\n\n<p>Les SIG ont indiqu\u00e9 que les conditions de r\u00e9tribution du courant produit par les<a href=\"https:\/\/econostrum.info\/suisse\/accord-suisse-ue-fin-tarif-garanti-coup-dur-proprietaires-panneaux-solaires\/\" data-type=\"post\" data-id=\"106908\"> installations photovolta\u00efques<\/a> resteront inchang\u00e9es en 2027.<\/p>\n\n\n\n<p>Cette d\u00e9cision intervient alors que le canton poursuit le d\u00e9veloppement des \u00e9nergies renouvelables et cherche \u00e0 maintenir un \u00e9quilibre entre soutien \u00e0 la production locale et \u00e9volution des prix pour les consommateurs.<\/p>\n\n\n\n<p>La baisse annonc\u00e9e reste donc limit\u00e9e, mais elle repr\u00e9sente un signal positif pour les m\u00e9nages genevois apr\u00e8s plusieurs ann\u00e9es marqu\u00e9es par de fortes fluctuations des prix de l\u2019\u00e9nergie.<\/p>\n\n\n\n<figure class=\"wp-block-embed is-type-rich is-provider-x wp-block-embed-x\"><div class=\"wp-block-embed__wrapper\">\n<blockquote class=\"twitter-tweet\" data-width=\"550\" data-dnt=\"true\"><p lang=\"fr\" dir=\"ltr\">Gen\u00e8ve : Le prix de l&#39;\u00e9lectricit\u00e9 en baisse en 2027 | La Radio Plus <a href=\"https:\/\/t.co\/TdXm9xkZ7W\">https:\/\/t.co\/TdXm9xkZ7W<\/a><\/p>&mdash; La Radio PLUS News (@LaRadioPlus) <a href=\"https:\/\/x.com\/LaRadioPlus\/status\/2092876313971286417?ref_src=twsrc%5Etfw\">August 27, 2026<\/a><\/blockquote><script async src=\"https:\/\/platform.x.com\/widgets.js\" charset=\"utf-8\"><\/script>\n<\/div><\/figure>\n","protected":false},"excerpt":{"rendered":"<p>Apr\u00e8s plusieurs ann\u00e9es marqu\u00e9es par les hausses et les incertitudes sur les march\u00e9s de l\u2019\u00e9nergie, une bonne nouvelle arrive pour les consommateurs genevois. <\/p>\n","protected":false},"author":35,"featured_media":113155,"comment_status":"open","ping_status":"closed","sticky":false,"template":"","format":"standard","meta":{"footnotes":""},"categories":[24],"tags":[],"class_list":["post-114013","post","type-post","status-publish","format-standard","has-post-thumbnail","hentry","category-energie","generate-columns","tablet-grid-50","mobile-grid-100","grid-parent","grid-33","no-featured-image-padding"],"_links":{"self":[{"href":"https:\/\/econostrum.info\/suisse\/wp-json\/wp\/v2\/posts\/114013","targetHints":{"allow":["GET"]}}],"collection":[{"href":"https:\/\/econostrum.info\/suisse\/wp-json\/wp\/v2\/posts"}],"about":[{"href":"https:\/\/econostrum.info\/suisse\/wp-json\/wp\/v2\/types\/post"}],"author":[{"embeddable":true,"href":"https:\/\/econostrum.info\/suisse\/wp-json\/wp\/v2\/users\/35"}],"replies":[{"embeddable":true,"href":"https:\/\/econostrum.info\/suisse\/wp-json\/wp\/v2\/comments?post=114013"}],"version-history":[{"count":1,"href":"https:\/\/econostrum.info\/suisse\/wp-json\/wp\/v2\/posts\/114013\/revisions"}],"predecessor-version":[{"id":114015,"href":"https:\/\/econostrum.info\/suisse\/wp-json\/wp\/v2\/posts\/114013\/revisions\/114015"}],"wp:featuredmedia":[{"embeddable":true,"href":"https:\/\/econostrum.info\/suisse\/wp-json\/wp\/v2\/media\/113155"}],"wp:attachment":[{"href":"https:\/\/econostrum.info\/suisse\/wp-json\/wp\/v2\/media?parent=114013"}],"wp:term":[{"taxonomy":"category","embeddable":true,"href":"https:\/\/econostrum.info\/suisse\/wp-json\/wp\/v2\/categories?post=114013"},{"taxonomy":"post_tag","embeddable":true,"href":"https:\/\/econostrum.info\/suisse\/wp-json\/wp\/v2\/tags?post=114013"}],"curies":[{"name":"wp","href":"https:\/\/api.w.org\/{rel}","templated":true}]}}