{"id":113710,"date":"2026-08-08T08:31:00","date_gmt":"2026-08-08T06:31:00","guid":{"rendered":"https:\/\/econostrum.info\/suisse\/?p=113710"},"modified":"2026-08-06T20:42:05","modified_gmt":"2026-08-06T18:42:05","slug":"emploi-suisse-le-chomage-repasse-juillet","status":"publish","type":"post","link":"https:\/\/econostrum.info\/suisse\/emploi-suisse-le-chomage-repasse-juillet\/","title":{"rendered":"Nouveau coup de frein pour l\u2019emploi suisse, le ch\u00f4mage repasse \u00e0 3 % en juillet"},"content":{"rendered":"\n<p>Apr\u00e8s quelques mois d\u2019am\u00e9lioration, le march\u00e9 du travail suisse montre de nouveaux signes de fragilit\u00e9. Le ch\u00f4mage est reparti \u00e0 la hausse en juillet, avec un taux qui atteint d\u00e9sormais 3%.&nbsp;<\/p>\n\n\n\n<p>Le nombre de personnes inscrites aupr\u00e8s des offices r\u00e9gionaux de placement progresse, tandis que les offres d\u2019emploi reculent. Une \u00e9volution qui confirme le ralentissement observ\u00e9 depuis plusieurs mois dans l\u2019\u00e9conomie helv\u00e9tique.&nbsp;<\/p>\n\n\n\n<h2 class=\"wp-block-heading\"><strong>Le nombre de ch\u00f4meurs d\u00e9passe les 139&rsquo;000 personnes<\/strong><\/h2>\n\n\n\n<p>Le ch\u00f4mage est reparti \u00e0 la hausse en Suisse durant le mois de juillet 2026. Selon les <a href=\"https:\/\/www.seco.admin.ch\/fr\/newnsb\/niOazL9Cj1f0D5QgjBkD6\" target=\"_blank\" rel=\"noopener\">chiffres publi\u00e9s par le Secr\u00e9tariat d\u2019\u00c9tat \u00e0 l\u2019\u00e9conomie (SECO)<\/a>, le taux de ch\u00f4mage a progress\u00e9 de 0,1 point de pourcentage par rapport \u00e0 juin, pour atteindre 3%.<\/p>\n\n\n\n<p>Au total, 139&rsquo;276 personnes \u00e9taient inscrites aupr\u00e8s des offices r\u00e9gionaux de placement (ORP) \u00e0 la fin du mois, soit 1&rsquo;525 personnes suppl\u00e9mentaires en un mois (+1,1%).<\/p>\n\n\n\n<p>Sur une ann\u00e9e, la hausse est encore plus marqu\u00e9e. Par rapport \u00e0 juillet 2025, le nombre de ch\u00f4meurs a augment\u00e9 de 10&rsquo;122 personnes, soit une progression de 7,8%.<\/p>\n\n\n\n<p>Le ch\u00f4mage corrig\u00e9 des variations saisonni\u00e8res s\u2019est \u00e9galement maintenu \u00e0 un niveau \u00e9lev\u00e9, avec un taux de 3,1% et 148&rsquo;002 personnes inscrites.<\/p>\n\n\n\n<p>Cette \u00e9volution confirme une tendance d\u00e9j\u00e0 observ\u00e9e depuis 2025. Apr\u00e8s avoir augment\u00e9 progressivement durant la seconde moiti\u00e9 de l\u2019ann\u00e9e derni\u00e8re, le ch\u00f4mage suisse avait atteint 3,2% en janvier et f\u00e9vrier 2026 avant de l\u00e9g\u00e8rement refluer au printemps.<\/p>\n\n\n\n<h2 class=\"wp-block-heading\"><strong>Les jeunes et les seniors davantage touch\u00e9s<\/strong><\/h2>\n\n\n\n<p>La hausse du ch\u00f4mage concerne plusieurs cat\u00e9gories de travailleurs. Chez les jeunes \u00e2g\u00e9s de 15 \u00e0 24 ans, le taux a progress\u00e9 de 0,1 point en juillet pour atteindre 2,8%.<\/p>\n\n\n\n<p>Le nombre de jeunes ch\u00f4meurs s\u2019\u00e9l\u00e8ve d\u00e9sormais \u00e0 12&rsquo;294 personnes, soit 547 de plus qu\u2019en juin. Sur un an, leur nombre a augment\u00e9 de 798 personnes (+6,9%).<\/p>\n\n\n\n<p>Les travailleurs \u00e2g\u00e9s sont \u00e9galement concern\u00e9s par cette progression. Chez les 50 \u00e0 64 ans, le nombre de ch\u00f4meurs a augment\u00e9 de 109 personnes en un mois, pour atteindre 38&rsquo;745 personnes.<\/p>\n\n\n\n<p>Le<a href=\"https:\/\/econostrum.info\/suisse\/taux-chomage-suisse-baisse-fevrier\/\" data-type=\"post\" data-id=\"101862\"> taux de ch\u00f4mage <\/a>des seniors s\u2019\u00e9tablit ainsi \u00e0 2,7%, en hausse de 0,1 point par rapport au mois pr\u00e9c\u00e9dent. Sur une ann\u00e9e, cette cat\u00e9gorie compte 3&rsquo;105 ch\u00f4meurs suppl\u00e9mentaires, soit une progression de 8,7%.<\/p>\n\n\n\n<figure class=\"wp-block-embed is-type-rich is-provider-x wp-block-embed-x\"><div class=\"wp-block-embed__wrapper\">\n<blockquote class=\"twitter-tweet\" data-width=\"550\" data-dnt=\"true\"><p lang=\"de\" dir=\"ltr\">\ud83c\udde8\ud83c\udded Arbeitsmarkt im Juli 2026<br><br>\u27a1\ufe0f Zahl der Arbeitslosen stieg auf 139\u2019276 (+1,1% gegen\u00fcber Juni)<br>\u27a1\ufe0f Gegen\u00fcber Juli 2025 erh\u00f6hte sich die Arbeitslosenzahl um 7,8%<br>\u27a1\ufe0f 38\u2019745 Arbeitslose im Alter von 50 bis 64 Jahren (+8,7% gegen\u00fcber dem Vorjahr)<br><br>\ud83d\uddde\ufe0f<a href=\"https:\/\/t.co\/47aS5KmWoY\">https:\/\/t.co\/47aS5KmWoY<\/a><\/p>&mdash; SECO (@SECO_CH) <a href=\"https:\/\/x.com\/SECO_CH\/status\/2085261099172090127?ref_src=twsrc%5Etfw\">August 6, 2026<\/a><\/blockquote><script async src=\"https:\/\/platform.x.com\/widgets.js\" charset=\"utf-8\"><\/script>\n<\/div><\/figure>\n\n\n\n<h2 class=\"wp-block-heading\"><strong>Moins d\u2019offres d\u2019emploi et une \u00e9conomie sous pression<\/strong><\/h2>\n\n\n\n<p>La hausse du ch\u00f4mage intervient alors que le nombre de postes disponibles diminue. En juillet, 45&rsquo;156 offres d\u2019emploi ont \u00e9t\u00e9 annonc\u00e9es aux ORP, soit 2&rsquo;088 de moins qu\u2019en juin (-4,4%).<\/p>\n\n\n\n<p>Malgr\u00e9 ce recul mensuel, le nombre de postes vacants reste sup\u00e9rieur \u00e0 celui observ\u00e9 un an plus t\u00f4t, avec 5&rsquo;351 offres suppl\u00e9mentaires (+13,4%).<\/p>\n\n\n\n<p>Le SECO explique cette \u00e9volution par un contexte \u00e9conomique moins dynamique. En juin, le gouvernement avait l\u00e9g\u00e8rement relev\u00e9 ses pr\u00e9visions de ch\u00f4mage pour 2026, tablant d\u00e9sormais sur un taux moyen de 3,1% sur l\u2019ensemble de l\u2019ann\u00e9e contre 3% auparavant.<\/p>\n\n\n\n<p>Pour limiter les cons\u00e9quences sur l\u2019emploi, les autorit\u00e9s ont prolong\u00e9 une mesure permettant d\u2019\u00e9tendre la dur\u00e9e maximale d\u2019<a href=\"https:\/\/econostrum.info\/suisse\/reduction-indemnisations-chomage-frontaliers-suisse\/\" data-type=\"post\" data-id=\"4920\">indemnisation du ch\u00f4mage<\/a> partiel \u00e0 24 mois au lieu de 18. Cette disposition, entr\u00e9e en vigueur en novembre 2025, reste applicable jusqu\u2019au 31 janvier 2027.<\/p>\n\n\n\n<p>Le gouvernement justifie cette d\u00e9cision par les incertitudes li\u00e9es \u00e0 la situation internationale, notamment les tensions g\u00e9opolitiques, les march\u00e9s de l\u2019\u00e9nergie et les incertitudes commerciales li\u00e9es aux droits de douane am\u00e9ricains.<\/p>\n","protected":false},"excerpt":{"rendered":"<p>Le ch\u00f4mage suisse repart \u00e0 la hausse. En juillet 2026, le taux a atteint 3%, avec plus de 139&rsquo;000 personnes inscrites aupr\u00e8s des ORP, alors que le march\u00e9 de l\u2019emploi montre des signes de ralentissement.<\/p>\n","protected":false},"author":35,"featured_media":113711,"comment_status":"open","ping_status":"closed","sticky":false,"template":"","format":"standard","meta":{"footnotes":""},"categories":[26],"tags":[],"class_list":["post-113710","post","type-post","status-publish","format-standard","has-post-thumbnail","hentry","category-emploi","generate-columns","tablet-grid-50","mobile-grid-100","grid-parent","grid-33","no-featured-image-padding"],"_links":{"self":[{"href":"https:\/\/econostrum.info\/suisse\/wp-json\/wp\/v2\/posts\/113710","targetHints":{"allow":["GET"]}}],"collection":[{"href":"https:\/\/econostrum.info\/suisse\/wp-json\/wp\/v2\/posts"}],"about":[{"href":"https:\/\/econostrum.info\/suisse\/wp-json\/wp\/v2\/types\/post"}],"author":[{"embeddable":true,"href":"https:\/\/econostrum.info\/suisse\/wp-json\/wp\/v2\/users\/35"}],"replies":[{"embeddable":true,"href":"https:\/\/econostrum.info\/suisse\/wp-json\/wp\/v2\/comments?post=113710"}],"version-history":[{"count":0,"href":"https:\/\/econostrum.info\/suisse\/wp-json\/wp\/v2\/posts\/113710\/revisions"}],"wp:featuredmedia":[{"embeddable":true,"href":"https:\/\/econostrum.info\/suisse\/wp-json\/wp\/v2\/media\/113711"}],"wp:attachment":[{"href":"https:\/\/econostrum.info\/suisse\/wp-json\/wp\/v2\/media?parent=113710"}],"wp:term":[{"taxonomy":"category","embeddable":true,"href":"https:\/\/econostrum.info\/suisse\/wp-json\/wp\/v2\/categories?post=113710"},{"taxonomy":"post_tag","embeddable":true,"href":"https:\/\/econostrum.info\/suisse\/wp-json\/wp\/v2\/tags?post=113710"}],"curies":[{"name":"wp","href":"https:\/\/api.w.org\/{rel}","templated":true}]}}