{"id":113702,"date":"2026-08-07T11:14:00","date_gmt":"2026-08-07T09:14:00","guid":{"rendered":"https:\/\/econostrum.info\/suisse\/?p=113702"},"modified":"2026-08-06T20:14:47","modified_gmt":"2026-08-06T18:14:47","slug":"poste-suisse-augmente-tarifs-lettre","status":"publish","type":"post","link":"https:\/\/econostrum.info\/suisse\/poste-suisse-augmente-tarifs-lettre\/","title":{"rendered":"La Poste suisse augmente ses tarifs : envoyer une lettre co\u00fbtera plus cher d\u00e8s 2027"},"content":{"rendered":"\n<p>Envoyer une lettre co\u00fbtera bient\u00f4t plus cher en Suisse. D\u00e8s 2027, La Poste augmentera ses tarifs apr\u00e8s un accord conclu avec le Surveillant des prix, alors que le volume de courrier ne cesse de reculer.&nbsp;<\/p>\n\n\n\n<p>Les colis, eux, \u00e9chapperont \u00e0 cette hausse et garderont leurs prix actuels pendant encore plusieurs ann\u00e9es. Cette d\u00e9cision relance le d\u00e9bat sur l\u2019avenir du service postal helv\u00e9tique.&nbsp;<\/p>\n\n\n\n<h2 class=\"wp-block-heading\"><strong>Le prix des lettres augmente d\u00e8s janvier 2027<\/strong><\/h2>\n\n\n\n<p>\u00c0 partir du 1er janvier 2027, envoyer une lettre co\u00fbtera plus cher en Suisse. Le tarif d\u2019une lettre standard en Courrier A passera de 1,20 franc actuellement \u00e0 1,40 franc. Le Courrier B conna\u00eetra \u00e9galement une hausse. Son prix augmentera de 10 centimes, passant de 1 franc \u00e0 1,10 franc.<\/p>\n\n\n\n<p>Ces nouveaux tarifs resteront appliqu\u00e9s jusqu\u2019\u00e0 fin 2029, selon l\u2019accord conclu entre <a href=\"https:\/\/econostrum.info\/suisse\/salaire-patrons-grandes-entreprises-suisses\/\" data-type=\"post\" data-id=\"105209\">La Poste <\/a>et le Surveillant des prix apr\u00e8s plusieurs mois de n\u00e9gociations, est-il pr\u00e9cis\u00e9 dans le <a href=\"https:\/\/www.admin.ch\/fr\/newnsb\/qYCqBsqVGndmEx62HlyQW\" target=\"_blank\" rel=\"noopener\">communiqu\u00e9 <\/a>publi\u00e9 par le Conseil f\u00e9d\u00e9ral.<\/p>\n\n\n\n<p>En revanche, les utilisateurs de <a href=\"https:\/\/econostrum.info\/suisse\/taxe-europeenne-suisse-colis-chinois\/\" data-type=\"post\" data-id=\"113391\">colis <\/a>ne seront pas concern\u00e9s par cette augmentation. Les tarifs des envois nationaux et internationaux resteront stables, tout comme les r\u00e9ductions li\u00e9es \u00e0 l\u2019affranchissement en ligne des colis suisses.<\/p>\n\n\n\n<p>La Poste a \u00e9galement renonc\u00e9 \u00e0 augmenter plusieurs autres prestations, notamment les services de r\u00e9acheminement du courrier, de r\u00e9exp\u00e9dition et de d\u00e9douanement. Les tarifs destin\u00e9s aux particuliers et aux PME ne changeront pas non plus.<\/p>\n\n\n\n<h2 class=\"wp-block-heading\"><strong>Une hausse justifi\u00e9e par l\u2019effondrement du volume de courrier<\/strong><\/h2>\n\n\n\n<p>Pour expliquer cette augmentation, La Poste met en avant une transformation profonde des habitudes de communication. Depuis 2010, le volume des lettres a chut\u00e9 de 40 % : deux courriers sur cinq ont disparu en quinze ans.<\/p>\n\n\n\n<p>Cette baisse repr\u00e9sente un d\u00e9fi majeur pour le service postal universel, dont les co\u00fbts restent largement stables malgr\u00e9 la diminution du nombre d\u2019envois.<\/p>\n\n\n\n<p>\u00ab Un ajustement mod\u00e9r\u00e9 des prix est indispensable pour continuer \u00e0 garantir un service public fort et autofinanc\u00e9 \u00bb, explique Pascal Grieder, directeur de La Poste.<\/p>\n\n\n\n<p>L\u2019entreprise souligne toutefois que les tarifs postaux suisses restent parmi les moins \u00e9lev\u00e9s d\u2019Europe lorsqu\u2019ils sont corrig\u00e9s en fonction du pouvoir d\u2019achat.<\/p>\n\n\n\n<p>Le Surveillant des prix estime \u00e9galement qu\u2019une r\u00e9flexion politique sera n\u00e9cessaire pour assurer durablement le financement du service postal universel. Il appelle notamment \u00e0 trouver de nouvelles solutions face aux changements structurels du secteur.<\/p>\n\n\n\n<h2 class=\"wp-block-heading\"><strong>La Poste investit dans les colis et le num\u00e9rique<\/strong><\/h2>\n\n\n\n<p>Malgr\u00e9 la hausse des lettres, La Poste poursuit ses investissements dans ses infrastructures. Un nouveau centre de colis est actuellement construit \u00e0 Frauenfeld, dans le canton de Thurgovie, tandis que plusieurs plateformes logistiques existantes sont modernis\u00e9es.<\/p>\n\n\n\n<p>L\u2019entreprise acc\u00e9l\u00e8re aussi son virage num\u00e9rique. Depuis avril 2026, les particuliers peuvent notamment recevoir leur courrier sous forme num\u00e9rique via l\u2019application de La Poste.<\/p>\n\n\n\n<p>Un autre changement concernera \u00e9galement le poids des lettres standard. \u00c0 l\u2019avenir, la cat\u00e9gorie allant jusqu\u2019\u00e0 50 grammes remplacera celle jusqu\u2019\u00e0 100 grammes. Cette modification permettra \u00e0 ces envois de ne plus \u00eatre soumis \u00e0 la TVA dans le secteur du monopole.<\/p>\n\n\n\n<p>Avec cet accord tarifaire valable jusqu\u2019en 2029, La Poste obtient une visibilit\u00e9 financi\u00e8re suppl\u00e9mentaire. Le Surveillant des prix rappelle toutefois que le mod\u00e8le reste sous pression et estime qu\u2019il faudra poursuivre les discussions sur l\u2019avenir du service postal suisse.<\/p>\n\n\n\n<figure class=\"wp-block-embed is-type-rich is-provider-x wp-block-embed-x\"><div class=\"wp-block-embed__wrapper\">\n<blockquote class=\"twitter-tweet\" data-width=\"550\" data-dnt=\"true\"><p lang=\"fr\" dir=\"ltr\">La Poste a annonc\u00e9 une hausse des prix pour le courrier. Les colis, eux, conserveront leurs tarifs actuels jusqu\u2019\u00e0 fin 2029. <a href=\"https:\/\/t.co\/DSXxC1ebvr\">https:\/\/t.co\/DSXxC1ebvr<\/a><\/p>&mdash; Tribune de Gen\u00e8ve (@tdgch) <a href=\"https:\/\/x.com\/tdgch\/status\/2085274704072294569?ref_src=twsrc%5Etfw\">August 6, 2026<\/a><\/blockquote><script async src=\"https:\/\/platform.x.com\/widgets.js\" charset=\"utf-8\"><\/script>\n<\/div><\/figure>\n","protected":false},"excerpt":{"rendered":"<p>La Poste suisse pr\u00e9pare un changement qui touchera des millions d\u2019usagers d\u00e8s 2027. Apr\u00e8s des n\u00e9gociations avec le Surveillant des prix, une nouvelle grille tarifaire entrera en vigueur, avec des cons\u00e9quences diff\u00e9rentes selon les types d\u2019envois.<\/p>\n","protected":false},"author":35,"featured_media":113703,"comment_status":"open","ping_status":"closed","sticky":false,"template":"","format":"standard","meta":{"footnotes":""},"categories":[15],"tags":[],"class_list":["post-113702","post","type-post","status-publish","format-standard","has-post-thumbnail","hentry","category-entreprise","generate-columns","tablet-grid-50","mobile-grid-100","grid-parent","grid-33","no-featured-image-padding"],"_links":{"self":[{"href":"https:\/\/econostrum.info\/suisse\/wp-json\/wp\/v2\/posts\/113702","targetHints":{"allow":["GET"]}}],"collection":[{"href":"https:\/\/econostrum.info\/suisse\/wp-json\/wp\/v2\/posts"}],"about":[{"href":"https:\/\/econostrum.info\/suisse\/wp-json\/wp\/v2\/types\/post"}],"author":[{"embeddable":true,"href":"https:\/\/econostrum.info\/suisse\/wp-json\/wp\/v2\/users\/35"}],"replies":[{"embeddable":true,"href":"https:\/\/econostrum.info\/suisse\/wp-json\/wp\/v2\/comments?post=113702"}],"version-history":[{"count":0,"href":"https:\/\/econostrum.info\/suisse\/wp-json\/wp\/v2\/posts\/113702\/revisions"}],"wp:featuredmedia":[{"embeddable":true,"href":"https:\/\/econostrum.info\/suisse\/wp-json\/wp\/v2\/media\/113703"}],"wp:attachment":[{"href":"https:\/\/econostrum.info\/suisse\/wp-json\/wp\/v2\/media?parent=113702"}],"wp:term":[{"taxonomy":"category","embeddable":true,"href":"https:\/\/econostrum.info\/suisse\/wp-json\/wp\/v2\/categories?post=113702"},{"taxonomy":"post_tag","embeddable":true,"href":"https:\/\/econostrum.info\/suisse\/wp-json\/wp\/v2\/tags?post=113702"}],"curies":[{"name":"wp","href":"https:\/\/api.w.org\/{rel}","templated":true}]}}