{"id":113676,"date":"2026-08-06T08:00:00","date_gmt":"2026-08-06T06:00:00","guid":{"rendered":"https:\/\/econostrum.info\/suisse\/?p=113676"},"modified":"2026-08-05T17:00:28","modified_gmt":"2026-08-05T15:00:28","slug":"legionellose-bale-manor-epidemie","status":"publish","type":"post","link":"https:\/\/econostrum.info\/suisse\/legionellose-bale-manor-epidemie\/","title":{"rendered":"L\u00e9gionellose \u00e0 B\u00e2le : Manor risque jusqu\u2019\u00e0 5 millions de francs apr\u00e8s l\u2019\u00e9pid\u00e9mie"},"content":{"rendered":"\n<p>L\u2019\u00e9pid\u00e9mie de l\u00e9gionellose qui frappe B\u00e2le prend une nouvelle tournure avec l\u2019identification d\u2019une source probable de contamination. Deux tours de refroidissement appartenant \u00e0 Manor seraient \u00e0 l\u2019origine de 26 cas, dont un d\u00e9c\u00e8s.&nbsp;<\/p>\n\n\n\n<p>Alors que plusieurs personnes restent hospitalis\u00e9es, l\u2019entreprise pourrait d\u00e9sormais faire face \u00e0 des cons\u00e9quences judiciaires et financi\u00e8res importantes. Des indemnisations et une amende pouvant atteindre plusieurs millions de francs sont \u00e9voqu\u00e9es.&nbsp;<\/p>\n\n\n\n<h2 class=\"wp-block-heading\"><strong>Les tours de refroidissement de Manor au centre de l\u2019enqu\u00eate<\/strong><\/h2>\n\n\n\n<p>L\u2019origine probable de l\u2019<a href=\"https:\/\/econostrum.info\/suisse\/bale-alerte-legionellose-mort-patients-soin\/\" data-type=\"post\" data-id=\"113659\">\u00e9pid\u00e9mie de l\u00e9gionellose <\/a>qui touche B\u00e2le a \u00e9t\u00e9 identifi\u00e9e par le laboratoire cantonal. Deux tours de refroidissement humides appartenant \u00e0 Manor seraient responsables de la diffusion d\u2019une souche dangereuse de l\u00e9gionelles.<\/p>\n\n\n\n<p>L\u2019installation concern\u00e9e a depuis \u00e9t\u00e9 arr\u00eat\u00e9e. Ces \u00e9quipements, utilis\u00e9s pour \u00e9vacuer la chaleur des b\u00e2timents gr\u00e2ce \u00e0 l\u2019\u00e9vaporation de l\u2019eau, n\u00e9cessitent un entretien sanitaire particuli\u00e8rement strict afin d\u2019\u00e9viter la prolif\u00e9ration de bact\u00e9ries.<\/p>\n\n\n\n<p>Le bilan de cette contamination s\u2019\u00e9l\u00e8ve d\u00e9sormais \u00e0 26 personnes malades. Cinq personnes restent hospitalis\u00e9es, dont une en soins intensifs, tandis qu\u2019un homme de 69 ans est d\u00e9c\u00e9d\u00e9.<\/p>\n\n\n\n<p>L\u2019annonce de la source probable de contamination a \u00e9galement provoqu\u00e9 la col\u00e8re de certains habitants du quartier, qui estiment ne pas avoir \u00e9t\u00e9 inform\u00e9s suffisamment t\u00f4t d\u2019un \u00e9ventuel danger.<\/p>\n\n\n\n<h2 class=\"wp-block-heading\"><strong>Des victimes pourraient r\u00e9clamer des indemnisations<\/strong><\/h2>\n\n\n\n<p>Sur le plan juridique, l\u2019affaire pourrait prendre une nouvelle dimension. Selon Me Jonas Steiner, avocat sp\u00e9cialis\u00e9 en responsabilit\u00e9 civile, des employ\u00e9s de Manor touch\u00e9s par la maladie ainsi que des habitants contamin\u00e9s pourraient engager des d\u00e9marches contre l\u2019entreprise.<\/p>\n\n\n\n<p>Les personnes concern\u00e9es pourraient notamment demander r\u00e9paration pour les dommages subis, comme le rel\u00e8ve <a href=\"https:\/\/www.blick.ch\/fr\/suisse\/bale-lepidemie-de-legionellose-pourrait-co-ter-5-millions-de-francs-a-manor-id22158808.html\" target=\"_blank\" rel=\"noopener\">Blick<\/a>. Pour les victimes ext\u00e9rieures \u00e0 l\u2019entreprise, une proc\u00e9dure viserait plus probablement Manor en tant que soci\u00e9t\u00e9 plut\u00f4t que des employ\u00e9s individuellement.<\/p>\n\n\n\n<p>L\u2019avocat estime qu\u2019obtenir une indemnisation serait davantage envisageable par un accord amiable que par un long proc\u00e8s. \u00abDans la plupart des cas, un accord est trouv\u00e9 \u00e0 l\u2019amiable\u00bb, explique-t-il.<\/p>\n\n\n\n<p>Une \u00e9ventuelle responsabilit\u00e9 p\u00e9nale pourrait \u00e9galement \u00eatre \u00e9tudi\u00e9e. Une condamnation pour homicide par n\u00e9gligence n\u00e9cessiterait toutefois de d\u00e9montrer qu\u2019un d\u00e9faut d\u2019entretien ou une n\u00e9gligence identifiable aurait contribu\u00e9 au d\u00e9c\u00e8s et qu\u2019un entretien adapt\u00e9 aurait probablement permis d\u2019\u00e9viter le drame.<\/p>\n\n\n\n<h2 class=\"wp-block-heading\"><strong>Manor pourrait faire face \u00e0 une amende de plusieurs millions<\/strong><\/h2>\n\n\n\n<p>Au-del\u00e0 des indemnisations potentielles, <a href=\"https:\/\/econostrum.info\/suisse\/geant-francais-mode-suisse-prix-menage\/\" data-type=\"post\" data-id=\"112100\">Manor <\/a>pourrait aussi subir une sanction financi\u00e8re de la part des autorit\u00e9s.<\/p>\n\n\n\n<p>Une amende pouvant atteindre cinq millions de francs est \u00e9voqu\u00e9e dans le cas o\u00f9 une infraction p\u00e9nale serait li\u00e9e non pas \u00e0 une personne pr\u00e9cise, mais \u00e0 une organisation d\u00e9faillante au sein de l\u2019entreprise.<\/p>\n\n\n\n<p>De son c\u00f4t\u00e9, Manor affirme coop\u00e9rer avec les autorit\u00e9s et indique que les installations concern\u00e9es font actuellement l\u2019objet d\u2019analyses. La cha\u00eene de grands magasins a confirm\u00e9 que des concentrations \u00e9lev\u00e9es de l\u00e9gionelles avaient \u00e9t\u00e9 d\u00e9tect\u00e9es dans les deux tours de refroidissement de son si\u00e8ge social.<\/p>\n\n\n\n<p>L\u2019entreprise assure d\u00e9sormais que les installations ont \u00e9t\u00e9 mises hors service et qu\u2019il n\u2019existe plus de risque pour ses collaborateurs travaillant sur place.<\/p>\n\n\n\n<p>Le dossier reste toutefois ouvert. Entre les \u00e9ventuelles demandes d\u2019indemnisation des victimes, les investigations sanitaires et les possibles suites judiciaires, les cons\u00e9quences de cette \u00e9pid\u00e9mie pourraient encore s\u2019\u00e9tendre dans les prochains mois.<\/p>\n\n\n\n<figure class=\"wp-block-embed is-type-rich is-provider-x wp-block-embed-x\"><div class=\"wp-block-embed__wrapper\">\n<blockquote class=\"twitter-tweet\" data-width=\"550\" data-dnt=\"true\"><p lang=\"fr\" dir=\"ltr\">Les tours de refroidissement du b\u00e2timent principal de Manor ont \u00e9t\u00e9 identifi\u00e9es comme source de contamination et mises hors service, apr\u00e8s la flamb\u00e9e de l\u00e9gionellose des deux derni\u00e8res semaines qui a provoqu\u00e9 un d\u00e9c\u00e8s<br>\u27a1\ufe0f <a href=\"https:\/\/t.co\/PyLFs3o8MI\">https:\/\/t.co\/PyLFs3o8MI<\/a> <a href=\"https:\/\/t.co\/YloQXKIlAe\">pic.twitter.com\/YloQXKIlAe<\/a><\/p>&mdash; Le Temps (@LeTemps) <a href=\"https:\/\/x.com\/LeTemps\/status\/2084674531008925717?ref_src=twsrc%5Etfw\">August 4, 2026<\/a><\/blockquote><script async src=\"https:\/\/platform.x.com\/widgets.js\" charset=\"utf-8\"><\/script>\n<\/div><\/figure>\n","protected":false},"excerpt":{"rendered":"<p>Apr\u00e8s 26 contaminations et un d\u00e9c\u00e8s, l\u2019\u00e9pid\u00e9mie de l\u00e9gionellose \u00e0 B\u00e2le pourrait co\u00fbter cher \u00e0 Manor. La cha\u00eene de grands magasins risque des demandes d\u2019indemnisation et une sanction pouvant aller jusqu\u2019\u00e0 5 millions de francs.<\/p>\n","protected":false},"author":35,"featured_media":113678,"comment_status":"open","ping_status":"closed","sticky":false,"template":"","format":"standard","meta":{"footnotes":""},"categories":[15],"tags":[],"class_list":["post-113676","post","type-post","status-publish","format-standard","has-post-thumbnail","hentry","category-entreprise","generate-columns","tablet-grid-50","mobile-grid-100","grid-parent","grid-33","no-featured-image-padding"],"_links":{"self":[{"href":"https:\/\/econostrum.info\/suisse\/wp-json\/wp\/v2\/posts\/113676","targetHints":{"allow":["GET"]}}],"collection":[{"href":"https:\/\/econostrum.info\/suisse\/wp-json\/wp\/v2\/posts"}],"about":[{"href":"https:\/\/econostrum.info\/suisse\/wp-json\/wp\/v2\/types\/post"}],"author":[{"embeddable":true,"href":"https:\/\/econostrum.info\/suisse\/wp-json\/wp\/v2\/users\/35"}],"replies":[{"embeddable":true,"href":"https:\/\/econostrum.info\/suisse\/wp-json\/wp\/v2\/comments?post=113676"}],"version-history":[{"count":0,"href":"https:\/\/econostrum.info\/suisse\/wp-json\/wp\/v2\/posts\/113676\/revisions"}],"wp:featuredmedia":[{"embeddable":true,"href":"https:\/\/econostrum.info\/suisse\/wp-json\/wp\/v2\/media\/113678"}],"wp:attachment":[{"href":"https:\/\/econostrum.info\/suisse\/wp-json\/wp\/v2\/media?parent=113676"}],"wp:term":[{"taxonomy":"category","embeddable":true,"href":"https:\/\/econostrum.info\/suisse\/wp-json\/wp\/v2\/categories?post=113676"},{"taxonomy":"post_tag","embeddable":true,"href":"https:\/\/econostrum.info\/suisse\/wp-json\/wp\/v2\/tags?post=113676"}],"curies":[{"name":"wp","href":"https:\/\/api.w.org\/{rel}","templated":true}]}}