{"id":113646,"date":"2026-08-03T15:10:00","date_gmt":"2026-08-03T13:10:00","guid":{"rendered":"https:\/\/econostrum.info\/suisse\/?p=113646"},"modified":"2026-08-02T21:11:21","modified_gmt":"2026-08-02T19:11:21","slug":"panneaux-solaires-suisse-regle-revenus","status":"publish","type":"post","link":"https:\/\/econostrum.info\/suisse\/panneaux-solaires-suisse-regle-revenus\/","title":{"rendered":"Panneaux solaires en Suisse : une nouvelle r\u00e8gle pourrait changer vos revenus d\u00e8s 2027\u00a0"},"content":{"rendered":"\n<p>Les propri\u00e9taires de panneaux solaires suisses vont devoir s\u2019adapter \u00e0 un changement important d\u00e8s 2027. La r\u00e9mun\u00e9ration de l\u2019\u00e9lectricit\u00e9 r\u00e9inject\u00e9e dans le r\u00e9seau ne sera plus la m\u00eame selon les p\u00e9riodes et pourra fortement varier.&nbsp;<\/p>\n\n\n\n<p>Les journ\u00e9es de forte production solaire pourraient rapporter moins, tandis que certains moments de forte demande pourraient devenir plus int\u00e9ressants. Cette nouvelle r\u00e8gle va obliger les producteurs \u00e0 revoir leur mani\u00e8re de g\u00e9rer leur installation.&nbsp;<\/p>\n\n\n\n<h2 class=\"wp-block-heading\"><strong>Les prix de rachat de l\u2019\u00e9lectricit\u00e9 solaire vont devenir plus variables<\/strong><\/h2>\n\n\n\n<p>Aujourd\u2019hui, les propri\u00e9taires de<a href=\"https:\/\/econostrum.info\/suisse\/accord-suisse-ue-fin-tarif-garanti-coup-dur-proprietaires-panneaux-solaires\/\" data-type=\"post\" data-id=\"106908\"> panneaux photovolta\u00efques<\/a> revendent leur surplus d\u2019\u00e9lectricit\u00e9 aux gestionnaires de r\u00e9seau selon des tarifs d\u00e9finis. \u00c0 partir de 2027, ce fonctionnement va \u00e9voluer avec l\u2019introduction d\u2019une r\u00e9mun\u00e9ration davantage li\u00e9e aux conditions du march\u00e9.<\/p>\n\n\n\n<p>Concr\u00e8tement, la valeur de l\u2019\u00e9lectricit\u00e9 produite pourra \u00eatre calcul\u00e9e heure par heure selon la quantit\u00e9 disponible sur le r\u00e9seau. Lorsque les panneaux solaires produiront massivement, notamment lors des journ\u00e9es tr\u00e8s ensoleill\u00e9es \u00e0 midi, l\u2019offre pourra d\u00e9passer la demande et faire baisser fortement les prix.<\/p>\n\n\n\n<p>Dans certaines situations, des tarifs n\u00e9gatifs seront m\u00eame possibles. Cela signifie que certains producteurs pourraient devoir payer pour injecter leur \u00e9lectricit\u00e9 sur le r\u00e9seau.<\/p>\n\n\n\n<p>\u00c0 l\u2019inverse, les p\u00e9riodes o\u00f9 la demande est \u00e9lev\u00e9e pourraient devenir plus int\u00e9ressantes financi\u00e8rement. Les propri\u00e9taires qui r\u00e9ussiront \u00e0 injecter leur surplus lorsque le r\u00e9seau manque d\u2019\u00e9lectricit\u00e9 pourraient alors obtenir une meilleure r\u00e9mun\u00e9ration.<\/p>\n\n\n\n<p>Pour limiter l\u2019impact de ces variations, la Conf\u00e9d\u00e9ration pr\u00e9voit toutefois une r\u00e9mun\u00e9ration minimale pour les petites installations solaires, notamment celles install\u00e9es sur les toits des maisons individuelles. Si le prix moyen descend sous 6 centimes par kilowattheure, une compensation sera appliqu\u00e9e.<\/p>\n\n\n\n<h2 class=\"wp-block-heading\"><strong>Les particuliers devraient \u00eatre prot\u00e9g\u00e9s, mais les grandes installations seront plus expos\u00e9es<\/strong><\/h2>\n\n\n\n<p>Malgr\u00e9 ces changements, les propri\u00e9taires de petites installations ne devraient pas forc\u00e9ment voir leurs revenus dispara\u00eetre. Selon David Stickelberger, de l\u2019association Swissolar, cit\u00e9 par <a href=\"https:\/\/www.blick.ch\/fr\/economie\/suisse-les-regles-changent-en-2027-ce-quil-faut-savoir-id22106151.html\" target=\"_blank\" rel=\"noopener\">Blick<\/a>, la r\u00e9mun\u00e9ration minimale permettra de maintenir un revenu pour la majorit\u00e9 des m\u00e9nages.<\/p>\n\n\n\n<p>Les <a href=\"https:\/\/econostrum.info\/suisse\/suisses-choisir-librement-fournisseur-electricite\/\" data-type=\"post\" data-id=\"104125\">fournisseurs d\u2019\u00e9lectricit\u00e9<\/a> pourront \u00e9galement continuer \u00e0 proposer des tarifs plus avantageux que le minimum fix\u00e9 par la Conf\u00e9d\u00e9ration. M\u00eame en cas de quelques heures avec des prix n\u00e9gatifs, l\u2019\u00e9lectricit\u00e9 solaire restera g\u00e9n\u00e9ralement r\u00e9mun\u00e9r\u00e9e.<\/p>\n\n\n\n<p>La situation sera diff\u00e9rente pour les grandes installations, notamment celles des entreprises ou des exploitations agricoles. Elles ne b\u00e9n\u00e9ficieront pas de la m\u00eame protection minimale et seront davantage expos\u00e9es aux fluctuations du march\u00e9.<\/p>\n\n\n\n<p>Pour ces producteurs, vendre de l\u2019\u00e9lectricit\u00e9 pendant des p\u00e9riodes o\u00f9 les prix deviennent n\u00e9gatifs pourrait repr\u00e9senter un co\u00fbt important. Beaucoup disposent toutefois d\u00e9j\u00e0 de syst\u00e8mes permettant d\u2019optimiser leur consommation ou de choisir les meilleurs moments pour injecter leur production.<\/p>\n\n\n\n<h2 class=\"wp-block-heading\"><strong>Consommer son propre courant devient encore plus int\u00e9ressant<\/strong><\/h2>\n\n\n\n<p>Avec les nouvelles r\u00e8gles, l\u2019autoconsommation pourrait devenir un \u00e9l\u00e9ment essentiel pour les propri\u00e9taires de panneaux solaires.<\/p>\n\n\n\n<p>L\u2019Association des entreprises \u00e9lectriques suisses recommande notamment d\u2019utiliser l\u2019\u00e9lectricit\u00e9 produite pendant les p\u00e9riodes de forte production. Recharger une voiture \u00e9lectrique, chauffer un ballon d\u2019eau chaude ou stocker l\u2019\u00e9nergie dans une batterie permet de limiter la d\u00e9pendance aux fluctuations du march\u00e9.<\/p>\n\n\n\n<p>Pour profiter pleinement du nouveau syst\u00e8me, certains \u00e9quipements seront particuli\u00e8rement utiles : compteur intelligent, onduleur moderne ou batterie de stockage. Des solutions permettent \u00e9galement d\u2019automatiser la gestion de l\u2019installation afin qu\u2019elle r\u00e9agisse aux variations de prix.<\/p>\n\n\n\n<p>En \u00e9t\u00e9, les panneaux produisent g\u00e9n\u00e9ralement beaucoup d\u2019\u00e9lectricit\u00e9 autour de midi, alors que la consommation est plus faible. Les prix sont donc souvent moins \u00e9lev\u00e9s. \u00c0 l\u2019inverse, les tarifs augmentent fr\u00e9quemment en soir\u00e9e, lorsque les besoins en \u00e9lectricit\u00e9 progressent.<\/p>\n\n\n\n<p>La Conf\u00e9d\u00e9ration justifie cette r\u00e9forme par la n\u00e9cessit\u00e9 de mieux \u00e9quilibrer le r\u00e9seau \u00e9lectrique suisse. Avec l\u2019explosion du solaire photovolta\u00efque, les p\u00e9riodes de surplus deviennent plus fr\u00e9quentes, ce qui peut fragiliser la gestion du r\u00e9seau.<\/p>\n\n\n\n<figure class=\"wp-block-embed is-type-rich is-provider-x wp-block-embed-x\"><div class=\"wp-block-embed__wrapper\">\n<blockquote class=\"twitter-tweet\" data-width=\"550\" data-dnt=\"true\"><p lang=\"fr\" dir=\"ltr\">Rendement photovolta\u00efque en baisse, centrales nucl\u00e9aires \u00e0 l\u2019arr\u00eat, c\u00e2bles \u00e9lectriques qui s\u2019affaissent\u2026 Les canicules ont un impact sur les syst\u00e8mes \u00e9lectriques. Mais cette ann\u00e9e en Suisse, il n\u2019est pas trop pr\u00e9judiciable <a href=\"https:\/\/t.co\/e44jnRNXqI\">https:\/\/t.co\/e44jnRNXqI<\/a><\/p>&mdash; Le Temps (@LeTemps) <a href=\"https:\/\/x.com\/LeTemps\/status\/2083093134041391208?ref_src=twsrc%5Etfw\">July 31, 2026<\/a><\/blockquote><script async src=\"https:\/\/platform.x.com\/widgets.js\" charset=\"utf-8\"><\/script>\n<\/div><\/figure>\n","protected":false},"excerpt":{"rendered":"<p>D\u00e8s 2027, les propri\u00e9taires de panneaux solaires en Suisse devront composer avec une nouvelle m\u00e9thode de calcul pour la revente de leur \u00e9lectricit\u00e9. <\/p>\n","protected":false},"author":35,"featured_media":113647,"comment_status":"open","ping_status":"closed","sticky":false,"template":"","format":"standard","meta":{"footnotes":""},"categories":[24],"tags":[],"class_list":["post-113646","post","type-post","status-publish","format-standard","has-post-thumbnail","hentry","category-energie","generate-columns","tablet-grid-50","mobile-grid-100","grid-parent","grid-33","no-featured-image-padding"],"_links":{"self":[{"href":"https:\/\/econostrum.info\/suisse\/wp-json\/wp\/v2\/posts\/113646","targetHints":{"allow":["GET"]}}],"collection":[{"href":"https:\/\/econostrum.info\/suisse\/wp-json\/wp\/v2\/posts"}],"about":[{"href":"https:\/\/econostrum.info\/suisse\/wp-json\/wp\/v2\/types\/post"}],"author":[{"embeddable":true,"href":"https:\/\/econostrum.info\/suisse\/wp-json\/wp\/v2\/users\/35"}],"replies":[{"embeddable":true,"href":"https:\/\/econostrum.info\/suisse\/wp-json\/wp\/v2\/comments?post=113646"}],"version-history":[{"count":0,"href":"https:\/\/econostrum.info\/suisse\/wp-json\/wp\/v2\/posts\/113646\/revisions"}],"wp:featuredmedia":[{"embeddable":true,"href":"https:\/\/econostrum.info\/suisse\/wp-json\/wp\/v2\/media\/113647"}],"wp:attachment":[{"href":"https:\/\/econostrum.info\/suisse\/wp-json\/wp\/v2\/media?parent=113646"}],"wp:term":[{"taxonomy":"category","embeddable":true,"href":"https:\/\/econostrum.info\/suisse\/wp-json\/wp\/v2\/categories?post=113646"},{"taxonomy":"post_tag","embeddable":true,"href":"https:\/\/econostrum.info\/suisse\/wp-json\/wp\/v2\/tags?post=113646"}],"curies":[{"name":"wp","href":"https:\/\/api.w.org\/{rel}","templated":true}]}}