{"id":113638,"date":"2026-08-03T08:31:00","date_gmt":"2026-08-03T06:31:00","guid":{"rendered":"https:\/\/econostrum.info\/suisse\/?p=113638"},"modified":"2026-08-02T20:31:55","modified_gmt":"2026-08-02T18:31:55","slug":"an-trump-entreprises-suisses-degats","status":"publish","type":"post","link":"https:\/\/econostrum.info\/suisse\/an-trump-entreprises-suisses-degats\/","title":{"rendered":"Un an de montagnes russes avec Trump : les entreprises suisses d\u00e9voilent les d\u00e9g\u00e2ts\u00a0"},"content":{"rendered":"\n<p>Un an apr\u00e8s le choc provoqu\u00e9 par les droits de douane am\u00e9ricains, les entreprises suisses restent plong\u00e9es dans l\u2019incertitude. Les surtaxes ont certes recul\u00e9 par rapport aux 39 % annonc\u00e9s le 1er ao\u00fbt 2025, mais leurs cons\u00e9quences continuent de peser sur les exportateurs.&nbsp;<\/p>\n\n\n\n<p>Hausse des prix, recul des ventes et millions de francs immobilis\u00e9s ont marqu\u00e9 les douze derniers mois. Plusieurs PME ont toutefois r\u00e9ussi \u00e0 limiter les d\u00e9g\u00e2ts en partageant les co\u00fbts, en produisant davantage aux \u00c9tats-Unis ou en r\u00e9clamant le remboursement des montants vers\u00e9s.<\/p>\n\n\n\n<h2 class=\"wp-block-heading\"><strong>Des droits r\u00e9duits, mais une incertitude toujours aussi forte<\/strong><\/h2>\n\n\n\n<p>Depuis le 24 juillet 2026, les produits suisses entrant aux \u00c9tats-Unis peuvent \u00eatre soumis \u00e0 un droit additionnel pouvant atteindre 12,5 %. Le taux r\u00e9el varie selon les produits et tient compte des droits d\u00e9j\u00e0 appliqu\u00e9s au titre de la nation la plus favoris\u00e9e, tandis que certaines cat\u00e9gories b\u00e9n\u00e9ficient d\u2019exemptions. Les taxes sectorielles sur l\u2019acier, l\u2019aluminium ou d\u2019autres marchandises restent \u00e9galement en vigueur.<\/p>\n\n\n\n<p>Cette nouvelle situation repr\u00e9sente une am\u00e9lioration par rapport aux 39 % impos\u00e9s un an plus t\u00f4t, mais les entreprises suisses restent moins bien trait\u00e9es que certains concurrents europ\u00e9ens. Les changements successifs ont surtout rendu les investissements, les commandes et la fixation des prix particuli\u00e8rement difficiles.<\/p>\n\n\n\n<p>Richard Baldwin, professeur d\u2019\u00e9conomie internationale \u00e0 l\u2019IMD de Lausanne, estime que les entreprises doivent d\u00e9sormais consid\u00e9rer cette instabilit\u00e9 comme une nouvelle r\u00e9alit\u00e9. \u00c0 ses yeux, la politique douani\u00e8re de Donald Trump repose davantage sur des motivations politiques que sur une v\u00e9ritable logique \u00e9conomique.<\/p>\n\n\n\n<p>Les t\u00e9moignages recueillis par <a href=\"https:\/\/www.blick.ch\/fr\/suisse\/taxe-un-an-apres-les-39-o-en-sont-ces-entreprises-id22147709.html\" target=\"_blank\" rel=\"noopener\">Blick <\/a>aupr\u00e8s de plusieurs entreprises montrent que cette impr\u00e9visibilit\u00e9 a souvent \u00e9t\u00e9 plus difficile \u00e0 g\u00e9rer que le niveau m\u00eame des taxes. Les dirigeants ont d\u00fb modifier leurs tarifs, utiliser leurs stocks ou n\u00e9gocier directement avec leurs clients am\u00e9ricains pour pr\u00e9server leurs parts de march\u00e9.<\/p>\n\n\n\n<h2 class=\"wp-block-heading\"><strong>Ricola, Victorinox et Maestrani ont r\u00e9cup\u00e9r\u00e9 une partie des sommes<\/strong><\/h2>\n\n\n\n<p>Les \u00c9tats-Unis constituent le premier march\u00e9 de <a href=\"https:\/\/econostrum.info\/suisse\/lidl-magasins-suisses-prochains-jours\/\" data-type=\"post\" data-id=\"112155\">Ricola <\/a>et repr\u00e9sentaient environ 40 % de ses exportations avant l\u2019instauration des surtaxes. Le fabricant de bonbons aux herbes estime avoir subi un pr\u00e9judice de plusieurs millions de francs.<\/p>\n\n\n\n<p>L\u2019entreprise a augment\u00e9 ses prix d\u2019environ 10 %, mais affirme n\u2019avoir enregistr\u00e9 qu\u2019un recul limit\u00e9 de son activit\u00e9. Elle b\u00e9n\u00e9ficie notamment d\u2019une organisation particuli\u00e8re puisque les produits semi-finis sont fabriqu\u00e9s en Suisse avant d\u2019\u00eatre conditionn\u00e9s en petites unit\u00e9s aux \u00c9tats-Unis.<\/p>\n\n\n\n<p><a href=\"https:\/\/econostrum.info\/suisse\/entreprises-suisses-recuperent-etats-unis\/\" data-type=\"post\" data-id=\"113561\">Victorinox <\/a>a \u00e9galement \u00e9t\u00e9 fortement touch\u00e9e. En un an, la part de ses exportations destin\u00e9es au march\u00e9 am\u00e9ricain est pass\u00e9e de plus de 20 % \u00e0 environ 13 %. La marque schwytzoise a refus\u00e9 de d\u00e9placer la fabrication de ses c\u00e9l\u00e8bres couteaux, leur origine suisse constituant un \u00e9l\u00e9ment central de leur identit\u00e9.<\/p>\n\n\n\n<p>L\u2019entreprise a r\u00e9clam\u00e9 4,5 millions de dollars aux autorit\u00e9s douani\u00e8res am\u00e9ricaines et affirme avoir d\u00e9j\u00e0 r\u00e9cup\u00e9r\u00e9 plus de 4 millions. Elle continue cependant \u00e0 supporter un surco\u00fbt proche de 30 % sur certains produits en raison des taxes visant notamment l\u2019acier et l\u2019aluminium.<\/p>\n\n\n\n<p>Chez Maestrani, fabricant des chocolats Minor et Munz, les stocks constitu\u00e9s avant l\u2019entr\u00e9e en vigueur des droits ont permis de limiter les cons\u00e9quences imm\u00e9diates. La soci\u00e9t\u00e9 a d\u00e9j\u00e0 obtenu le remboursement d\u2019une partie des surtaxes, mais reste pr\u00e9occup\u00e9e par l\u2019\u00e9cart de traitement entre la Suisse et l\u2019Union europ\u00e9enne.<\/p>\n\n\n\n<h2 class=\"wp-block-heading\"><strong>Certaines entreprises ont augment\u00e9 leurs prix ou partag\u00e9 la facture<\/strong><\/h2>\n\n\n\n<p>Weleda a \u00e9t\u00e9 moins expos\u00e9e que d\u2019autres groupes suisses, car une grande partie de ses produits destin\u00e9s aux \u00c9tats-Unis est export\u00e9e depuis l\u2019Allemagne. Le fabricant de cosm\u00e9tiques naturels a n\u00e9anmoins relev\u00e9 ses prix sur le march\u00e9 am\u00e9ricain en 2025, une premi\u00e8re depuis sept ans.<\/p>\n\n\n\n<p>Thermoplan, qui exportait plus de 30 % de sa production de machines \u00e0 caf\u00e9 vers les \u00c9tats-Unis, a choisi de prendre \u00e0 sa charge la moiti\u00e9 des surco\u00fbts et de partager le reste avec ses clients. Ces derniers ont ensuite demand\u00e9 le remboursement des droits et ont pu restituer une grande partie des sommes \u00e0 l\u2019entreprise lucernoise.<\/p>\n\n\n\n<p>Kuhn Rikon a augment\u00e9 ses prix de 20 % aux \u00c9tats-Unis, sans parvenir \u00e0 compenser compl\u00e8tement le recul du chiffre d\u2019affaires et des marges. Le fabricant d\u2019ustensiles de cuisine reste soumis \u00e0 des taxes comprises entre 15 et 30 % sur certains produits, malgr\u00e9 le remboursement de plusieurs centaines de milliers de francs.<\/p>\n\n\n\n<p>D\u2019autres entreprises ont r\u00e9ussi \u00e0 r\u00e9percuter l\u2019int\u00e9gralit\u00e9 de la facture. MPS Micro Precision Systems n\u2019a ainsi pas subi de perte financi\u00e8re majeure, les droits ayant \u00e9t\u00e9 pay\u00e9s par ses clients. Fraisa a adopt\u00e9 une strat\u00e9gie comparable et perdu moins de clients qu\u2019elle ne le craignait, m\u00eame si le groupe attend toujours ses remboursements.<\/p>\n\n\n\n<p>Pour ces soci\u00e9t\u00e9s, le principal danger reste d\u00e9sormais l\u2019absence de visibilit\u00e9. Les taux peuvent changer rapidement, de nouvelles taxes sectorielles peuvent appara\u00eetre et les concurrents \u00e9trangers ne sont pas toujours soumis aux m\u00eames conditions. Un an apr\u00e8s l\u2019annonce des 39 %, les entreprises suisses ont donc appris \u00e0 s\u2019adapter, mais aucune ne consid\u00e8re encore la crise douani\u00e8re comme termin\u00e9e.<\/p>\n\n\n\n<figure class=\"wp-block-embed is-type-rich is-provider-x wp-block-embed-x\"><div class=\"wp-block-embed__wrapper\">\n<blockquote class=\"twitter-tweet\" data-width=\"550\" data-dnt=\"true\"><p lang=\"fr\" dir=\"ltr\">Droits de douane am\u00e9ricains : L\u2019\u00e9conomie suisse a besoin de s\u00e9curit\u00e9 juridique<br><br>le Conseil f\u00e9d\u00e9ral confirme vouloir mettre en \u0153uvre d\u2019autres \u00e9l\u00e9ments de la d\u00e9claration commune conclue avec les \u00c9tats-Unis. En contrepartie, il attend des \u00c9tats-Unis qu\u2019ils les respectent. Cette\u2026 <a href=\"https:\/\/t.co\/u6TcI0FJmU\">pic.twitter.com\/u6TcI0FJmU<\/a><\/p>&mdash; economiesuisse (@economie_suisse) <a href=\"https:\/\/x.com\/economie_suisse\/status\/2071947472574836921?ref_src=twsrc%5Etfw\">June 30, 2026<\/a><\/blockquote><script async src=\"https:\/\/platform.x.com\/widgets.js\" charset=\"utf-8\"><\/script>\n<\/div><\/figure>\n","protected":false},"excerpt":{"rendered":"<p>Un an apr\u00e8s le choc des droits de douane am\u00e9ricains \u00e0 39 %, les entreprises suisses tentent encore de s\u2019adapter. Entre remboursements, hausses de prix et pertes de parts de march\u00e9, plusieurs PME racontent comment elles ont travers\u00e9 cette ann\u00e9e de turbulences.<\/p>\n","protected":false},"author":34,"featured_media":113639,"comment_status":"open","ping_status":"closed","sticky":false,"template":"","format":"standard","meta":{"footnotes":""},"categories":[15],"tags":[],"class_list":["post-113638","post","type-post","status-publish","format-standard","has-post-thumbnail","hentry","category-entreprise","generate-columns","tablet-grid-50","mobile-grid-100","grid-parent","grid-33","no-featured-image-padding"],"_links":{"self":[{"href":"https:\/\/econostrum.info\/suisse\/wp-json\/wp\/v2\/posts\/113638","targetHints":{"allow":["GET"]}}],"collection":[{"href":"https:\/\/econostrum.info\/suisse\/wp-json\/wp\/v2\/posts"}],"about":[{"href":"https:\/\/econostrum.info\/suisse\/wp-json\/wp\/v2\/types\/post"}],"author":[{"embeddable":true,"href":"https:\/\/econostrum.info\/suisse\/wp-json\/wp\/v2\/users\/34"}],"replies":[{"embeddable":true,"href":"https:\/\/econostrum.info\/suisse\/wp-json\/wp\/v2\/comments?post=113638"}],"version-history":[{"count":0,"href":"https:\/\/econostrum.info\/suisse\/wp-json\/wp\/v2\/posts\/113638\/revisions"}],"wp:featuredmedia":[{"embeddable":true,"href":"https:\/\/econostrum.info\/suisse\/wp-json\/wp\/v2\/media\/113639"}],"wp:attachment":[{"href":"https:\/\/econostrum.info\/suisse\/wp-json\/wp\/v2\/media?parent=113638"}],"wp:term":[{"taxonomy":"category","embeddable":true,"href":"https:\/\/econostrum.info\/suisse\/wp-json\/wp\/v2\/categories?post=113638"},{"taxonomy":"post_tag","embeddable":true,"href":"https:\/\/econostrum.info\/suisse\/wp-json\/wp\/v2\/tags?post=113638"}],"curies":[{"name":"wp","href":"https:\/\/api.w.org\/{rel}","templated":true}]}}