{"id":106979,"date":"2025-09-03T16:37:50","date_gmt":"2025-09-03T14:37:50","guid":{"rendered":"https:\/\/econostrum.info\/suisse\/?p=106979"},"modified":"2025-09-03T16:37:53","modified_gmt":"2025-09-03T14:37:53","slug":"2024-suisse-record-cyberattaques-sans-dommages-majeurs","status":"publish","type":"post","link":"https:\/\/econostrum.info\/suisse\/2024-suisse-record-cyberattaques-sans-dommages-majeurs\/","title":{"rendered":"La Suisse encaisse un chiffre sans pr\u00e9c\u00e9dant de cyberattaques"},"content":{"rendered":"\n<p>Alors que les menaces num\u00e9riques prennent de l\u2019ampleur \u00e0 l\u2019\u00e9chelle mondiale, la Suisse a \u00e9t\u00e9 soumise \u00e0 une pression in\u00e9dite. Le nombre de cyberattaques recens\u00e9es en 2024 a atteint un niveau record, selon un <a href=\"https:\/\/www.news.admin.ch\/fr\/newnsb\/RKNc0ENiTypsPOkAAL0xc\" target=\"_blank\" rel=\"noopener\">rapport du Conseil f\u00e9d\u00e9ral<\/a>.<\/p>\n\n\n\n<p>Ce contexte de tension s\u2019inscrit dans une s\u00e9rie d\u2019\u00e9v\u00e9nements g\u00e9opolitiques et nationaux qui ont accru l\u2019exposition des syst\u00e8mes suisses. Le pays, bien que cibl\u00e9, a su contenir les tentatives de d\u00e9stabilisation gr\u00e2ce \u00e0 une r\u00e9organisation de sa gouvernance en mati\u00e8re de cybers\u00e9curit\u00e9.<\/p>\n\n\n\n<h2 class=\"wp-block-heading\">Une recrudescence des attaques ciblant la Conf\u00e9d\u00e9ration<\/h2>\n\n\n\n<p>L\u2019ann\u00e9e 2024 a \u00e9t\u00e9 marqu\u00e9e par un niveau de <a href=\"https:\/\/econostrum.info\/suisse\/face-aux-cyberattaques-swisscom-devoile-beem-sa-solution-dediee-aux-pme\/\" data-type=\"post\" data-id=\"104350\">cybermenaces<\/a> in\u00e9dit. Le Conseil f\u00e9d\u00e9ral a constat\u00e9 une forte intensification des attaques visant les syst\u00e8mes informatiques de l\u2019administration. <\/p>\n\n\n\n<p>Cette pression a atteint un pic durant deux \u00e9v\u00e9nements d\u2019envergure internationale : la visite du pr\u00e9sident ukrainien Volodymyr Zelensky au Forum \u00e9conomique mondial de Davos et la Conf\u00e9rence sur la paix en Ukraine au B\u00fcrgenstock.<\/p>\n\n\n\n<p>Malgr\u00e9 cette intensification, aucun incident grave n\u2019a \u00e9t\u00e9 relev\u00e9. Les dispositifs en place ont permis d\u2019identifier rapidement les intrusions. Le gouvernement a soulign\u00e9 que la d\u00e9tection pr\u00e9coce des \u00e9v\u00e9nements et une r\u00e9action syst\u00e9matique ont \u00e9t\u00e9 d\u00e9terminantes pour \u00e9viter toute atteinte s\u00e9rieuse \u00e0 la s\u00e9curit\u00e9 des informations ou \u00e0 la continuit\u00e9 des services f\u00e9d\u00e9raux.<\/p>\n\n\n\n<p>Ces r\u00e9sultats traduisent une capacit\u00e9 renforc\u00e9e \u00e0 r\u00e9agir efficacement aux menaces sans pour autant signifier une disparition du risque.<\/p>\n\n\n\n<h2 class=\"wp-block-heading\">Une nouvelle loi et un service d\u00e9di\u00e9 \u00e0 la s\u00e9curit\u00e9 de l&rsquo;information<\/h2>\n\n\n\n<p>La r\u00e9ponse de la Suisse ne s\u2019est pas limit\u00e9e \u00e0 une r\u00e9action technique. En 2024, une nouvelle loi sur la s\u00e9curit\u00e9 de l\u2019information est entr\u00e9e en vigueur, formalisant un cadre plus structur\u00e9 de gestion des risques cyber. Cette loi a notamment conduit \u00e0 la cr\u00e9ation d\u2019un service sp\u00e9cialis\u00e9 de la Conf\u00e9d\u00e9ration pour la s\u00e9curit\u00e9 de l\u2019information, charg\u00e9 de piloter les actions de pr\u00e9vention, de coordination et de gestion des crises informatiques.<\/p>\n\n\n\n<p>Ce renforcement juridique et organisationnel intervient dans un contexte de sensibilit\u00e9 croissante, apr\u00e8s plusieurs attaques m\u00e9diatis\u00e9es, dont celles ayant vis\u00e9 l\u2019entreprise Xplain. Ces \u00e9pisodes ont soulign\u00e9 l\u2019importance de mieux encadrer les responsabilit\u00e9s, d\u2019am\u00e9liorer les cha\u00eenes de communication entre institutions et de consolider les ressources disponibles.<\/p>\n\n\n\n<p>Le Conseil f\u00e9d\u00e9ral, consid\u00e8re que ces \u00e9volutions ont contribu\u00e9 \u00e0 \u00e9lever le niveau g\u00e9n\u00e9ral de pr\u00e9paration et de r\u00e9silience des services concern\u00e9s.<\/p>\n\n\n\n<h2 class=\"wp-block-heading\">Des investissements cibl\u00e9s en ressources humaines et techniques<\/h2>\n\n\n\n<p>Face aux menaces croissantes, la Conf\u00e9d\u00e9ration a renforc\u00e9 ses moyens d\u2019action. Des investissements cibl\u00e9s ont \u00e9t\u00e9 engag\u00e9s dans les domaines techniques, organisationnels et humains. Ces efforts ont port\u00e9 sur le recrutement de profils sp\u00e9cialis\u00e9s, l\u2019optimisation des infrastructures critiques et le d\u00e9veloppement d\u2019outils de d\u00e9tection.<\/p>\n\n\n\n<p>Le gouvernement f\u00e9d\u00e9ral a mis l\u2019accent sur la professionnalisation des \u00e9quipes charg\u00e9es de la s\u00e9curit\u00e9 num\u00e9rique, en r\u00e9ponse \u00e0 des attaques de plus en plus complexes. Le rapport officiel souligne que ces mesures ont permis une mont\u00e9e en comp\u00e9tence rapide des services concern\u00e9s.<\/p>\n\n\n\n<p>L\u2019analyse du Conseil f\u00e9d\u00e9ral conclut que, malgr\u00e9 une pression record, les mesures pr\u00e9ventives et les ajustements strat\u00e9giques ont emp\u00each\u00e9 toute compromission majeure des syst\u00e8mes f\u00e9d\u00e9raux en 2024.<\/p>\n\n\n\n<p><\/p>\n","protected":false},"excerpt":{"rendered":"<p>Malgr\u00e9 un record de cyberattaques en 2024, la Suisse n\u2019a subi aucun incident grave gr\u00e2ce \u00e0 une d\u00e9tection pr\u00e9coce et une strat\u00e9gie de s\u00e9curit\u00e9 renforc\u00e9e.<\/p>\n","protected":false},"author":37,"featured_media":106982,"comment_status":"open","ping_status":"closed","sticky":false,"template":"","format":"standard","meta":{"footnotes":""},"categories":[1],"tags":[],"class_list":["post-106979","post","type-post","status-publish","format-standard","has-post-thumbnail","hentry","category-economie","generate-columns","tablet-grid-50","mobile-grid-100","grid-parent","grid-33","no-featured-image-padding"],"_links":{"self":[{"href":"https:\/\/econostrum.info\/suisse\/wp-json\/wp\/v2\/posts\/106979","targetHints":{"allow":["GET"]}}],"collection":[{"href":"https:\/\/econostrum.info\/suisse\/wp-json\/wp\/v2\/posts"}],"about":[{"href":"https:\/\/econostrum.info\/suisse\/wp-json\/wp\/v2\/types\/post"}],"author":[{"embeddable":true,"href":"https:\/\/econostrum.info\/suisse\/wp-json\/wp\/v2\/users\/37"}],"replies":[{"embeddable":true,"href":"https:\/\/econostrum.info\/suisse\/wp-json\/wp\/v2\/comments?post=106979"}],"version-history":[{"count":0,"href":"https:\/\/econostrum.info\/suisse\/wp-json\/wp\/v2\/posts\/106979\/revisions"}],"wp:featuredmedia":[{"embeddable":true,"href":"https:\/\/econostrum.info\/suisse\/wp-json\/wp\/v2\/media\/106982"}],"wp:attachment":[{"href":"https:\/\/econostrum.info\/suisse\/wp-json\/wp\/v2\/media?parent=106979"}],"wp:term":[{"taxonomy":"category","embeddable":true,"href":"https:\/\/econostrum.info\/suisse\/wp-json\/wp\/v2\/categories?post=106979"},{"taxonomy":"post_tag","embeddable":true,"href":"https:\/\/econostrum.info\/suisse\/wp-json\/wp\/v2\/tags?post=106979"}],"curies":[{"name":"wp","href":"https:\/\/api.w.org\/{rel}","templated":true}]}}