{"id":106890,"date":"2025-09-02T12:41:00","date_gmt":"2025-09-02T10:41:00","guid":{"rendered":"https:\/\/econostrum.info\/suisse\/?p=106890"},"modified":"2025-09-01T19:06:44","modified_gmt":"2025-09-01T17:06:44","slug":"medicaments-plus-chers-suisse-pharma-pression-berne-tension","status":"publish","type":"post","link":"https:\/\/econostrum.info\/suisse\/medicaments-plus-chers-suisse-pharma-pression-berne-tension\/","title":{"rendered":"M\u00e9dicaments plus chers en Suisse ? La pharma sous pression, Berne sous tension"},"content":{"rendered":"\n<p>L&rsquo;industrie pharmaceutique helv\u00e9tique est confront\u00e9e \u00e0 une offensive am\u00e9ricaine men\u00e9e par Donald Trump, qui souhaite r\u00e9duire le prix des m\u00e9dicaments aux \u00c9tats-Unis. Pour compenser les pertes anticip\u00e9es, les entreprises exigent des ajustements tarifaires ailleurs, notamment en Suisse, ce qui met sous tension les institutions f\u00e9d\u00e9rales.<\/p>\n\n\n\n<p>Depuis plusieurs semaines, un bras de fer s\u2019intensifie entre les d\u00e9partements de la sant\u00e9 et de l\u2019\u00e9conomie au sein du Conseil f\u00e9d\u00e9ral. Tandis que la pression monte du c\u00f4t\u00e9 de l\u2019industrie, les implications pour les assur\u00e9s et le syst\u00e8me de sant\u00e9 suisse s\u2019annoncent consid\u00e9rables.<\/p>\n\n\n\n<h2 class=\"wp-block-heading\">Pression am\u00e9ricaine et contrepartie exig\u00e9e en Suisse<\/h2>\n\n\n\n<p>L&rsquo;administration am\u00e9ricaine, sous l\u2019impulsion de Donald Trump, envisage des droits de douane pouvant atteindre 250 % sur certains<a href=\"https:\/\/econostrum.info\/suisse\/medicaments-desormais-trop-chers-trump-sattaque-suisse\/\" data-type=\"post\" data-id=\"106750\"> produits pharmaceutiques<\/a> import\u00e9s, y compris ceux en provenance de Suisse. Face \u00e0 cette menace, les entreprises suisses du secteur, telles que Roche et Novartis, cherchent \u00e0 pr\u00e9server leur rentabilit\u00e9 en r\u00e9clamant des hausses de prix sur le march\u00e9 domestique, souligne<a href=\"https:\/\/www.blick.ch\/fr\/suisse\/la-pharma-dans-lombre-a-cause-de-trump-le-conseil-federal-secharpe-sur-le-prix-des-medicaments-id21183385.html\" target=\"_blank\" rel=\"noopener\"><em> Blick<\/em><\/a>.<\/p>\n\n\n\n<p>Ren\u00e9 Buholzer, directeur d\u2019Interpharma, justifie ces demandes en invoquant un risque pour la recherche et le d\u00e9veloppement si les marges de l\u2019industrie venaient \u00e0 diminuer. Selon lui, des investissements pourraient \u00eatre remis en question, affectant \u00e0 terme la production et les recettes fiscales g\u00e9n\u00e9r\u00e9es par le secteur. Cette position a \u00e9t\u00e9 relay\u00e9e lors de l\u2019\u00e9mission \u00ab <em>Samstagsrundschau<\/em> \u00bb de la <em>SRF<\/em>, dans laquelle Buholzer a soulign\u00e9 l&rsquo;importance de la comp\u00e9titivit\u00e9 pour maintenir la pr\u00e9sence industrielle en Suisse.<\/p>\n\n\n\n<p>L\u2019exemple du mod\u00e8le de r\u00e9percussion des co\u00fbts, mis en avant par la Conf\u00e9d\u00e9ration pour faire baisser les prix gr\u00e2ce \u00e0 des rabais de quantit\u00e9, est particuli\u00e8rement critiqu\u00e9 par les entreprises. Le secteur argue qu\u2019un tel m\u00e9canisme pourrait menacer l\u2019approvisionnement en m\u00e9dicaments. Roche a m\u00eame retir\u00e9 un traitement anticanc\u00e9reux du march\u00e9 suisse, estimant que la baisse de prix exig\u00e9e par l\u2019Office f\u00e9d\u00e9ral de la sant\u00e9 publique (OFSP) \u00e9tait excessive, rapporte le m\u00e9dia helv\u00e9tique.<\/p>\n\n\n\n<h2 class=\"wp-block-heading\">D\u00e9saccord au sein du Conseil f\u00e9d\u00e9ral<\/h2>\n\n\n\n<p>Cette situation a mis en \u00e9vidence une fracture au sein du Conseil f\u00e9d\u00e9ral. Alors que le D\u00e9partement de l\u2019\u00e9conomie, dirig\u00e9 par Guy Parmelin, plaide pour une am\u00e9lioration des conditions-cadres afin de pr\u00e9server la comp\u00e9titivit\u00e9 de la place pharmaceutique suisse, le D\u00e9partement de l\u2019int\u00e9rieur adopte une ligne oppos\u00e9e. L\u2019OFSP, qui en d\u00e9pend, refuse toute hausse des prix des m\u00e9dicaments et rappelle que la Suisse figure d\u00e9j\u00e0 parmi les pays aux co\u00fbts de sant\u00e9 les plus \u00e9lev\u00e9s en Europe.<\/p>\n\n\n\n<p>Le quotidien suisse indique que des repr\u00e9sentants de l\u2019industrie ont rencontr\u00e9 \u00e0 la mi-ao\u00fbt la ministre de la Sant\u00e9, Elisabeth Baume-Schneider et Guy Parmelin. Cette rencontre illustre les tensions entre les deux d\u00e9partements, certains observateurs parlant d\u2019une v\u00e9ritable \u00ab <em>lutte de pouvoir <\/em>\u00bb. Du c\u00f4t\u00e9 de l\u2019OFSP, on avertit que des augmentations de prix se r\u00e9percuteraient directement sur les primes d\u2019assurance maladie, alors que celles-ci figurent parmi les principales pr\u00e9occupations de la population.<\/p>\n\n\n\n<p>Les divergences se prolongent \u00e9galement au sein de l\u2019administration. Le Secr\u00e9tariat d\u2019\u00c9tat \u00e0 l\u2019\u00e9conomie (Seco), rattach\u00e9 \u00e0 Guy Parmelin, exercerait d\u00e9j\u00e0 des pressions en faveur des revendications de la pharma, ce que le d\u00e9partement concern\u00e9 n\u2019a pas souhait\u00e9 commenter.<\/p>\n\n\n\n<h2 class=\"wp-block-heading\">Assur\u00e9s en premi\u00e8re ligne et tensions politiques<\/h2>\n\n\n\n<p>Les r\u00e9percussions de ce bras de fer se font d\u00e9j\u00e0 sentir au Parlement. Plusieurs voix critiques d\u00e9noncent une instrumentalisation du contexte international pour imposer une d\u00e9r\u00e9gulation favorable aux grandes entreprises. Les repr\u00e9sentants de l\u2019industrie affirment pour leur part que la moiti\u00e9 des d\u00e9penses de sant\u00e9 est financ\u00e9e par l\u2019imp\u00f4t, et rappellent que le secteur pharmaceutique est le principal contributeur fiscal en Suisse.<\/p>\n\n\n\n<p>Face aux menaces brandies par Interpharma de ne plus introduire certains nouveaux traitements sur le march\u00e9 suisse, l\u2019OFSP pr\u00e9vient qu\u2019il ne saurait \u00eatre question de faire financer ces choix par les assur\u00e9s. Le retrait de certains m\u00e9dicaments est d\u2019autant plus mal per\u00e7u que l\u2019acc\u00e8s aux traitements reste un enjeu sensible pour les autorit\u00e9s sanitaires.<\/p>\n\n\n\n<p>L\u2019OFSP s\u2019attend d\u00e9j\u00e0 \u00e0 des interventions parlementaires en faveur de l\u2019industrie lors de la session d\u2019automne. La situation reste donc instable, entre int\u00e9r\u00eats \u00e9conomiques et exigences sociales, dans un pays o\u00f9 les co\u00fbts de sant\u00e9 p\u00e8sent de plus en plus lourd sur les m\u00e9nages.<\/p>\n","protected":false},"excerpt":{"rendered":"<p>La pharma suisse r\u00e9clame des hausses de prix, en pleine pression am\u00e9ricaine. \u00c0 Berne, le Conseil f\u00e9d\u00e9ral se divise, les assur\u00e9s risquent d\u2019en payer le prix.<\/p>\n","protected":false},"author":37,"featured_media":106892,"comment_status":"open","ping_status":"closed","sticky":false,"template":"","format":"standard","meta":{"footnotes":""},"categories":[1],"tags":[],"class_list":["post-106890","post","type-post","status-publish","format-standard","has-post-thumbnail","hentry","category-economie","generate-columns","tablet-grid-50","mobile-grid-100","grid-parent","grid-33","no-featured-image-padding"],"_links":{"self":[{"href":"https:\/\/econostrum.info\/suisse\/wp-json\/wp\/v2\/posts\/106890","targetHints":{"allow":["GET"]}}],"collection":[{"href":"https:\/\/econostrum.info\/suisse\/wp-json\/wp\/v2\/posts"}],"about":[{"href":"https:\/\/econostrum.info\/suisse\/wp-json\/wp\/v2\/types\/post"}],"author":[{"embeddable":true,"href":"https:\/\/econostrum.info\/suisse\/wp-json\/wp\/v2\/users\/37"}],"replies":[{"embeddable":true,"href":"https:\/\/econostrum.info\/suisse\/wp-json\/wp\/v2\/comments?post=106890"}],"version-history":[{"count":0,"href":"https:\/\/econostrum.info\/suisse\/wp-json\/wp\/v2\/posts\/106890\/revisions"}],"wp:featuredmedia":[{"embeddable":true,"href":"https:\/\/econostrum.info\/suisse\/wp-json\/wp\/v2\/media\/106892"}],"wp:attachment":[{"href":"https:\/\/econostrum.info\/suisse\/wp-json\/wp\/v2\/media?parent=106890"}],"wp:term":[{"taxonomy":"category","embeddable":true,"href":"https:\/\/econostrum.info\/suisse\/wp-json\/wp\/v2\/categories?post=106890"},{"taxonomy":"post_tag","embeddable":true,"href":"https:\/\/econostrum.info\/suisse\/wp-json\/wp\/v2\/tags?post=106890"}],"curies":[{"name":"wp","href":"https:\/\/api.w.org\/{rel}","templated":true}]}}