{"id":106037,"date":"2025-07-23T10:15:00","date_gmt":"2025-07-23T08:15:00","guid":{"rendered":"https:\/\/econostrum.info\/suisse\/?p=106037"},"modified":"2025-07-23T10:01:44","modified_gmt":"2025-07-23T08:01:44","slug":"union-europeenne-prepare-riposte-trump-suisse-en-alerte","status":"publish","type":"post","link":"https:\/\/econostrum.info\/suisse\/union-europeenne-prepare-riposte-trump-suisse-en-alerte\/","title":{"rendered":"L\u2019Union europ\u00e9enne pr\u00e9pare sa riposte \u00e0 la guerre douani\u00e8re de Trump, la Suisse en alerte"},"content":{"rendered":"\n<p>L\u2019annonce par Donald Trump d\u2019un rel\u00e8vement des droits de douane \u00e0 30 % sur les importations europ\u00e9ennes marque une escalade dans les tensions commerciales transatlantiques. L\u2019Union europ\u00e9enne s\u2019organise pour r\u00e9agir, envisageant des contre-mesures d\u2019une ampleur in\u00e9dite. La Suisse, partenaire \u00e9conomique de premier plan de l\u2019UE, se retrouve prise entre deux feux.<\/p>\n\n\n\n<p>L&rsquo;administration am\u00e9ricaine a relanc\u00e9 un contentieux majeur en mena\u00e7ant d\u2019imposer d\u00e8s le 1\u1d49\u02b3 ao\u00fbt un droit de douane de 30 % sur les produits europ\u00e9ens. Cette d\u00e9claration du pr\u00e9sident Donald Trump a surpris Bruxelles, alors qu&rsquo;aucun dialogue bilat\u00e9ral n&rsquo;est actuellement engag\u00e9. L\u2019Union europ\u00e9enne examine d\u00e9sormais les sc\u00e9narios de r\u00e9ponse possible, dont une s\u00e9rie de taxes \u00e9quivalentes \u00e0 72 milliards d\u2019euros sur les produits am\u00e9ricains.<\/p>\n\n\n\n<p>L\u2019enjeu d\u00e9passe largement les fronti\u00e8res de l\u2019Union. En Suisse, qui exporte massivement vers l\u2019UE, l\u2019inqui\u00e9tude monte face \u00e0 un ralentissement potentiel de la demande. Le risque de nouvelles taxes am\u00e9ricaines sur les produits suisses complique encore la situation.<\/p>\n\n\n\n<h2 class=\"wp-block-heading\">Trump ravive les tensions commerciales<\/h2>\n\n\n\n<p>Le pr\u00e9sident Donald Trump a annonc\u00e9 une mesure unilat\u00e9rale de taxation douani\u00e8re \u00e0 hauteur de 30 % visant <a href=\"https:\/\/econostrum.info\/suisse\/suisse-peage-citoyens-ue-gothard\/\" data-type=\"post\" data-id=\"105488\">l\u2019Union europ\u00e9enne<\/a>, sans qu&rsquo;aucun accord commercial pr\u00e9alable n\u2019ait \u00e9t\u00e9 trouv\u00e9. Cette initiative est interpr\u00e9t\u00e9e comme une pression directe sur l\u2019Europe dans un contexte d\u2019impasse diplomatique. <\/p>\n\n\n\n<p>Aucune discussion t\u00e9l\u00e9phonique n&rsquo;a \u00e9t\u00e9 engag\u00e9e entre les responsables des deux blocs, indique un porte-parole de la Commission europ\u00e9enne. Aucun nouvel entretien n\u2019est pr\u00e9vu, ce qui bloque toute perspective imm\u00e9diate de n\u00e9gociation.<\/p>\n\n\n\n<p>La r\u00e9action am\u00e9ricaine serait particuli\u00e8rement s\u00e9v\u00e8re si l\u2019Union appliquait les contre-mesures annonc\u00e9es. Pourtant, ces mesures sont bel et bien envisag\u00e9es par Bruxelles, qui entend r\u00e9pondre \u00e0 la hauteur de la pression impos\u00e9e.<\/p>\n\n\n\n<h2 class=\"wp-block-heading\">L\u2019Union europ\u00e9enne se pr\u00e9pare \u00e0 r\u00e9pliquer<\/h2>\n\n\n\n<p>L\u2019Union europ\u00e9enne envisage en r\u00e9ponse des contre-taxes d\u2019un montant de 72 milliards d\u2019euros ciblant les produits am\u00e9ricains. Cette d\u00e9cision serait une r\u00e9action directe \u00e0 l\u2019augmentation de 30 % des droits de douane. Ces \u00e9changes pourraient d\u00e9boucher sur une escalade si la Maison-Blanche d\u00e9cidait de surench\u00e9rir.<\/p>\n\n\n\n<p>Richard Baldwin, professeur d\u2019\u00e9conomie internationale \u00e0 la Business School for Management de Lausanne, cit\u00e9 par <a href=\"https:\/\/www.blick.ch\/fr\/economie\/lue-se-tient-prete-pour-une-guerre-douaniere-contre-trump-id21073430.html\" target=\"_blank\" rel=\"noopener\"><em>Blick<\/em><\/a>, sugg\u00e8re que l\u2019Union pourrait adopter une approche similaire \u00e0 celle de la Chine, qui avait r\u00e9pliqu\u00e9 \u00e0 chaque augmentation des droits de douane de Trump. Il avertit n\u00e9anmoins que l\u2019Union, d\u00e9pendante des garanties de s\u00e9curit\u00e9 am\u00e9ricaines via l\u2019OTAN, ne peut pas se permettre une strat\u00e9gie trop agressive.<\/p>\n\n\n\n<h2 class=\"wp-block-heading\">La Suisse prise entre deux blocs<\/h2>\n\n\n\n<p>La Suisse, en tant que partenaire commercial direct de l\u2019Union europ\u00e9enne, se trouve dans une position inconfortable. La moiti\u00e9 des exportations suisses est destin\u00e9e \u00e0 l\u2019UE. Si celle-ci venait \u00e0 r\u00e9duire ses livraisons vers les \u00c9tats-Unis, en particulier de voitures, de machines ou de produits chimiques, les fournisseurs suisses en subiraient directement les cons\u00e9quences.<\/p>\n\n\n\n<p>Le m\u00e9dia helv\u00e9tique souligne que le niveau des droits de douane am\u00e9ricains appliqu\u00e9s \u00e0 la Suisse pourrait \u00e9galement \u00eatre r\u00e9vis\u00e9 \u00e0 la hausse. Actuellement fix\u00e9s \u00e0 10 %, ces droits pourraient passer \u00e0 31 % d\u00e8s le 1\u1d49\u02b3 ao\u00fbt. <\/p>\n\n\n\n<p>Les autorit\u00e9s suisses n\u2019ont toujours pas \u00e9t\u00e9 contact\u00e9es par la Maison-Blanche et demeurent dans l\u2019incertitude quant \u00e0 la suite des \u00e9v\u00e9nements. \u00c0 Berne, les repr\u00e9sentants du gouvernement attendent toujours un retour officiel de Washington.<\/p>\n\n\n\n<p><\/p>\n","protected":false},"excerpt":{"rendered":"<p>L\u2019UE se pr\u00e9pare \u00e0 riposter \u00e0 la taxe de 30 % annonc\u00e9e par Trump. La Suisse, prise entre les deux blocs, redoute des r\u00e9percussions sur ses exportations.<\/p>\n","protected":false},"author":37,"featured_media":106041,"comment_status":"open","ping_status":"closed","sticky":false,"template":"","format":"standard","meta":{"footnotes":""},"categories":[1],"tags":[],"class_list":["post-106037","post","type-post","status-publish","format-standard","has-post-thumbnail","hentry","category-economie","generate-columns","tablet-grid-50","mobile-grid-100","grid-parent","grid-33","no-featured-image-padding"],"_links":{"self":[{"href":"https:\/\/econostrum.info\/suisse\/wp-json\/wp\/v2\/posts\/106037","targetHints":{"allow":["GET"]}}],"collection":[{"href":"https:\/\/econostrum.info\/suisse\/wp-json\/wp\/v2\/posts"}],"about":[{"href":"https:\/\/econostrum.info\/suisse\/wp-json\/wp\/v2\/types\/post"}],"author":[{"embeddable":true,"href":"https:\/\/econostrum.info\/suisse\/wp-json\/wp\/v2\/users\/37"}],"replies":[{"embeddable":true,"href":"https:\/\/econostrum.info\/suisse\/wp-json\/wp\/v2\/comments?post=106037"}],"version-history":[{"count":0,"href":"https:\/\/econostrum.info\/suisse\/wp-json\/wp\/v2\/posts\/106037\/revisions"}],"wp:featuredmedia":[{"embeddable":true,"href":"https:\/\/econostrum.info\/suisse\/wp-json\/wp\/v2\/media\/106041"}],"wp:attachment":[{"href":"https:\/\/econostrum.info\/suisse\/wp-json\/wp\/v2\/media?parent=106037"}],"wp:term":[{"taxonomy":"category","embeddable":true,"href":"https:\/\/econostrum.info\/suisse\/wp-json\/wp\/v2\/categories?post=106037"},{"taxonomy":"post_tag","embeddable":true,"href":"https:\/\/econostrum.info\/suisse\/wp-json\/wp\/v2\/tags?post=106037"}],"curies":[{"name":"wp","href":"https:\/\/api.w.org\/{rel}","templated":true}]}}