{"id":106010,"date":"2025-07-21T16:40:00","date_gmt":"2025-07-21T14:40:00","guid":{"rendered":"https:\/\/econostrum.info\/suisse\/?p=106010"},"modified":"2025-07-21T15:37:57","modified_gmt":"2025-07-21T13:37:57","slug":"poste-fin-livraisons-quotidiennes-foyers-suisses","status":"publish","type":"post","link":"https:\/\/econostrum.info\/suisse\/poste-fin-livraisons-quotidiennes-foyers-suisses\/","title":{"rendered":"La Poste pourrait mettre fin aux livraisons quotidiennes pour 60 000 foyers suisses"},"content":{"rendered":"\n<p>La Poste suisse pourrait bient\u00f4t r\u00e9duire ses services dans les zones recul\u00e9es du pays, touchant potentiellement 60 000 foyers. Cette proposition a \u00e9t\u00e9 mise en consultation par le Conseil f\u00e9d\u00e9ral, suscitant une vive r\u00e9action de certains cantons et de la concurrence priv\u00e9e.<\/p>\n\n\n\n<p>Dans un contexte o\u00f9 La Poste cherche \u00e0 optimiser ses co\u00fbts, l\u2019id\u00e9e de r\u00e9duire la fr\u00e9quence des livraisons dans des zones isol\u00e9es soul\u00e8ve des interrogations. Tandis que certains se r\u00e9jouissent de cette mesure pour sa rentabilit\u00e9, d\u2019autres craignent une d\u00e9t\u00e9rioration du service public.<\/p>\n\n\n\n<h2 class=\"wp-block-heading\">La Poste face \u00e0 des \u00e9conomies n\u00e9cessaires<\/h2>\n\n\n\n<p>La Poste suisse, entreprise publique, fait face \u00e0 une pression croissante pour am\u00e9liorer sa rentabilit\u00e9. Le Conseil f\u00e9d\u00e9ral a propos\u00e9 une r\u00e9vision des conditions de distribution, afin de permettre \u00e0 La Poste de r\u00e9duire les co\u00fbts.<\/p>\n\n\n\n<p>La nouvelle ordonnance permettrait de diminuer la fr\u00e9quence des livraisons dans les r\u00e9gions isol\u00e9es, parfois jusqu\u2019\u00e0 deux ou trois fois par semaine au lieu d\u2019un service quotidien. Cette d\u00e9cision viserait \u00e0 all\u00e9ger les charges de l&rsquo;entreprise tout en continuant \u00e0 desservir ces zones de mani\u00e8re plus flexible, rapporte <a href=\"https:\/\/www.blick.ch\/fr\/suisse\/la-poste-pourrait-cesser-de-livrer-les-foyers-recules-de-suisse-id21065923.html\" target=\"_blank\" rel=\"noopener\"><em>Blick<\/em><\/a>.<\/p>\n\n\n\n<p>Cependant, la proposition touche environ 60 000 foyers situ\u00e9s dans des r\u00e9gions montagneuses, qui pourraient se retrouver priv\u00e9s de services quotidiens. La Poste insiste sur le fait que cette r\u00e9vision vise \u00e0 optimiser l&rsquo;efficacit\u00e9 de son service sans compromettre la qualit\u00e9 pour les zones urbaines ou les logements permanents. <\/p>\n\n\n\n<p>Un porte-parole de l\u2019entreprise a pr\u00e9cis\u00e9 que la nouvelle organisation aiderait \u00e0 am\u00e9liorer la rentabilit\u00e9 de l\u2019entreprise tout en maintenant un service adapt\u00e9 aux nouvelles r\u00e9alit\u00e9s \u00e9conomiques.<\/p>\n\n\n\n<h2 class=\"wp-block-heading\">Les cantons s\u2019opposent \u00e0 la r\u00e9duction des services<\/h2>\n\n\n\n<p>Les cantons concern\u00e9s par cette proposition, en particulier ceux situ\u00e9s dans les r\u00e9gions montagneuses, ont exprim\u00e9 leur m\u00e9contentement. Pour ces autorit\u00e9s locales, la r\u00e9duction des services de distribution repr\u00e9sente une perte importante pour les foyers qui d\u00e9pendent largement de La Poste, notamment pour la r\u00e9ception de colis ou de correspondances essentielles. Les autorit\u00e9s demandent \u00e0 ce que <a href=\"https:\/\/econostrum.info\/suisse\/poste-bureaux-suisse\/\" data-type=\"post\" data-id=\"4727\">La Poste<\/a> continue de garantir un service quotidien dans ces r\u00e9gions.<\/p>\n\n\n\n<p>La commission comp\u00e9tente du Conseil national, dans une motion, a \u00e9galement exprim\u00e9 son opposition \u00e0 la r\u00e9vision de l&rsquo;ordonnance. Les repr\u00e9sentants des cantons jugent que cette d\u00e9cision risquerait de laisser les foyers isol\u00e9s dans l&rsquo;incertitude, alors que la Poste reste un service public fondamental pour de nombreuses zones rurales. L\u2019opposition des cantons et des repr\u00e9sentants politiques met en lumi\u00e8re la tension entre la n\u00e9cessit\u00e9 de faire des \u00e9conomies et le maintien d&rsquo;un service de qualit\u00e9 pour tous.<\/p>\n\n\n\n<h2 class=\"wp-block-heading\">La concurrence priv\u00e9e, une alternative \u00e0 La Poste ?<\/h2>\n\n\n\n<p>La proposition du Conseil f\u00e9d\u00e9ral n\u2019est pas seulement critiqu\u00e9e par les autorit\u00e9s publiques, elle est aussi soutenue par la concurrence priv\u00e9e. Les entreprises comme DPD voient dans cette r\u00e9vision une occasion d&rsquo;\u00e9tendre leur service dans ces r\u00e9gions recul\u00e9es. <\/p>\n\n\n\n<p>DPD, par exemple, est dispos\u00e9 \u00e0 prendre en charge la livraison dans ces zones, arguant qu\u2019un mod\u00e8le de distribution priv\u00e9 pourrait \u00eatre plus flexible et adapt\u00e9 aux besoins des zones peu peupl\u00e9es.<\/p>\n\n\n\n<p>Si la proposition allait de l\u2019avant, DPD pourrait alors livrer les foyers impact\u00e9s par cette nouvelle organisation de La Poste. Cette \u00e9volution a \u00e9t\u00e9 salu\u00e9e par l\u2019entreprise, qui se dit pr\u00eate \u00e0 livrer ces 60 000 foyers, et m\u00eame \u00e0 offrir des services quotidiens dans ces r\u00e9gions. <\/p>\n\n\n\n<p>Cependant, la concurrence priv\u00e9e fonctionne sous un mod\u00e8le \u00e9conomique diff\u00e9rent de celui de La Poste, notamment en ne s&rsquo;occupant pas de la distribution des lettres, ce qui lui permet de r\u00e9duire ses co\u00fbts.<\/p>\n\n\n\n<p><\/p>\n","protected":false},"excerpt":{"rendered":"<p>La Poste suisse pourrait r\u00e9duire ses livraisons dans 60 000 foyers recul\u00e9s pour \u00e9conomiser, suscite l&rsquo;opposition des cantons et l&rsquo;int\u00e9r\u00eat de la concurrence priv\u00e9e.<\/p>\n","protected":false},"author":37,"featured_media":106015,"comment_status":"open","ping_status":"closed","sticky":false,"template":"","format":"standard","meta":{"footnotes":""},"categories":[1,25],"tags":[],"class_list":["post-106010","post","type-post","status-publish","format-standard","has-post-thumbnail","hentry","category-economie","category-conso","generate-columns","tablet-grid-50","mobile-grid-100","grid-parent","grid-33","no-featured-image-padding"],"_links":{"self":[{"href":"https:\/\/econostrum.info\/suisse\/wp-json\/wp\/v2\/posts\/106010","targetHints":{"allow":["GET"]}}],"collection":[{"href":"https:\/\/econostrum.info\/suisse\/wp-json\/wp\/v2\/posts"}],"about":[{"href":"https:\/\/econostrum.info\/suisse\/wp-json\/wp\/v2\/types\/post"}],"author":[{"embeddable":true,"href":"https:\/\/econostrum.info\/suisse\/wp-json\/wp\/v2\/users\/37"}],"replies":[{"embeddable":true,"href":"https:\/\/econostrum.info\/suisse\/wp-json\/wp\/v2\/comments?post=106010"}],"version-history":[{"count":0,"href":"https:\/\/econostrum.info\/suisse\/wp-json\/wp\/v2\/posts\/106010\/revisions"}],"wp:featuredmedia":[{"embeddable":true,"href":"https:\/\/econostrum.info\/suisse\/wp-json\/wp\/v2\/media\/106015"}],"wp:attachment":[{"href":"https:\/\/econostrum.info\/suisse\/wp-json\/wp\/v2\/media?parent=106010"}],"wp:term":[{"taxonomy":"category","embeddable":true,"href":"https:\/\/econostrum.info\/suisse\/wp-json\/wp\/v2\/categories?post=106010"},{"taxonomy":"post_tag","embeddable":true,"href":"https:\/\/econostrum.info\/suisse\/wp-json\/wp\/v2\/tags?post=106010"}],"curies":[{"name":"wp","href":"https:\/\/api.w.org\/{rel}","templated":true}]}}