{"id":105974,"date":"2025-07-20T10:30:00","date_gmt":"2025-07-20T08:30:00","guid":{"rendered":"https:\/\/econostrum.info\/suisse\/?p=105974"},"modified":"2025-07-20T10:17:07","modified_gmt":"2025-07-20T08:17:07","slug":"suisse-ue-bataille-protection-salaires-conseil-federal-crise","status":"publish","type":"post","link":"https:\/\/econostrum.info\/suisse\/suisse-ue-bataille-protection-salaires-conseil-federal-crise\/","title":{"rendered":"Suisse-UE : la bataille sur la protection des salaires met le Conseil f\u00e9d\u00e9ral en crise"},"content":{"rendered":"\n<p>L\u2019accord avec l\u2019UE a \u00e9t\u00e9 l\u2019objet de n\u00e9gociations d\u00e9licates, notamment sur la question de la protection des salaires. En r\u00e9ponse aux inqui\u00e9tudes des syndicats, qui avaient menac\u00e9 de ne pas soutenir l\u2019accord sans des mesures concr\u00e8tes, le ministre de l&rsquo;\u00c9conomie Guy Parmelin a propos\u00e9 un ensemble de solutions. <\/p>\n\n\n\n<p>Parmi ces mesures, le maintien du remboursement des frais des travailleurs frontaliers selon les conditions suisses plut\u00f4t qu\u2019europ\u00e9ennes. Cette proposition visait \u00e0 r\u00e9pondre aux demandes des syndicats, qui craignaient que les salaires suisses soient mis sous pression par la r\u00e9glementation europ\u00e9enne. <\/p>\n\n\n\n<p>Cette derni\u00e8re, en effet, calcule les frais en fonction du pays d&rsquo;origine des travailleurs, et non de leur lieu de travail. Le DEFR (D\u00e9partement f\u00e9d\u00e9ral de l&rsquo;\u00e9conomie, de la formation et de la recherche) a pris ces pr\u00e9occupations au s\u00e9rieux, en incluant ces solutions dans l\u2019accord propos\u00e9, rapporte <a href=\"https:\/\/www.blick.ch\/fr\/suisse\/accord-ue-la-protection-des-salaires-divise-le-conseil-federal-id21060657.html\" target=\"_blank\" rel=\"noopener\"><em>Blick<\/em><\/a>.<\/p>\n\n\n\n<h2 class=\"wp-block-heading\">La question de la conformit\u00e9 juridique de l&rsquo;adaptation l\u00e9gislative<\/h2>\n\n\n\n<p>Toutefois, m\u00eame apr\u00e8s ces ajustements, des doutes subsistent concernant la mise en \u0153uvre de ces mesures. Selon des documents internes obtenus par le m\u00e9dia helv\u00e9tique, le D\u00e9partement de l&rsquo;\u00e9conomie et de la recherche (DEFR) a averti que la validit\u00e9 de l\u2019adaptation l\u00e9gislative pr\u00e9sent\u00e9e \u00e9tait \u201c<em>entach\u00e9e de grandes incertitudes<\/em>\u201d. <\/p>\n\n\n\n<p>En effet, le droit international prime sur le droit suisse dans le cadre d\u2019accords internationaux. Par cons\u00e9quent, la Suisse serait tenue de reprendre la jurisprudence europ\u00e9enne, en particulier concernant la<a href=\"https:\/\/econostrum.info\/suisse\/libre-circulation-personnes-atout-economie-suisse\/\" data-type=\"post\" data-id=\"105959\"> libre circulation<\/a> des travailleurs. <\/p>\n\n\n\n<p>La Conf\u00e9d\u00e9ration et les syndicats se sont cependant mis d\u2019accord sur l\u2019id\u00e9e d\u2019int\u00e9grer la r\u00e9glementation europ\u00e9enne tout en y ajoutant un article garantissant que les frais des travailleurs frontaliers seraient calcul\u00e9s selon les conditions suisses, et non europ\u00e9ennes. <\/p>\n\n\n\n<p>Cette adaptation, selon la secr\u00e9taire d\u2019\u00c9tat Helene Budliger Artieda, pourrait respecter les r\u00e8gles europ\u00e9ennes tout en offrant une \u201c<em>grande marge de man\u0153uvre<\/em>\u201d. Cependant, la validit\u00e9 de cette solution reste incertaine, comme le souligne le SECO (Secr\u00e9tariat d\u2019\u00c9tat \u00e0 l\u2019\u00e9conomie) qui pr\u00e9cise que seul un tribunal pourra trancher sur sa conformit\u00e9.<\/p>\n\n\n\n<h2 class=\"wp-block-heading\">Les divergences internes au Conseil f\u00e9d\u00e9ral<\/h2>\n\n\n\n<p>L\u2019accord, bien qu\u2019accept\u00e9 par une partie du gouvernement, rencontre des r\u00e9sistances au sein du Conseil f\u00e9d\u00e9ral. D\u2019autres d\u00e9partements expriment des r\u00e9serves. Le D\u00e9partement des Affaires \u00e9trang\u00e8res (DFAE), dirig\u00e9 par Ignazio Cassis, a soulign\u00e9 que le Tribunal f\u00e9d\u00e9ral n\u2019a jusqu&rsquo;\u00e0 pr\u00e9sent jamais appliqu\u00e9 l&rsquo;interpr\u00e9tation souhait\u00e9e par le Conseil f\u00e9d\u00e9ral sur la libre circulation des personnes. <\/p>\n\n\n\n<p>Le Tribunal a, au contraire, toujours privil\u00e9gi\u00e9 l\u2019application du droit international sur le droit national. Le D\u00e9partement de l&rsquo;environnement, des transports, de l&rsquo;\u00e9nergie et de la communication (DETEC), dirig\u00e9 par Albert R\u00f6sti, a m\u00eame \u00e9mis des avertissements plus s\u00e9rieux. Dans une lettre, il a mis en garde contre le risque que l\u2019accord soit sign\u00e9 tout en pr\u00e9voyant d\u00e9j\u00e0 son contournement. <\/p>\n\n\n\n<p>Il estime qu\u2019une telle situation pourrait porter atteinte \u00e0 la r\u00e9putation de la Suisse. Le DETEC a recommand\u00e9 au DEFR de revoir ses propositions, en s\u2019appuyant sur une expertise externe et une analyse de l\u2019Office f\u00e9d\u00e9ral de la justice. Malgr\u00e9 ces critiques, le Conseil f\u00e9d\u00e9ral semble maintenir son compromis pour l\u2019instant, sans y apporter de changements notables.<\/p>\n","protected":false},"excerpt":{"rendered":"<p>L&rsquo;accord avec l&rsquo;UE divise le gouvernement suisse, notamment sur la protection des salaires, avec des incertitudes juridiques sur sa mise en \u0153uvre.<\/p>\n","protected":false},"author":37,"featured_media":105976,"comment_status":"open","ping_status":"closed","sticky":false,"template":"","format":"standard","meta":{"footnotes":""},"categories":[1],"tags":[],"class_list":["post-105974","post","type-post","status-publish","format-standard","has-post-thumbnail","hentry","category-economie","generate-columns","tablet-grid-50","mobile-grid-100","grid-parent","grid-33","no-featured-image-padding"],"_links":{"self":[{"href":"https:\/\/econostrum.info\/suisse\/wp-json\/wp\/v2\/posts\/105974","targetHints":{"allow":["GET"]}}],"collection":[{"href":"https:\/\/econostrum.info\/suisse\/wp-json\/wp\/v2\/posts"}],"about":[{"href":"https:\/\/econostrum.info\/suisse\/wp-json\/wp\/v2\/types\/post"}],"author":[{"embeddable":true,"href":"https:\/\/econostrum.info\/suisse\/wp-json\/wp\/v2\/users\/37"}],"replies":[{"embeddable":true,"href":"https:\/\/econostrum.info\/suisse\/wp-json\/wp\/v2\/comments?post=105974"}],"version-history":[{"count":0,"href":"https:\/\/econostrum.info\/suisse\/wp-json\/wp\/v2\/posts\/105974\/revisions"}],"wp:featuredmedia":[{"embeddable":true,"href":"https:\/\/econostrum.info\/suisse\/wp-json\/wp\/v2\/media\/105976"}],"wp:attachment":[{"href":"https:\/\/econostrum.info\/suisse\/wp-json\/wp\/v2\/media?parent=105974"}],"wp:term":[{"taxonomy":"category","embeddable":true,"href":"https:\/\/econostrum.info\/suisse\/wp-json\/wp\/v2\/categories?post=105974"},{"taxonomy":"post_tag","embeddable":true,"href":"https:\/\/econostrum.info\/suisse\/wp-json\/wp\/v2\/tags?post=105974"}],"curies":[{"name":"wp","href":"https:\/\/api.w.org\/{rel}","templated":true}]}}