{"id":105945,"date":"2025-07-18T14:15:00","date_gmt":"2025-07-18T12:15:00","guid":{"rendered":"https:\/\/econostrum.info\/suisse\/?p=105945"},"modified":"2025-07-18T13:54:35","modified_gmt":"2025-07-18T11:54:35","slug":"jours-feries-france-veut-couper-suisse-hesite-addition","status":"publish","type":"post","link":"https:\/\/econostrum.info\/suisse\/jours-feries-france-veut-couper-suisse-hesite-addition\/","title":{"rendered":"Jours f\u00e9ri\u00e9s : La France veut couper, la Suisse h\u00e9site sur l&rsquo;addition"},"content":{"rendered":"\n<p>La question des jours f\u00e9ri\u00e9s divise. En France, le gouvernement a propos\u00e9 de supprimer deux jours f\u00e9ri\u00e9s pour all\u00e9ger les finances publiques, un choix qui alimente la pol\u00e9mique. <\/p>\n\n\n\n<p>En Suisse, bien que la question d&rsquo;une r\u00e9duction ne se soit pas pos\u00e9e, l&rsquo;impact des jours f\u00e9ri\u00e9s suppl\u00e9mentaires a \u00e9t\u00e9 longuement d\u00e9battu, avec des calculs d\u00e9taillant les pertes \u00e9conomiques.<\/p>\n\n\n\n<h2 class=\"wp-block-heading\">La France face \u00e0 la question des jours f\u00e9ri\u00e9s<\/h2>\n\n\n\n<p>Le gouvernement fran\u00e7ais a r\u00e9cemment propos\u00e9 de supprimer deux jours f\u00e9ri\u00e9s, \u00e0 savoir le lundi de P\u00e2ques et le 8 mai, afin de r\u00e9duire les d\u00e9penses publiques. Cette id\u00e9e a imm\u00e9diatement provoqu\u00e9 une r\u00e9action vive de la part des citoyens et des politiciens. <\/p>\n\n\n\n<p>L\u2019objectif affich\u00e9 est de soulager les finances publiques, mais les experts rappellent que l\u2019impact de la simple suppression des jours f\u00e9ri\u00e9s n\u2019est pas aussi direct qu\u2019il pourrait para\u00eetre. <\/p>\n\n\n\n<p>Selon un \u00e9conomiste cit\u00e9 par<em> BFMTV<\/em>, chaque jour f\u00e9ri\u00e9 g\u00e9n\u00e8re une perte d&rsquo;environ 0,06 point de PIB, soit 1,75 milliard d\u2019euros. Cependant, cette estimation repr\u00e9sente la valeur de la production de ce jour-l\u00e0, et non le r\u00e9el impact sur les finances publiques. Si les entreprises r\u00e9alisent des b\u00e9n\u00e9fices pendant ces journ\u00e9es, l\u2019\u00c9tat per\u00e7oit \u00e9galement des recettes suppl\u00e9mentaires sous forme de TVA et d\u2019imp\u00f4ts, rapporte <a href=\"https:\/\/www.20min.ch\/fr\/story\/polemique-en-france-en-suisse-aussi-chaque-jour-ferie-genere-des-couts-en-millions-103383074\" target=\"_blank\" rel=\"noopener\"><em>20 minutes<\/em><\/a>.<\/p>\n\n\n\n<h2 class=\"wp-block-heading\">L\u2019exemple suisse : des jours f\u00e9ri\u00e9s qui co\u00fbtent cher<\/h2>\n\n\n\n<p>En Suisse, le d\u00e9bat autour des jours f\u00e9ri\u00e9s a pris une tournure diff\u00e9rente. En 1993, la population a vot\u00e9 en faveur de l&rsquo;ajout du 1er ao\u00fbt comme jour f\u00e9ri\u00e9 national, et ce malgr\u00e9 les objections des milieux patronaux qui soulignaient les co\u00fbts suppl\u00e9mentaires. Selon les estimations, l\u2019introduction de ce jour f\u00e9ri\u00e9 aurait entra\u00een\u00e9 un surco\u00fbt de 500 millions de francs pour l\u2019\u00e9conomie. <\/p>\n\n\n\n<p>Plus r\u00e9cemment, une proposition visant \u00e0 ajouter un jour f\u00e9ri\u00e9 le 12 septembre, pour c\u00e9l\u00e9brer la fondation de la Suisse moderne, a \u00e9t\u00e9 rejet\u00e9e par le Conseil des \u00c9tats apr\u00e8s que la conseill\u00e8re f\u00e9d\u00e9rale \u00c9lisabeth Baume-Schneider ait \u00e9voqu\u00e9 un co\u00fbt d\u2019environ 600 millions de francs par <a href=\"https:\/\/econostrum.info\/suisse\/calendrier-jours-feries-conges-cantons-romands\/\" data-type=\"post\" data-id=\"103616\">jour f\u00e9ri\u00e9<\/a>.<\/p>\n\n\n\n<h2 class=\"wp-block-heading\">L\u2019impact \u00e9conomique des jours f\u00e9ri\u00e9s : une dynamique complexe<\/h2>\n\n\n\n<p>Les cons\u00e9quences \u00e9conomiques des jours f\u00e9ri\u00e9s ne se r\u00e9sument pas simplement \u00e0 une perte de productivit\u00e9. En effet, les jours de cong\u00e9 g\u00e9n\u00e8rent \u00e9galement des d\u00e9penses de consommation. Les citoyens profitent souvent de ces moments de pause pour voyager, faire du shopping ou s\u2019adonner \u00e0 des loisirs, dynamisant ainsi certains secteurs \u00e9conomiques. <\/p>\n\n\n\n<p>Si l\u2019on oblige les travailleurs \u00e0 remplacer ces journ\u00e9es par des jours ouvr\u00e9s, l\u2019\u00e9conomie perd ce dynamisme de consommation. En France, l\u2019id\u00e9e de faire travailler les citoyens durant ces jours f\u00e9ri\u00e9s g\u00e9n\u00e8re \u00e9galement des interrogations, car ces travailleurs ne percevront pas de r\u00e9mun\u00e9ration suppl\u00e9mentaire pour les journ\u00e9es suppl\u00e9mentaires pass\u00e9es au travail. <\/p>\n\n\n\n<p>Ce paradoxe met en lumi\u00e8re la complexit\u00e9 de la question des jours f\u00e9ri\u00e9s, qui englobent non seulement la perte de production mais aussi une dynamique de consommation difficile \u00e0 quantifier.<\/p>\n\n\n\n<p><\/p>\n","protected":false},"excerpt":{"rendered":"<p>La France propose de supprimer deux jours f\u00e9ri\u00e9s pour all\u00e9ger les finances publiques. En Suisse, l\u2019ajout de jours f\u00e9ri\u00e9s g\u00e9n\u00e8re aussi des co\u00fbts \u00e9conomiques \u00e9lev\u00e9s.<\/p>\n","protected":false},"author":37,"featured_media":105946,"comment_status":"open","ping_status":"closed","sticky":false,"template":"","format":"standard","meta":{"footnotes":""},"categories":[1],"tags":[],"class_list":["post-105945","post","type-post","status-publish","format-standard","has-post-thumbnail","hentry","category-economie","generate-columns","tablet-grid-50","mobile-grid-100","grid-parent","grid-33","no-featured-image-padding"],"_links":{"self":[{"href":"https:\/\/econostrum.info\/suisse\/wp-json\/wp\/v2\/posts\/105945","targetHints":{"allow":["GET"]}}],"collection":[{"href":"https:\/\/econostrum.info\/suisse\/wp-json\/wp\/v2\/posts"}],"about":[{"href":"https:\/\/econostrum.info\/suisse\/wp-json\/wp\/v2\/types\/post"}],"author":[{"embeddable":true,"href":"https:\/\/econostrum.info\/suisse\/wp-json\/wp\/v2\/users\/37"}],"replies":[{"embeddable":true,"href":"https:\/\/econostrum.info\/suisse\/wp-json\/wp\/v2\/comments?post=105945"}],"version-history":[{"count":0,"href":"https:\/\/econostrum.info\/suisse\/wp-json\/wp\/v2\/posts\/105945\/revisions"}],"wp:featuredmedia":[{"embeddable":true,"href":"https:\/\/econostrum.info\/suisse\/wp-json\/wp\/v2\/media\/105946"}],"wp:attachment":[{"href":"https:\/\/econostrum.info\/suisse\/wp-json\/wp\/v2\/media?parent=105945"}],"wp:term":[{"taxonomy":"category","embeddable":true,"href":"https:\/\/econostrum.info\/suisse\/wp-json\/wp\/v2\/categories?post=105945"},{"taxonomy":"post_tag","embeddable":true,"href":"https:\/\/econostrum.info\/suisse\/wp-json\/wp\/v2\/tags?post=105945"}],"curies":[{"name":"wp","href":"https:\/\/api.w.org\/{rel}","templated":true}]}}