{"id":105865,"date":"2025-07-14T15:03:15","date_gmt":"2025-07-14T13:03:15","guid":{"rendered":"https:\/\/econostrum.info\/suisse\/?p=105865"},"modified":"2025-07-14T15:03:17","modified_gmt":"2025-07-14T13:03:17","slug":"loyers-hausse-suisse-romande-sauf-ce-canton","status":"publish","type":"post","link":"https:\/\/econostrum.info\/suisse\/loyers-hausse-suisse-romande-sauf-ce-canton\/","title":{"rendered":"Loyers en hausse en Suisse romande, sauf dans ce canton"},"content":{"rendered":"\n<p>L\u2019indice des loyers en Suisse a enregistr\u00e9 une progression de 0,3 point en juin, atteignant 130,8 points, selon les donn\u00e9es d&rsquo;Homegate. Si la tendance \u00e0 la hausse est nette dans la majorit\u00e9 des cantons, Gen\u00e8ve conna\u00eet un parcours distinct. Les loyers y ont diminu\u00e9 de 0,5% par rapport au mois pr\u00e9c\u00e9dent. <\/p>\n\n\n\n<p>Cette baisse est particuli\u00e8rement marqu\u00e9e par rapport \u00e0 l&rsquo;ann\u00e9e pr\u00e9c\u00e9dente, o\u00f9 une d\u00e9gringolade de 0,6% a \u00e9t\u00e9 observ\u00e9e. En comparaison, les cantons de Schwytz et Lucerne ont connu les plus fortes hausses, respectivement de 3,7% et 2,2%, rapporte <a href=\"https:\/\/www.watson.ch\/fr\/economie\/geneve\/885503002-les-loyers-augmentent-en-suisse-romande-sauf-a-geneve\" target=\"_blank\" rel=\"noopener\"><em>Watson<\/em><\/a>.<\/p>\n\n\n\n<h2 class=\"wp-block-heading\">Une dynamique qui se distingue dans les grandes villes<\/h2>\n\n\n\n<p>En juin, les grandes villes suisses ont affich\u00e9 des dynamiques diff\u00e9rentes concernant les loyers. Tandis que des villes comme Lucerne (+2,2%), B\u00e2le (+0,7%) et Saint-Gall (+0,4%) ont vu leurs loyers augmenter, des centres urbains comme Gen\u00e8ve, Zurich et Lausanne ont observ\u00e9 des baisses. <\/p>\n\n\n\n<p>Gen\u00e8ve a enregistr\u00e9 une chute de 0,9% des loyers dans son p\u00e9rim\u00e8tre urbain, contribuant ainsi \u00e0 la baisse dans le canton. Cette situation est partag\u00e9e avec Zurich (-0,6%) et Lausanne (-0,2%).<\/p>\n\n\n\n<h2 class=\"wp-block-heading\">L\u2019impact des tendances r\u00e9gionales et des capitales<\/h2>\n\n\n\n<p>Les tendances observ\u00e9es dans les grandes villes ne sont pas isol\u00e9es. L\u2019indice des loyers d\u2019Homegate montre que, hormis Gen\u00e8ve, les autres capitales suisses enregistrent une augmentation des loyers en glissement annuel. <\/p>\n\n\n\n<p>\u00c0 Lucerne, <a href=\"https:\/\/econostrum.info\/suisse\/suisse-hausse-loyers-relance-inflation\/\" data-type=\"post\" data-id=\"105619\">les loyers ont grimp\u00e9<\/a> de 5%, tandis que Zurich a vu une augmentation de 3,5%. \u00c0 l&rsquo;inverse, la baisse de loyers \u00e0 Gen\u00e8ve est en contradiction avec cette tendance g\u00e9n\u00e9rale, marqu\u00e9e par une croissance dans d&rsquo;autres capitales suisses. Cela refl\u00e8te une dynamique sp\u00e9cifique \u00e0 Gen\u00e8ve, o\u00f9 la baisse des loyers semble plus persistante et distincte des autres grandes villes suisses.<\/p>\n\n\n\n<p><\/p>\n","protected":false},"excerpt":{"rendered":"<p>Les loyers continuent d&rsquo;augmenter en Suisse, sauf \u00e0 Gen\u00e8ve o\u00f9 une baisse persistante est observ\u00e9e, contrairement aux hausses dans d&rsquo;autres grandes villes suisses.<\/p>\n","protected":false},"author":37,"featured_media":105868,"comment_status":"open","ping_status":"closed","sticky":false,"template":"","format":"standard","meta":{"footnotes":""},"categories":[29],"tags":[],"class_list":["post-105865","post","type-post","status-publish","format-standard","has-post-thumbnail","hentry","category-immobilier","generate-columns","tablet-grid-50","mobile-grid-100","grid-parent","grid-33","no-featured-image-padding"],"_links":{"self":[{"href":"https:\/\/econostrum.info\/suisse\/wp-json\/wp\/v2\/posts\/105865","targetHints":{"allow":["GET"]}}],"collection":[{"href":"https:\/\/econostrum.info\/suisse\/wp-json\/wp\/v2\/posts"}],"about":[{"href":"https:\/\/econostrum.info\/suisse\/wp-json\/wp\/v2\/types\/post"}],"author":[{"embeddable":true,"href":"https:\/\/econostrum.info\/suisse\/wp-json\/wp\/v2\/users\/37"}],"replies":[{"embeddable":true,"href":"https:\/\/econostrum.info\/suisse\/wp-json\/wp\/v2\/comments?post=105865"}],"version-history":[{"count":0,"href":"https:\/\/econostrum.info\/suisse\/wp-json\/wp\/v2\/posts\/105865\/revisions"}],"wp:featuredmedia":[{"embeddable":true,"href":"https:\/\/econostrum.info\/suisse\/wp-json\/wp\/v2\/media\/105868"}],"wp:attachment":[{"href":"https:\/\/econostrum.info\/suisse\/wp-json\/wp\/v2\/media?parent=105865"}],"wp:term":[{"taxonomy":"category","embeddable":true,"href":"https:\/\/econostrum.info\/suisse\/wp-json\/wp\/v2\/categories?post=105865"},{"taxonomy":"post_tag","embeddable":true,"href":"https:\/\/econostrum.info\/suisse\/wp-json\/wp\/v2\/tags?post=105865"}],"curies":[{"name":"wp","href":"https:\/\/api.w.org\/{rel}","templated":true}]}}