{"id":105808,"date":"2025-07-12T13:24:00","date_gmt":"2025-07-12T11:24:00","guid":{"rendered":"https:\/\/econostrum.info\/suisse\/?p=105808"},"modified":"2025-07-12T02:03:49","modified_gmt":"2025-07-12T00:03:49","slug":"referendum-geneve-contre-ouverture-dominicale-dcommerces","status":"publish","type":"post","link":"https:\/\/econostrum.info\/suisse\/referendum-geneve-contre-ouverture-dominicale-dcommerces\/","title":{"rendered":"Un r\u00e9f\u00e9rendum \u00e0 Gen\u00e8ve contre l\u2019ouverture dominicale des commerces"},"content":{"rendered":"\n<p>Un r\u00e9f\u00e9rendum a \u00e9t\u00e9 d\u00e9pos\u00e9 \u00e0 Gen\u00e8ve pour s&rsquo;opposer \u00e0 la modification de la loi r\u00e9gissant les horaires d\u2019ouverture des magasins. En r\u00e9coltant plus de 8 000 signatures, les syndicats et partis de gauche entendent remettre en question l\u2019autorisation de deux ouvertures dominicales par an, pr\u00e9vue par une r\u00e9vision de la loi sur les horaires d\u2019ouverture des commerces (LHOM).<\/p>\n\n\n\n<p>Cette initiative soul\u00e8ve une nouvelle fois la question du travail dominical \u00e0 Gen\u00e8ve, un sujet qui divise depuis plusieurs ann\u00e9es. Les partisans de l&rsquo;ouverture dominicale affirment que cette mesure pourrait soutenir le commerce genevois face \u00e0 la concurrence transfrontali\u00e8re, mais elle est vivement contest\u00e9e par les syndicats, qui soulignent les difficult\u00e9s accrues pour les employ\u00e9s du secteur.<\/p>\n\n\n\n<h2 class=\"wp-block-heading\">Le r\u00e9f\u00e9rendum et les enjeux syndicaux<\/h2>\n\n\n\n<p>Le r\u00e9f\u00e9rendum, d\u00e9pos\u00e9 par les syndicats et des partis politiques de gauche, vise \u00e0 suspendre la modification de la loi qui permettrait l\u2019ouverture des magasins deux dimanches par an. Les signataires de la p\u00e9tition estiment que cette mesure nuirait aux conditions de travail des employ\u00e9s du secteur de la vente. <\/p>\n\n\n\n<p>Selon Yan Giroud, d\u2019Unia Gen\u00e8ve, l\u2019objectif du<a href=\"https:\/\/econostrum.info\/suisse\/menace-referendum-imposition-individuelle\/\" data-type=\"post\" data-id=\"102801\"> r\u00e9f\u00e9rendum<\/a> est de pr\u00e9server la qualit\u00e9 de vie des travailleurs, souvent d\u00e9j\u00e0 sollicit\u00e9s six jours par semaine. En effet, l\u2019introduction de l\u2019ouverture dominicale pendant les f\u00eates de fin d\u2019ann\u00e9e risquerait de compromettre la vie familiale du personnel, d\u00e9j\u00e0 soumis \u00e0 des journ\u00e9es de travail longues et intenses, rapporte <a href=\"https:\/\/www.24heures.ch\/geneve-referendum-depose-contre-louverture-dominicale-des-magasins-136917676632\" target=\"_blank\" rel=\"noopener\"><em>24 heures<\/em><\/a>.<\/p>\n\n\n\n<p>Les syndicats insistent sur le fait que les conditions de travail dans le commerce de d\u00e9tail sont d\u00e9j\u00e0 exigeantes. Leur objectif est d\u2019\u00e9viter une d\u00e9t\u00e9rioration de ces conditions et de pr\u00e9server un \u00e9quilibre entre la vie professionnelle et personnelle des travailleurs.<\/p>\n\n\n\n<h2 class=\"wp-block-heading\">Les ant\u00e9c\u00e9dents des d\u00e9bats sur l&rsquo;ouverture dominicale<\/h2>\n\n\n\n<p>Le d\u00e9bat sur l\u2019ouverture dominicale des magasins \u00e0 Gen\u00e8ve n&rsquo;est pas nouveau. En 2016, les Genevois avaient accept\u00e9 l\u2019ouverture de magasins sur trois dimanches par an, sous condition d\u2019un accord par convention collective de travail (CCT) \u00e9tendue. Cependant, cette convention n\u2019a jamais \u00e9t\u00e9 mise en place. <\/p>\n\n\n\n<p>En 2019, une loi exp\u00e9rimentale avait \u00e9t\u00e9 adopt\u00e9e, autorisant jusqu\u2019\u00e0 trois ouvertures dominicales par an sans convention collective, mais elle a \u00e9t\u00e9 rapidement attaqu\u00e9e par r\u00e9f\u00e9rendum et a pris fin en 2021. Ce pr\u00e9c\u00e9dent montre que la question des horaires d\u2019ouverture suscite de vives discussions dans le canton.<\/p>\n\n\n\n<p>Les partisans de l\u2019ouverture dominicale avancent que les horaires actuels ne r\u00e9pondent plus aux besoins du commerce genevois, face \u00e0 une concurrence f\u00e9roce des magasins fran\u00e7ais et \u00e0 l\u2019essor des achats en ligne. <\/p>\n\n\n\n<p>Pourtant, les opposants au projet ne voient pas la question des horaires comme la principale difficult\u00e9 pour le commerce genevois. Selon eux, ce sont davantage des probl\u00e8mes li\u00e9s au pouvoir d\u2019achat des m\u00e9nages qui expliquent les difficult\u00e9s des magasins locaux.<\/p>\n\n\n\n<h2 class=\"wp-block-heading\">Un compromis difficile \u00e0 trouver<\/h2>\n\n\n\n<p>Le compromis sur les horaires d\u2019ouverture des commerces reste un sujet \u00e9pineux \u00e0 Gen\u00e8ve. D\u2019un c\u00f4t\u00e9, certains plaident pour l\u2019adaptation des lois afin de permettre aux commerces de s\u2019adapter aux d\u00e9fis contemporains. <\/p>\n\n\n\n<p>De l\u2019autre, de nombreux travailleurs et syndicats soulignent les cons\u00e9quences sociales et humaines de ces changements, notamment les impacts sur la famille et sur la qualit\u00e9 de vie des employ\u00e9s.<\/p>\n\n\n\n<p>Le r\u00e9f\u00e9rendum, une fois valid\u00e9, pourrait entra\u00eener une votation populaire en novembre, offrant ainsi aux Genevois la possibilit\u00e9 de trancher sur cette question. <\/p>\n","protected":false},"excerpt":{"rendered":"<p>Un r\u00e9f\u00e9rendum a \u00e9t\u00e9 d\u00e9pos\u00e9 \u00e0 Gen\u00e8ve contre l\u2019ouverture dominicale des magasins. Plus de 8 000 signatures ont \u00e9t\u00e9 r\u00e9colt\u00e9es pour contester cette mesure.<\/p>\n","protected":false},"author":17,"featured_media":105811,"comment_status":"open","ping_status":"closed","sticky":false,"template":"","format":"standard","meta":{"footnotes":""},"categories":[25],"tags":[],"class_list":["post-105808","post","type-post","status-publish","format-standard","has-post-thumbnail","hentry","category-conso","generate-columns","tablet-grid-50","mobile-grid-100","grid-parent","grid-33","no-featured-image-padding"],"_links":{"self":[{"href":"https:\/\/econostrum.info\/suisse\/wp-json\/wp\/v2\/posts\/105808","targetHints":{"allow":["GET"]}}],"collection":[{"href":"https:\/\/econostrum.info\/suisse\/wp-json\/wp\/v2\/posts"}],"about":[{"href":"https:\/\/econostrum.info\/suisse\/wp-json\/wp\/v2\/types\/post"}],"author":[{"embeddable":true,"href":"https:\/\/econostrum.info\/suisse\/wp-json\/wp\/v2\/users\/17"}],"replies":[{"embeddable":true,"href":"https:\/\/econostrum.info\/suisse\/wp-json\/wp\/v2\/comments?post=105808"}],"version-history":[{"count":0,"href":"https:\/\/econostrum.info\/suisse\/wp-json\/wp\/v2\/posts\/105808\/revisions"}],"wp:featuredmedia":[{"embeddable":true,"href":"https:\/\/econostrum.info\/suisse\/wp-json\/wp\/v2\/media\/105811"}],"wp:attachment":[{"href":"https:\/\/econostrum.info\/suisse\/wp-json\/wp\/v2\/media?parent=105808"}],"wp:term":[{"taxonomy":"category","embeddable":true,"href":"https:\/\/econostrum.info\/suisse\/wp-json\/wp\/v2\/categories?post=105808"},{"taxonomy":"post_tag","embeddable":true,"href":"https:\/\/econostrum.info\/suisse\/wp-json\/wp\/v2\/tags?post=105808"}],"curies":[{"name":"wp","href":"https:\/\/api.w.org\/{rel}","templated":true}]}}