{"id":105708,"date":"2025-07-08T16:17:48","date_gmt":"2025-07-08T14:17:48","guid":{"rendered":"https:\/\/econostrum.info\/suisse\/?p=105708"},"modified":"2025-07-08T17:35:40","modified_gmt":"2025-07-08T15:35:40","slug":"perseides-etoiles-filantes-suisse-juillet","status":"publish","type":"post","link":"https:\/\/econostrum.info\/suisse\/perseides-etoiles-filantes-suisse-juillet\/","title":{"rendered":"Pers\u00e9ides 2025 : une pluie d\u2019\u00e9toiles filantes exceptionnelle attendue en Suisse, voici la date"},"content":{"rendered":"\n<p>Chaque \u00e9t\u00e9, la Terre traverse une tra\u00een\u00e9e de poussi\u00e8res laiss\u00e9e par la com\u00e8te Swift-Tuttle. Ces particules, en p\u00e9n\u00e9trant l\u2019atmosph\u00e8re, produisent les c\u00e9l\u00e8bres Pers\u00e9ides. En 2025, l\u2019\u00e9v\u00e9nement s\u2019annonce d\u2019autant plus spectaculaire que notre plan\u00e8te croisera un ancien sillage de poussi\u00e8res, augmentant potentiellement le nombre de m\u00e9t\u00e9ores visibles, comme le rapporte <a href=\"https:\/\/www.watson.ch\/fr\/suisse\/astronomie\/520740423-les-perseides-2025-auront-lieu-du-17-juillet-au-24-aout\" target=\"_blank\" rel=\"noopener\"><em>Watson<\/em><\/a>.<\/p>\n\n\n\n<p>Cette pluie de m\u00e9t\u00e9ores, bien connue des amateurs d\u2019astronomie, repr\u00e9sente une opportunit\u00e9 rare d\u2019observer \u00e0 l\u2019\u0153il nu un ph\u00e9nom\u00e8ne astronomique sans recours \u00e0 des instruments sp\u00e9cifiques. Malgr\u00e9 les conditions de visibilit\u00e9 parfois imparfaites, l\u2019attrait du ciel nocturne reste intact.<\/p>\n\n\n\n<h2 class=\"wp-block-heading\">Une activit\u00e9 m\u00e9t\u00e9orique concentr\u00e9e sur une p\u00e9riode cl\u00e9<\/h2>\n\n\n\n<p>Les Pers\u00e9ides s\u2019\u00e9tendront du 17 juillet au 24 ao\u00fbt 2025, avec un maximum d\u2019activit\u00e9 attendu dans la nuit du 12 au 13 ao\u00fbt. Cette p\u00e9riode correspond \u00e0 celle o\u00f9 la Terre traverse le sillage de poussi\u00e8res laiss\u00e9 par la com\u00e8te Swift-Tuttle. L\u2019Organisation internationale des m\u00e9t\u00e9ores estime \u00e0 environ 100 le nombre de m\u00e9t\u00e9ores par heure au moment du pic.<\/p>\n\n\n\n<p>Fait notable cette ann\u00e9e, un ancien courant de poussi\u00e8res interagira \u00e9galement avec notre atmosph\u00e8re, ce qui pourrait accentuer la fr\u00e9quence des \u00e9toiles filantes observ\u00e9es. Cette superposition d\u2019activit\u00e9s devrait rendre le spectacle particuli\u00e8rement riche durant la nuit du 12 ao\u00fbt.<\/p>\n\n\n\n<h2 class=\"wp-block-heading\">Une visibilit\u00e9 affect\u00e9e par la pleine lune<\/h2>\n\n\n\n<p>L\u2019observation optimale des Pers\u00e9ides pourrait \u00eatre contrari\u00e9e par la lumi\u00e8re lunaire. En effet, la nuit du pic survient seulement trois jours apr\u00e8s la pleine lune d\u2019ao\u00fbt, ce qui rendra difficile la perception des m\u00e9t\u00e9ores les moins lumineux. <\/p>\n\n\n\n<p>Le m\u00e9dia helv\u00e9tique pr\u00e9cise que pour maximiser les chances de voir les \u00e9toiles filantes, il est conseill\u00e9 de se positionner \u00e0 l\u2019abri de la lumi\u00e8re, par exemple derri\u00e8re un b\u00e2timent, un arbre ou une montagne.<\/p>\n\n\n\n<p>Les heures pr\u00e9c\u00e9dant l\u2019aube sont les plus propices \u00e0 une bonne visibilit\u00e9. La lumi\u00e8re de la lune y est moins intense et le ciel plus sombre, favorisant l\u2019observation des m\u00e9t\u00e9ores. Il est \u00e9galement possible de prolonger les observations dans les nuits suivantes, lorsque la pluie est toujours active mais que l\u2019\u00e9clat lunaire diminue progressivement.<\/p>\n\n\n\n<h2 class=\"wp-block-heading\">Des conditions optimales en altitude et loin des villes<\/h2>\n\n\n\n<p>Pour b\u00e9n\u00e9ficier d\u2019un ciel d\u00e9gag\u00e9 et sombre, il est recommand\u00e9 de s\u2019\u00e9loigner des zones urbaines, dont la pollution lumineuse r\u00e9duit la qualit\u00e9 d\u2019observation. Watson rappelle que les meilleures conditions sont r\u00e9unies en altitude, l\u00e0 o\u00f9 l\u2019air est plus sec, le trajet \u00e0 travers l\u2019atmosph\u00e8re plus court et la lumi\u00e8re artificielle plus rare.<\/p>\n\n\n\n<p>Regarder vers le nord-est, en direction de la constellation de Pers\u00e9e, augmente les chances de bien rep\u00e9rer les m\u00e9t\u00e9ores, car c\u2019est de cette zone du ciel qu\u2019ils semblent provenir. Ces conseils pratiques, bas\u00e9s sur l\u2019exp\u00e9rience des pr\u00e9c\u00e9dentes \u00e9ditions, permettent de mieux se pr\u00e9parer \u00e0 ce rendez-vous nocturne.<\/p>\n","protected":false},"excerpt":{"rendered":"<p>Les Pers\u00e9ides seront visibles, cette ann\u00e9e, du 17 juillet au 24 ao\u00fbt, avec un pic attendu le 12 ao\u00fbt, malgr\u00e9 une pleine lune pouvant g\u00eaner l\u2019observation.<\/p>\n","protected":false},"author":37,"featured_media":105711,"comment_status":"open","ping_status":"closed","sticky":false,"template":"","format":"standard","meta":{"footnotes":""},"categories":[25],"tags":[],"class_list":["post-105708","post","type-post","status-publish","format-standard","has-post-thumbnail","hentry","category-conso","generate-columns","tablet-grid-50","mobile-grid-100","grid-parent","grid-33","no-featured-image-padding"],"_links":{"self":[{"href":"https:\/\/econostrum.info\/suisse\/wp-json\/wp\/v2\/posts\/105708","targetHints":{"allow":["GET"]}}],"collection":[{"href":"https:\/\/econostrum.info\/suisse\/wp-json\/wp\/v2\/posts"}],"about":[{"href":"https:\/\/econostrum.info\/suisse\/wp-json\/wp\/v2\/types\/post"}],"author":[{"embeddable":true,"href":"https:\/\/econostrum.info\/suisse\/wp-json\/wp\/v2\/users\/37"}],"replies":[{"embeddable":true,"href":"https:\/\/econostrum.info\/suisse\/wp-json\/wp\/v2\/comments?post=105708"}],"version-history":[{"count":0,"href":"https:\/\/econostrum.info\/suisse\/wp-json\/wp\/v2\/posts\/105708\/revisions"}],"wp:featuredmedia":[{"embeddable":true,"href":"https:\/\/econostrum.info\/suisse\/wp-json\/wp\/v2\/media\/105711"}],"wp:attachment":[{"href":"https:\/\/econostrum.info\/suisse\/wp-json\/wp\/v2\/media?parent=105708"}],"wp:term":[{"taxonomy":"category","embeddable":true,"href":"https:\/\/econostrum.info\/suisse\/wp-json\/wp\/v2\/categories?post=105708"},{"taxonomy":"post_tag","embeddable":true,"href":"https:\/\/econostrum.info\/suisse\/wp-json\/wp\/v2\/tags?post=105708"}],"curies":[{"name":"wp","href":"https:\/\/api.w.org\/{rel}","templated":true}]}}