{"id":105667,"date":"2025-07-06T14:02:12","date_gmt":"2025-07-06T12:02:12","guid":{"rendered":"https:\/\/econostrum.info\/suisse\/?p=105667"},"modified":"2025-07-06T14:02:14","modified_gmt":"2025-07-06T12:02:14","slug":"suisse-americains-manifestent-contre-trump-vision-patriotisme","status":"publish","type":"post","link":"https:\/\/econostrum.info\/suisse\/suisse-americains-manifestent-contre-trump-vision-patriotisme\/","title":{"rendered":"En Suisse, des Am\u00e9ricains manifestent contre Trump"},"content":{"rendered":"\n<p>Alors que les tensions politiques s\u2019intensifient aux \u00c9tats-Unis, des citoyens am\u00e9ricains \u00e9tablis en Suisse prennent position. \u00c0 Lausanne et Zurich, des manifestations symboliques se tiennent pour d\u00e9noncer la vision du patriotisme port\u00e9e par Donald Trump et r\u00e9affirmer un attachement \u00e0 une d\u00e9mocratie ouverte et inclusive.<\/p>\n\n\n\n<p>Ces rassemblements co\u00efncident avec le lendemain de la f\u00eate de l\u2019Ind\u00e9pendance am\u00e9ricaine, une date hautement symbolique que les organisateurs ont choisie pour porter un message critique et revendicatif. Les manifestants d\u00e9noncent la r\u00e9cup\u00e9ration des symboles nationaux par l\u2019extr\u00eame droite am\u00e9ricaine et appellent \u00e0 red\u00e9finir un patriotisme plus ouvert.<\/p>\n\n\n\n<h2 class=\"wp-block-heading\">Un patriotisme contest\u00e9 dans l\u2019espace public<\/h2>\n\n\n\n<p>Les membres de Democrats Abroad Switzerland organisent ces manifestations pour exprimer leur rejet du nationalisme promu par Donald Trump. Karin Powell, copr\u00e9sidente romande de l&rsquo;organisation, explique que \u00ab <em>le drapeau am\u00e9ricain a \u00e9t\u00e9 kidnapp\u00e9 par les trumpistes<\/em> \u00bb, soulignant ainsi une appropriation des symboles patriotiques par une id\u00e9ologie excluante. Ces rassemblements visent donc \u00e0 r\u00e9affirmer une vision du patriotisme fond\u00e9e sur l\u2019\u00e9galit\u00e9, le soutien et la d\u00e9mocratie.<\/p>\n\n\n\n<p>Pour Powell, \u00eatre patriote, c\u2019est \u00ab <em>d\u2019abord l\u2019amour de son pays <\/em>\u00bb, mais il s\u2019agit d\u2019un attachement qui n\u2019implique pas l\u2019adh\u00e9sion \u00e0 une ligne politique autoritaire. Elle distingue clairement patriotisme et nationalisme, insistant sur le fait que \u00ab<em> ce que fait Trump, c\u2019est du nationalisme <\/em>\u00bb, et non une expression sinc\u00e8re de l\u2019attachement au pays. <\/p>\n\n\n\n<p>Cette nuance est au c\u0153ur de la mobilisation : les d\u00e9mocrates de Suisse refusent de c\u00e9der \u00e0 une rh\u00e9torique bas\u00e9e sur l\u2019exclusion et la peur, pr\u00e9f\u00e9rant des valeurs d\u2019unit\u00e9 et de justice.<\/p>\n\n\n\n<h2 class=\"wp-block-heading\">L\u2019expression publique frein\u00e9e par la peur de tensions<\/h2>\n\n\n\n<p>Malgr\u00e9 cette volont\u00e9 de reprendre les symboles am\u00e9ricains, l\u2019organisation se montre prudente. Powell indique qu\u2019il n\u2019y aura probablement pas de drapeaux am\u00e9ricains officiellement affich\u00e9s lors des manifestations \u00e0 Lausanne et Zurich.<\/p>\n\n\n\n<p>Elle explique cette retenue par des raisons de s\u00e9curit\u00e9, \u00e9voquant la crainte que ces symboles puissent \u00eatre mal interpr\u00e9t\u00e9s ou provoquer des r\u00e9actions hostiles dans le contexte politique actuel.<\/p>\n\n\n\n<p>La copr\u00e9sidente reconna\u00eet une contradiction : \u00ab <em>Je suis d\u2019accord avec vous, mais il en va de la s\u00e9curit\u00e9 de nos membres<\/em> \u00bb, d\u00e9clare-t-elle. Cette situation illustre la complexit\u00e9 du d\u00e9bat autour du patriotisme <a href=\"https:\/\/econostrum.info\/suisse\/suisses-refoules-etats-unis-esta-valide\/\" data-type=\"post\" data-id=\"104170\">aux \u00c9tats-Unis<\/a> : m\u00eame \u00e0 l\u2019\u00e9tranger, certains citoyens am\u00e9ricains h\u00e9sitent \u00e0 afficher ouvertement leurs symboles nationaux de peur d\u2019\u00eatre associ\u00e9s \u00e0 une mouvance politique qu\u2019ils rejettent. <a href=\"https:\/\/www.watson.ch\/fr\/suisse\/international\/445163015-les-democrates-deboulent-en-suisse-pour-dire-fuck-a-trump\" target=\"_blank\" rel=\"noopener\"><em>Watson<\/em><\/a>, qui relaie ces propos, pr\u00e9cise que l\u2019organisation pr\u00e9f\u00e8re une pr\u00e9sence prudente pour \u00e9viter toute confusion sur ses intentions.<\/p>\n\n\n\n<h2 class=\"wp-block-heading\">Une mobilisation internationale inspir\u00e9e d\u2019un climat de col\u00e8re<\/h2>\n\n\n\n<p>Les manifestations suisses s\u2019inscrivent dans un contexte global de contestation. Les d\u00e9mocrates de Suisse affirment vouloir s\u2019aligner sur l\u2019esprit des rassemblements \u00ab No Kings \u00bb qui se multiplient aux \u00c9tats-Unis. <\/p>\n\n\n\n<p>Karin Powell observe qu\u2019une large part de la population est en col\u00e8re contre Donald Trump et le manifeste dans les rues. Elle ajoute que les rassemblements europ\u00e9ens, bien que de moindre ampleur, portent un message similaire : celui du rejet des d\u00e9cisions autoritaires et de la d\u00e9fense de la d\u00e9mocratie.<\/p>\n\n\n\n<p>Au-del\u00e0 des \u00c9tats-Unis, la figure de Trump continue de polariser l\u2019opinion. Powell \u00e9voque les cons\u00e9quences concr\u00e8tes de cette image \u00e0 l\u2019\u00e9tranger : baisse de la popularit\u00e9 du pays, annulations de vols vers les \u00c9tats-Unis, et r\u00e9ticences touristiques. <\/p>\n\n\n\n<p>Pour elle, cette situation refl\u00e8te moins un rejet du peuple am\u00e9ricain qu\u2019un rejet du pr\u00e9sident en exercice et de sa politique. Le m\u00e9dia helv\u00e9tique rapporte \u00e9galement que cette dynamique pousse de plus en plus d\u2019Am\u00e9ricains \u00e9tablis en Suisse \u00e0 rejoindre l\u2019organisation, inquiets des d\u00e9veloppements politiques dans leur pays.<\/p>\n","protected":false},"excerpt":{"rendered":"<p>Des d\u00e9mocrates am\u00e9ricains manifestent en Suisse contre Trump, d\u00e9non\u00e7ant son nationalisme et r\u00e9affirmant un patriotisme fond\u00e9 sur la d\u00e9mocratie et l\u2019\u00e9galit\u00e9.<\/p>\n","protected":false},"author":37,"featured_media":105670,"comment_status":"open","ping_status":"closed","sticky":false,"template":"","format":"standard","meta":{"footnotes":""},"categories":[1],"tags":[],"class_list":["post-105667","post","type-post","status-publish","format-standard","has-post-thumbnail","hentry","category-economie","generate-columns","tablet-grid-50","mobile-grid-100","grid-parent","grid-33","no-featured-image-padding"],"_links":{"self":[{"href":"https:\/\/econostrum.info\/suisse\/wp-json\/wp\/v2\/posts\/105667","targetHints":{"allow":["GET"]}}],"collection":[{"href":"https:\/\/econostrum.info\/suisse\/wp-json\/wp\/v2\/posts"}],"about":[{"href":"https:\/\/econostrum.info\/suisse\/wp-json\/wp\/v2\/types\/post"}],"author":[{"embeddable":true,"href":"https:\/\/econostrum.info\/suisse\/wp-json\/wp\/v2\/users\/37"}],"replies":[{"embeddable":true,"href":"https:\/\/econostrum.info\/suisse\/wp-json\/wp\/v2\/comments?post=105667"}],"version-history":[{"count":0,"href":"https:\/\/econostrum.info\/suisse\/wp-json\/wp\/v2\/posts\/105667\/revisions"}],"wp:featuredmedia":[{"embeddable":true,"href":"https:\/\/econostrum.info\/suisse\/wp-json\/wp\/v2\/media\/105670"}],"wp:attachment":[{"href":"https:\/\/econostrum.info\/suisse\/wp-json\/wp\/v2\/media?parent=105667"}],"wp:term":[{"taxonomy":"category","embeddable":true,"href":"https:\/\/econostrum.info\/suisse\/wp-json\/wp\/v2\/categories?post=105667"},{"taxonomy":"post_tag","embeddable":true,"href":"https:\/\/econostrum.info\/suisse\/wp-json\/wp\/v2\/tags?post=105667"}],"curies":[{"name":"wp","href":"https:\/\/api.w.org\/{rel}","templated":true}]}}