{"id":105497,"date":"2025-07-01T08:40:00","date_gmt":"2025-07-01T06:40:00","guid":{"rendered":"https:\/\/econostrum.info\/suisse\/?p=105497"},"modified":"2025-07-01T01:50:26","modified_gmt":"2025-06-30T23:50:26","slug":"economie-suisse-atteint-niveau-plus-bas-annee-juin","status":"publish","type":"post","link":"https:\/\/econostrum.info\/suisse\/economie-suisse-atteint-niveau-plus-bas-annee-juin\/","title":{"rendered":"L&rsquo;\u00e9conomie suisse atteint son niveau le plus bas de l&rsquo;ann\u00e9e en juin"},"content":{"rendered":"\n<p>En juin, le barom\u00e8tre KOF a chut\u00e9 de 2,5 points, atteignant son niveau le plus bas de l&rsquo;ann\u00e9e, avec un indice de 96,1 points. Ce recul marque un tournant dans les pr\u00e9visions \u00e9conomiques pour la Suisse, apr\u00e8s une l\u00e9g\u00e8re am\u00e9lioration en mai, rapporte <a href=\"https:\/\/www.blick.ch\/fr\/suisse\/lindustrie-sous-pression-les-perspectives-pour-leconomie-suisse-se-deteriorent-en-juin-selon-le-barometre-kof-id21007135.html\" target=\"_blank\" rel=\"noopener\"><em>Blick<\/em><\/a>.<\/p>\n\n\n\n<p>Les perspectives ont \u00e9t\u00e9 particuli\u00e8rement n\u00e9gatives pour l&rsquo;industrie, avec des secteurs cl\u00e9s comme la chimie, la pharmacie et la m\u00e9tallurgie qui connaissent une d\u00e9gradation importante. <\/p>\n\n\n\n<p>Selon le Centre de recherches conjoncturelles de l&rsquo;\u00c9cole polytechnique f\u00e9d\u00e9rale de Zurich, cet indice permet de mesurer les tendances \u00e0 court terme du produit int\u00e9rieur brut (PIB) suisse, et la chute enregistr\u00e9e est r\u00e9v\u00e9latrice d\u2019une inqui\u00e9tude croissante.<\/p>\n\n\n\n<h2 class=\"wp-block-heading\">L&rsquo;impact des tensions commerciales mondiales<\/h2>\n\n\n\n<p>Les tensions commerciales mondiales, en particulier avec <a href=\"https:\/\/econostrum.info\/suisse\/etats-unis-placent-suisse-niveau-1-voyageurs\/\" data-type=\"post\" data-id=\"104272\">les \u00c9tats-Unis<\/a>, semblent avoir un impact direct sur l&rsquo;\u00e9conomie suisse. Apr\u00e8s une importante baisse en avril, en raison des annonces concernant les droits de douane par la Maison-Blanche, le barom\u00e8tre a enregistr\u00e9 une l\u00e9g\u00e8re reprise en mai avant de chuter de nouveau en juin. <\/p>\n\n\n\n<p>Cette instabilit\u00e9 est visible dans plusieurs secteurs, notamment ceux li\u00e9s \u00e0 l&rsquo;exportation. Si les perspectives sur les exportations restent l\u00e9g\u00e8rement positives, elles n&rsquo;ont pas suffi \u00e0 compenser les effets n\u00e9gatifs observ\u00e9s ailleurs. L&rsquo;industrie suisse, notamment dans les domaines de la production et des carnets de commandes, reste sous pression.<\/p>\n\n\n\n<h2 class=\"wp-block-heading\">Une croissance frein\u00e9e, des pr\u00e9visions revues \u00e0 la baisse<\/h2>\n\n\n\n<p>Le minist\u00e8re de l&rsquo;\u00c9conomie suisse a r\u00e9vis\u00e9 ses pr\u00e9visions de croissance pour 2025 et 2026, ajustant \u00e0 la baisse ses attentes pour le produit int\u00e9rieur brut du pays. Bien que la Suisse ait connu une croissance de 0,8 % au premier trimestre 2025, principalement en raison des exportations, notamment vers les \u00c9tats-Unis, les autorit\u00e9s restent prudentes. <\/p>\n\n\n\n<p>Elles s&rsquo;attendent \u00e0 une croissance modeste pour le reste de l&rsquo;ann\u00e9e, estimant que l&rsquo;effet des anticipations li\u00e9es aux droits de douane am\u00e9ricains pourrait avoir gonfl\u00e9 temporairement ces r\u00e9sultats. Le minist\u00e8re a r\u00e9duit ses pr\u00e9visions de croissance pour 2025 \u00e0 1,3 %, contre 1,4 % initialement pr\u00e9vu, et pour 2026 \u00e0 1,2 %, contre 1,6 % pr\u00e9c\u00e9demment estim\u00e9.<\/p>\n","protected":false},"excerpt":{"rendered":"<p>Les pr\u00e9visions \u00e9conomiques pour la Suisse se d\u00e9gradent, le barom\u00e8tre KOF enregistrant sa plus grande baisse depuis le d\u00e9but de l&rsquo;ann\u00e9e. <\/p>\n","protected":false},"author":37,"featured_media":105500,"comment_status":"open","ping_status":"closed","sticky":false,"template":"","format":"standard","meta":{"footnotes":""},"categories":[1],"tags":[],"class_list":["post-105497","post","type-post","status-publish","format-standard","has-post-thumbnail","hentry","category-economie","generate-columns","tablet-grid-50","mobile-grid-100","grid-parent","grid-33","no-featured-image-padding"],"_links":{"self":[{"href":"https:\/\/econostrum.info\/suisse\/wp-json\/wp\/v2\/posts\/105497","targetHints":{"allow":["GET"]}}],"collection":[{"href":"https:\/\/econostrum.info\/suisse\/wp-json\/wp\/v2\/posts"}],"about":[{"href":"https:\/\/econostrum.info\/suisse\/wp-json\/wp\/v2\/types\/post"}],"author":[{"embeddable":true,"href":"https:\/\/econostrum.info\/suisse\/wp-json\/wp\/v2\/users\/37"}],"replies":[{"embeddable":true,"href":"https:\/\/econostrum.info\/suisse\/wp-json\/wp\/v2\/comments?post=105497"}],"version-history":[{"count":0,"href":"https:\/\/econostrum.info\/suisse\/wp-json\/wp\/v2\/posts\/105497\/revisions"}],"wp:featuredmedia":[{"embeddable":true,"href":"https:\/\/econostrum.info\/suisse\/wp-json\/wp\/v2\/media\/105500"}],"wp:attachment":[{"href":"https:\/\/econostrum.info\/suisse\/wp-json\/wp\/v2\/media?parent=105497"}],"wp:term":[{"taxonomy":"category","embeddable":true,"href":"https:\/\/econostrum.info\/suisse\/wp-json\/wp\/v2\/categories?post=105497"},{"taxonomy":"post_tag","embeddable":true,"href":"https:\/\/econostrum.info\/suisse\/wp-json\/wp\/v2\/tags?post=105497"}],"curies":[{"name":"wp","href":"https:\/\/api.w.org\/{rel}","templated":true}]}}