{"id":105357,"date":"2025-06-26T08:30:00","date_gmt":"2025-06-26T06:30:00","guid":{"rendered":"https:\/\/econostrum.info\/suisse\/?p=105357"},"modified":"2025-06-26T01:15:14","modified_gmt":"2025-06-25T23:15:14","slug":"suisse-et-lue-accord-transitoire-renforcer-cooperation-accords-bilateraux","status":"publish","type":"post","link":"https:\/\/econostrum.info\/suisse\/suisse-et-lue-accord-transitoire-renforcer-cooperation-accords-bilateraux\/","title":{"rendered":"Suisse et l&rsquo;UE : un accord transitoire pour renforcer la coop\u00e9ration jusqu&rsquo;\u00e0 l&rsquo;entr\u00e9e en vigueur des accords bilat\u00e9raux"},"content":{"rendered":"\n<p>La Suisse et l&rsquo;Union europ\u00e9enne ont sign\u00e9 un accord transitoire marquant un pas important dans leurs relations. Cette d\u00e9claration permet de maintenir la coop\u00e9ration dans plusieurs secteurs cl\u00e9s, en attendant l&rsquo;entr\u00e9e en vigueur du futur paquet d&rsquo;accords bilat\u00e9raux.<\/p>\n\n\n\n<p>Ce cadre de coop\u00e9ration transitoire a \u00e9t\u00e9 \u00e9tabli entre Ignazio Cassis, le ministre suisse des Affaires \u00e9trang\u00e8res, et Maros Sefcovic, le commissaire europ\u00e9en, afin de garantir une collaboration continue dans des domaines essentiels tels que la recherche, l&rsquo;\u00e9nergie, la sant\u00e9 et les transports. Selon les deux parties, ce partenariat est une solution de \u00ab\u00a0<em>gagnant-gagnant<\/em>\u00a0\u00bb pour traverser la p\u00e9riode de transition.<\/p>\n\n\n\n<h2 class=\"wp-block-heading\">Un cadre transitoire pour des secteurs cl\u00e9s<\/h2>\n\n\n\n<p>L&rsquo;accord sign\u00e9 couvre sept domaines essentiels qui sont au c\u0153ur des relations bilat\u00e9rales entre la Suisse et l&rsquo;Union europ\u00e9enne. Parmi ceux-ci, on retrouve la recherche, l\u2019\u00e9lectricit\u00e9, la sant\u00e9, les transports, le dialogue financier, ainsi que la reconnaissance des \u00e9valuations de la conformit\u00e9 (ARM). Ce dernier point est particuli\u00e8rement important pour l&rsquo;industrie suisse, qui exporte une grande partie de ses produits vers l&rsquo;UE, souligne la <a href=\"https:\/\/www.rts.ch\/info\/suisse\/2025\/article\/suisse-ue-accord-sur-la-cooperation-transitoire-dans-7-domaines-cles-28923944.html\" target=\"_blank\" rel=\"noopener\"><em>RTS<\/em><\/a>.<\/p>\n\n\n\n<p>En mati\u00e8re de recherche, les chercheurs suisses b\u00e9n\u00e9ficieront d\u00e8s le 1er janvier 2025 d&rsquo;un acc\u00e8s aux appels d&rsquo;offres des programmes europ\u00e9ens tels que Horizon Europe et Euratom. Cette mesure r\u00e9troactive permet de maintenir l\u2019int\u00e9gration de la Suisse dans ces projets scientifiques d\u2019envergure, une avanc\u00e9e consid\u00e9rable pour la communaut\u00e9 scientifique helv\u00e9tique. <\/p>\n\n\n\n<p>Dans <a href=\"https:\/\/econostrum.info\/suisse\/consommateurs-suisses-electricite-impacts-accord-ue\/\" data-type=\"post\" data-id=\"99829\">le secteur de l\u2019\u00e9lectricit\u00e9<\/a>, les deux partenaires travailleront ensemble pour garantir la s\u00e9curit\u00e9 et la fluidit\u00e9 des \u00e9changes d\u2019\u00e9nergie, essentielle dans un contexte \u00e9nerg\u00e9tique toujours plus interconnect\u00e9.<\/p>\n\n\n\n<figure class=\"wp-block-embed is-type-rich is-provider-twitter wp-block-embed-twitter\"><div class=\"wp-block-embed__wrapper\">\n<blockquote class=\"twitter-tweet\" data-width=\"550\" data-dnt=\"true\"><p lang=\"en\" dir=\"ltr\">\ud83c\udd95 Glad to sign the Joint Declaration with <a href=\"https:\/\/twitter.com\/ignaziocassis?ref_src=twsrc%5Etfw\" target=\"_blank\" rel=\"noopener\">@ignaziocassis<\/a> to deepen \ud83c\uddea\ud83c\uddfa\ud83c\udde8\ud83c\uddedcooperation on key issues, as the ratification of our modernised partnership advances. The agreed package will bring real benefits &#8211; vital amid today&#39;s global uncertainty.<br><br>\ud83d\udc49\ud83d\udcdd <a href=\"https:\/\/t.co\/m57m4zeIgr\">https:\/\/t.co\/m57m4zeIgr<\/a> <a href=\"https:\/\/t.co\/lo9wSrsvoD\">pic.twitter.com\/lo9wSrsvoD<\/a><\/p>&mdash; Maro\u0161 \u0160ef\u010dovi\u010d\ud83c\uddea\ud83c\uddfa (@MarosSefcovic) <a href=\"https:\/\/twitter.com\/MarosSefcovic\/status\/1937551016796303733?ref_src=twsrc%5Etfw\" target=\"_blank\" rel=\"noopener\">June 24, 2025<\/a><\/blockquote><script async src=\"https:\/\/platform.twitter.com\/widgets.js\" charset=\"utf-8\"><\/script>\n<\/div><\/figure>\n\n\n\n<h2 class=\"wp-block-heading\">Prolongation des mesures de coop\u00e9ration en mati\u00e8re de transports<\/h2>\n\n\n\n<p>L\u2019accord pr\u00e9voit \u00e9galement un prolongement des mesures transitoires dans le secteur des transports. En particulier, le trafic ferroviaire entre la Suisse et l\u2019UE pourra se poursuivre sans heurts tout au long de l\u2019ann\u00e9e 2025, gr\u00e2ce \u00e0 des mesures sp\u00e9ciales. <\/p>\n\n\n\n<p>La fluidit\u00e9 de ce transport, notamment pour les marchandises, est cruciale pour maintenir une bonne dynamique \u00e9conomique et \u00e9viter des perturbations dans les \u00e9changes commerciaux transfrontaliers.<\/p>\n\n\n\n<p>Ces ajustements visent \u00e0 pr\u00e9server la libre circulation tout en pr\u00e9parant le terrain pour les n\u00e9gociations finales autour des accords bilat\u00e9raux. Le prolongement de ces mesures garantit \u00e9galement la continuit\u00e9 dans les autres secteurs vitaux, ce qui est essentiel pour les deux parties dans cette p\u00e9riode d\u2019incertitude \u00e9conomique.<\/p>\n\n\n\n<h2 class=\"wp-block-heading\">Un accord sans date d&rsquo;expiration d\u00e9finie<\/h2>\n\n\n\n<p>Une particularit\u00e9 de cet accord transitoire est qu&rsquo;il ne mentionne pas de date d&rsquo;expiration. Selon Maros Sefcovic, la flexibilit\u00e9 des mesures transitoires est une approche pragmatique, permettant \u00e0 la Suisse et \u00e0 l&rsquo;UE de renforcer leur coop\u00e9ration sans se fixer de d\u00e9lai pr\u00e9cis pour leur fin. Cette absence de calendrier fix\u00e9 offre aux deux parties une marge de man\u0153uvre, particuli\u00e8rement utile dans un contexte \u00e9conomique et g\u00e9opolitique complexe.<\/p>\n\n\n\n<p>L\u2019accord ne r\u00e9sout pas tous les enjeux, notamment en ce qui concerne les ARM, qui devront faire l\u2019objet d\u2019une actualisation plus pouss\u00e9e apr\u00e8s l\u2019entr\u00e9e en vigueur du paquet d\u2019accords bilat\u00e9raux. Ignazio Cassis a pr\u00e9cis\u00e9 que bien que des progr\u00e8s aient \u00e9t\u00e9 r\u00e9alis\u00e9s, il reste encore du travail pour finaliser certains aspects de la coop\u00e9ration.<\/p>\n","protected":false},"excerpt":{"rendered":"<p>La Suisse et l&rsquo;UE signent un accord transitoire sur sept domaines cl\u00e9s, garantissant une coop\u00e9ration renforc\u00e9e jusqu&rsquo;\u00e0 l&rsquo;entr\u00e9e en vigueur des accords bilat\u00e9raux.<\/p>\n","protected":false},"author":37,"featured_media":105363,"comment_status":"open","ping_status":"closed","sticky":false,"template":"","format":"standard","meta":{"footnotes":""},"categories":[1],"tags":[],"class_list":["post-105357","post","type-post","status-publish","format-standard","has-post-thumbnail","hentry","category-economie","generate-columns","tablet-grid-50","mobile-grid-100","grid-parent","grid-33","no-featured-image-padding"],"_links":{"self":[{"href":"https:\/\/econostrum.info\/suisse\/wp-json\/wp\/v2\/posts\/105357","targetHints":{"allow":["GET"]}}],"collection":[{"href":"https:\/\/econostrum.info\/suisse\/wp-json\/wp\/v2\/posts"}],"about":[{"href":"https:\/\/econostrum.info\/suisse\/wp-json\/wp\/v2\/types\/post"}],"author":[{"embeddable":true,"href":"https:\/\/econostrum.info\/suisse\/wp-json\/wp\/v2\/users\/37"}],"replies":[{"embeddable":true,"href":"https:\/\/econostrum.info\/suisse\/wp-json\/wp\/v2\/comments?post=105357"}],"version-history":[{"count":0,"href":"https:\/\/econostrum.info\/suisse\/wp-json\/wp\/v2\/posts\/105357\/revisions"}],"wp:featuredmedia":[{"embeddable":true,"href":"https:\/\/econostrum.info\/suisse\/wp-json\/wp\/v2\/media\/105363"}],"wp:attachment":[{"href":"https:\/\/econostrum.info\/suisse\/wp-json\/wp\/v2\/media?parent=105357"}],"wp:term":[{"taxonomy":"category","embeddable":true,"href":"https:\/\/econostrum.info\/suisse\/wp-json\/wp\/v2\/categories?post=105357"},{"taxonomy":"post_tag","embeddable":true,"href":"https:\/\/econostrum.info\/suisse\/wp-json\/wp\/v2\/tags?post=105357"}],"curies":[{"name":"wp","href":"https:\/\/api.w.org\/{rel}","templated":true}]}}