{"id":105336,"date":"2025-06-27T11:32:00","date_gmt":"2025-06-27T09:32:00","guid":{"rendered":"https:\/\/econostrum.info\/suisse\/?p=105336"},"modified":"2025-06-27T00:41:29","modified_gmt":"2025-06-26T22:41:29","slug":"suisse-offre-locative-augmente-crise-marche-immobilier-intensifie","status":"publish","type":"post","link":"https:\/\/econostrum.info\/suisse\/suisse-offre-locative-augmente-crise-marche-immobilier-intensifie\/","title":{"rendered":"Suisse : l\u2019offre locative augmente, mais la crise du march\u00e9 immobilier s\u2019intensifie"},"content":{"rendered":"\n<p>Le march\u00e9 immobilier suisse continue d\u2019afficher une tension sans rel\u00e2che malgr\u00e9 une augmentation significative de l\u2019offre locative. <\/p>\n\n\n\n<p>Entre avril 2024 et mars 2025, les annonces de logements en location ont bondi de 21 % par rapport \u00e0 l&rsquo;ann\u00e9e pr\u00e9c\u00e9dente. Toutefois, cette hausse peine \u00e0 satisfaire une demande toujours plus \u00e9lev\u00e9e.<\/p>\n\n\n\n<h2 class=\"wp-block-heading\">Une offre locative en hausse, mais insuffisante<\/h2>\n\n\n\n<p>Bien que l&rsquo;offre de logements \u00e0 louer ait connu une augmentation notable avec 70 000 unit\u00e9s suppl\u00e9mentaires mises sur le march\u00e9, cette hausse reste insuffisante pour r\u00e9pondre \u00e0 la demande croissante. <\/p>\n\n\n\n<p>En effet, entre avril 2024 et mars 2025, le nombre d&rsquo;offres a augment\u00e9 de 21 %, mais la dur\u00e9e des annonces a continu\u00e9 de se r\u00e9duire, signifiant que la demande d\u00e9passe toujours largement l&rsquo;offre disponible. <\/p>\n\n\n\n<p>Selon l&rsquo;Association suisse des professionnels de l&rsquo;immobilier (SVIT), la dur\u00e9e d&rsquo;annonce est pass\u00e9e de 27 \u00e0 23 jours, ce qui t\u00e9moigne d&rsquo;un d\u00e9s\u00e9quilibre persistant. Les experts estiment qu&rsquo;une offre suppl\u00e9mentaire de 10 \u00e0 15 % par an serait n\u00e9cessaire pour combler cet \u00e9cart, mais l&rsquo;offre actuelle ne parvient pas \u00e0 suivre cette dynamique, rapporte <a href=\"https:\/\/www.blick.ch\/fr\/suisse\/romande\/le-marche-du-logement-en-suisse-reste-tendu-comme-jamais-id20988847.html\" target=\"_blank\" rel=\"noopener\"><em>Blick<\/em><\/a>.<\/p>\n\n\n\n<h2 class=\"wp-block-heading\">Des variations g\u00e9ographiques marqu\u00e9es<\/h2>\n\n\n\n<p>La situation du march\u00e9 immobilier suisse varie consid\u00e9rablement d&rsquo;un canton \u00e0 l&rsquo;autre. Par exemple, dans les cantons de Neuch\u00e2tel et du Jura, l\u2019offre est sup\u00e9rieure \u00e0 la demande, ce qui se traduit par une dur\u00e9e d&rsquo;annonce plus longue, respectivement de 38 et 49 jours. <\/p>\n\n\n\n<p>Cependant, m\u00eame dans ces r\u00e9gions, les d\u00e9lais se sont r\u00e9duits au cours de l&rsquo;ann\u00e9e \u00e9coul\u00e9e. \u00c0 l\u2019inverse, les grandes villes comme <a href=\"https:\/\/econostrum.info\/suisse\/prix-immobilier-explosent-zurich-et-geneve\/\" data-type=\"post\" data-id=\"4106\">Zurich, Gen\u00e8ve<\/a>, ou encore Zoug, connaissent des d\u00e9lais d&rsquo;annonce particuli\u00e8rement courts, parfois inf\u00e9rieurs \u00e0 20 jours. Cette disparit\u00e9 r\u00e9gionale est r\u00e9v\u00e9latrice d&rsquo;un march\u00e9 largement concentr\u00e9 autour des grands centres urbains, o\u00f9 la demande est la plus forte.<\/p>\n\n\n\n<h2 class=\"wp-block-heading\">Une situation pr\u00e9occupante dans les grandes villes<\/h2>\n\n\n\n<p>Les grandes villes suisses sont particuli\u00e8rement touch\u00e9es par cette p\u00e9nurie de logements. \u00c0 Gen\u00e8ve, Zurich, ou encore Lucerne, les d\u00e9lais d&rsquo;annonce sont extr\u00eamement courts. \u00c0 Gen\u00e8ve, par exemple, la dur\u00e9e d&rsquo;annonce est pass\u00e9e de 17 \u00e0 14 jours, ce qui illustre bien la pression continue sur le march\u00e9. <\/p>\n\n\n\n<p>Les villes comme Coire, Winterthour et Lucerne, d\u00e9j\u00e0 confront\u00e9es \u00e0 des p\u00e9nuries, voient cette situation se d\u00e9t\u00e9riorer davantage. \u00c0 Coire, la dur\u00e9e d&rsquo;annonce est tomb\u00e9e \u00e0 10 jours, la plus courte de toutes les villes \u00e9tudi\u00e9es. <\/p>\n\n\n\n<p>M\u00eame Zurich, souvent per\u00e7ue comme une ville avec une offre de logements relativement suffisante, a observ\u00e9 une l\u00e9g\u00e8re d\u00e9t\u00e9rioration avec une r\u00e9duction de la dur\u00e9e des annonces de 14 \u00e0 18 jours.<\/p>\n","protected":false},"excerpt":{"rendered":"<p>Malgr\u00e9 une hausse de 21 % des offres locatives en Suisse, la demande reste sup\u00e9rieure, entra\u00eenant des d\u00e9lais de location toujours tr\u00e8s courts dans de nombreuses r\u00e9gions.<\/p>\n","protected":false},"author":37,"featured_media":105340,"comment_status":"open","ping_status":"closed","sticky":false,"template":"","format":"standard","meta":{"footnotes":""},"categories":[29],"tags":[],"class_list":["post-105336","post","type-post","status-publish","format-standard","has-post-thumbnail","hentry","category-immobilier","generate-columns","tablet-grid-50","mobile-grid-100","grid-parent","grid-33","no-featured-image-padding"],"_links":{"self":[{"href":"https:\/\/econostrum.info\/suisse\/wp-json\/wp\/v2\/posts\/105336","targetHints":{"allow":["GET"]}}],"collection":[{"href":"https:\/\/econostrum.info\/suisse\/wp-json\/wp\/v2\/posts"}],"about":[{"href":"https:\/\/econostrum.info\/suisse\/wp-json\/wp\/v2\/types\/post"}],"author":[{"embeddable":true,"href":"https:\/\/econostrum.info\/suisse\/wp-json\/wp\/v2\/users\/37"}],"replies":[{"embeddable":true,"href":"https:\/\/econostrum.info\/suisse\/wp-json\/wp\/v2\/comments?post=105336"}],"version-history":[{"count":0,"href":"https:\/\/econostrum.info\/suisse\/wp-json\/wp\/v2\/posts\/105336\/revisions"}],"wp:featuredmedia":[{"embeddable":true,"href":"https:\/\/econostrum.info\/suisse\/wp-json\/wp\/v2\/media\/105340"}],"wp:attachment":[{"href":"https:\/\/econostrum.info\/suisse\/wp-json\/wp\/v2\/media?parent=105336"}],"wp:term":[{"taxonomy":"category","embeddable":true,"href":"https:\/\/econostrum.info\/suisse\/wp-json\/wp\/v2\/categories?post=105336"},{"taxonomy":"post_tag","embeddable":true,"href":"https:\/\/econostrum.info\/suisse\/wp-json\/wp\/v2\/tags?post=105336"}],"curies":[{"name":"wp","href":"https:\/\/api.w.org\/{rel}","templated":true}]}}