{"id":105319,"date":"2025-06-25T13:30:00","date_gmt":"2025-06-25T11:30:00","guid":{"rendered":"https:\/\/econostrum.info\/suisse\/?p=105319"},"modified":"2025-06-25T13:18:13","modified_gmt":"2025-06-25T11:18:13","slug":"2025-annee-plus-difficile-que-prevu-economie-suisse","status":"publish","type":"post","link":"https:\/\/econostrum.info\/suisse\/2025-annee-plus-difficile-que-prevu-economie-suisse\/","title":{"rendered":"2025 sera une ann\u00e9e bien plus difficile que pr\u00e9vu pour l&rsquo;\u00e9conomie suisse"},"content":{"rendered":"\n<p>Selon le Centre de recherches conjoncturelles (KOF) \u00e0 Zurich, les \u00e9conomistes r\u00e9visent \u00e0 la baisse leur estimation du PIB, passant de 1,2 % \u00e0 1,1 %. Cette r\u00e9vision refl\u00e8te une perspective plus prudente, \u00e0 la fois en raison d&rsquo;une inflation plus faible et d&rsquo;une l\u00e9g\u00e8re hausse du taux de ch\u00f4mage. Les pr\u00e9visions de croissance pour 2026, d\u00e9sormais \u00e0 1,6 %, sont \u00e9galement revues \u00e0 la baisse, tout comme les projections \u00e0 long terme pour les ann\u00e9es suivantes.<\/p>\n\n\n\n<p>Cette r\u00e9vision intervient dans un contexte \u00e9conomique incertain, o\u00f9 la Suisse, comme d&rsquo;autres \u00e9conomies, doit faire face \u00e0 des dynamiques mondiales complexes, notamment les d\u00e9fis g\u00e9opolitiques et les fluctuations des march\u00e9s financiers. <\/p>\n\n\n\n<p>Les \u00e9conomistes sond\u00e9s par le KOF ont exprim\u00e9 des pr\u00e9occupations quant \u00e0 la durabilit\u00e9 de la reprise \u00e9conomique \u00e0 court terme, et cette r\u00e9vision de la croissance du PIB en est un reflet, rapporte <em><a href=\"https:\/\/www.blick.ch\/fr\/suisse\/experts-sondes-par-lepfz-leconomie-suisse-sera-un-peu-plus-faible-quattendu-en-2025-id20985597.html\" target=\"_blank\" rel=\"noopener\">Blick<\/a><\/em>.<\/p>\n\n\n\n<h3 class=\"wp-block-heading\">Le secteur de la construction reste relativement stable<\/h3>\n\n\n\n<p>En d\u00e9pit de la r\u00e9vision \u00e0 la baisse des pr\u00e9visions \u00e9conomiques, certains secteurs semblent moins affect\u00e9s par ce ralentissement. C\u2019est notamment le cas de la construction, un secteur qui continue d&rsquo;afficher des signes de stabilit\u00e9. En effet, les investissements dans ce domaine sont attendus \u00e0 2,2 % pour cette ann\u00e9e, une r\u00e9vision \u00e0 la hausse par rapport \u00e0 la pr\u00e9c\u00e9dente estimation de 2 %.<\/p>\n\n\n\n<p>Ce secteur se distingue particuli\u00e8rement des autres, dans la mesure o\u00f9 les investissements dans les biens d&rsquo;\u00e9quipement et les exportations connaissent des ajustements moins favorables. La solidit\u00e9 de la construction s&rsquo;explique en partie par la demande continue dans ce domaine, m\u00eame si la croissance est plus modeste qu&rsquo;auparavant.<\/p>\n\n\n\n<h3 class=\"wp-block-heading\">Des ajustements \u00e0 la baisse pour les exportations et les investissements<\/h3>\n\n\n\n<p>Les exportations, moteur traditionnel de l&rsquo;\u00e9conomie suisse, connaissent \u00e9galement un ajustement dans les pr\u00e9visions. En 2025, une augmentation de 3,5 % est attendue, bien au-del\u00e0 des pr\u00e9visions de mars qui tablaient sur une hausse plus modeste de 2,3 %. <\/p>\n\n\n\n<p>Cependant, les experts du KOF pr\u00e9voient que cette croissance ralentira en 2026, avec des perspectives plus mod\u00e9r\u00e9es \u00e0 2,8 %, contre 3,1 % dans leurs pr\u00e9visions ant\u00e9rieures.<\/p>\n\n\n\n<p>Parall\u00e8lement, les investissements dans les biens d&rsquo;\u00e9quipement connaissent \u00e9galement une r\u00e9duction de leurs pr\u00e9visions de croissance. Alors que ces derniers \u00e9taient estim\u00e9s \u00e0 2 % en mars, ils ne devraient atteindre que 1,6 % l&rsquo;ann\u00e9e suivante. Cela traduit une certaine prudence des entreprises, qui sont confront\u00e9es \u00e0 un environnement \u00e9conomique moins pr\u00e9visible.<\/p>\n\n\n\n<p>Les r\u00e9visions \u00e0 la baisse ne se limitent pas uniquement aux pr\u00e9visions de croissance du PIB et des investissements, mais se prolongent \u00e9galement sur le <a href=\"https:\/\/econostrum.info\/suisse\/chomeurs-suisses-nouvelle-hausse-incertitudes-marche-emploi\/\" data-type=\"post\" data-id=\"104964\">march\u00e9 du travail<\/a>, o\u00f9 une l\u00e9g\u00e8re augmentation du ch\u00f4mage est anticip\u00e9e, atteignant 2,9 % en 2025 contre 2,8 % pr\u00e9c\u00e9demment.<\/p>\n","protected":false},"excerpt":{"rendered":"<p>L&rsquo;\u00e9conomie suisse voit ses pr\u00e9visions r\u00e9vis\u00e9es \u00e0 la baisse, avec une croissance du PIB estim\u00e9e \u00e0 1,1 % en 2025, contre 1,2 % pr\u00e9c\u00e9demment.<\/p>\n","protected":false},"author":37,"featured_media":105323,"comment_status":"open","ping_status":"closed","sticky":false,"template":"","format":"standard","meta":{"footnotes":""},"categories":[1],"tags":[],"class_list":["post-105319","post","type-post","status-publish","format-standard","has-post-thumbnail","hentry","category-economie","generate-columns","tablet-grid-50","mobile-grid-100","grid-parent","grid-33","no-featured-image-padding"],"_links":{"self":[{"href":"https:\/\/econostrum.info\/suisse\/wp-json\/wp\/v2\/posts\/105319","targetHints":{"allow":["GET"]}}],"collection":[{"href":"https:\/\/econostrum.info\/suisse\/wp-json\/wp\/v2\/posts"}],"about":[{"href":"https:\/\/econostrum.info\/suisse\/wp-json\/wp\/v2\/types\/post"}],"author":[{"embeddable":true,"href":"https:\/\/econostrum.info\/suisse\/wp-json\/wp\/v2\/users\/37"}],"replies":[{"embeddable":true,"href":"https:\/\/econostrum.info\/suisse\/wp-json\/wp\/v2\/comments?post=105319"}],"version-history":[{"count":0,"href":"https:\/\/econostrum.info\/suisse\/wp-json\/wp\/v2\/posts\/105319\/revisions"}],"wp:featuredmedia":[{"embeddable":true,"href":"https:\/\/econostrum.info\/suisse\/wp-json\/wp\/v2\/media\/105323"}],"wp:attachment":[{"href":"https:\/\/econostrum.info\/suisse\/wp-json\/wp\/v2\/media?parent=105319"}],"wp:term":[{"taxonomy":"category","embeddable":true,"href":"https:\/\/econostrum.info\/suisse\/wp-json\/wp\/v2\/categories?post=105319"},{"taxonomy":"post_tag","embeddable":true,"href":"https:\/\/econostrum.info\/suisse\/wp-json\/wp\/v2\/tags?post=105319"}],"curies":[{"name":"wp","href":"https:\/\/api.w.org\/{rel}","templated":true}]}}