{"id":105303,"date":"2025-06-24T13:23:03","date_gmt":"2025-06-24T11:23:03","guid":{"rendered":"https:\/\/econostrum.info\/suisse\/?p=105303"},"modified":"2025-06-24T13:23:06","modified_gmt":"2025-06-24T11:23:06","slug":"chaleur-suisse-romande-35c-mercredi-canicule","status":"publish","type":"post","link":"https:\/\/econostrum.info\/suisse\/chaleur-suisse-romande-35c-mercredi-canicule\/","title":{"rendered":"Chaleur infernale en Suisse romande : 35\u00b0C mercredi, pr\u00e9parez-vous \u00e0 la canicule"},"content":{"rendered":"\n<p>Apr\u00e8s un week-end ensoleill\u00e9, la Suisse romande se pr\u00e9pare \u00e0 une nouvelle vague de chaleur, avec des temp\u00e9ratures qui grimperont cette semaine. D\u00e8s lundi, les temp\u00e9ratures dans les plaines de Lausanne et Neuch\u00e2tel ont d\u00e9pass\u00e9 les 28\u00b0C, tandis qu\u2019\u00e0 Gen\u00e8ve, elles ont fr\u00f4l\u00e9 les 32\u00b0C.<\/p>\n\n\n\n<p>\u00c0 Sion, la chaleur a atteint 31\u00b0C, et les pr\u00e9visions indiquent que les temp\u00e9ratures continueront d&rsquo;augmenter dans les jours \u00e0 venir. Selon <em><a href=\"https:\/\/www.meteosuisse.admin.ch\/#tab=forecast-map\" target=\"_blank\" rel=\"noopener\">M\u00e9t\u00e9oSuisse<\/a><\/em>, le mercredi des pics de 35\u00b0C sont attendus \u00e0 Gen\u00e8ve et Sion, avec 32\u00b0C \u00e0 Lausanne et Neuch\u00e2tel. La chaleur sera intense toute la journ\u00e9e, bien que des cumulus puissent se former en fin de journ\u00e9e, avec la possibilit\u00e9 d\u2019orages isol\u00e9s pendant la nuit.<\/p>\n\n\n\n<h3 class=\"wp-block-heading\">Les orages violents en pr\u00e9vision<\/h3>\n\n\n\n<p>Si la chaleur dominera sur la majeure partie du territoire, les cantons al\u00e9maniques se pr\u00e9parent \u00e0 des conditions plus instables. Jeudi, de violents orages sont attendus, en particulier \u00e0 Berne, Glaris, Lucerne et Zurich. Ces orages pourraient s\u2019accompagner de risques accrus de chutes d\u2019arbres, de glissements de terrain et de crues soudaines.<\/p>\n\n\n\n<p><em>M\u00e9t\u00e9oSuisse<\/em> conseille d\u2019\u00e9viter les espaces ouverts, les arbres et les sommets, en raison du danger de foudre. La journ\u00e9e de jeudi sera marqu\u00e9e par des nuages en matin\u00e9e, suivis d\u2019\u00e9claircies en apr\u00e8s-midi, mais avec des orages parfois violents qui pourraient survenir.<\/p>\n\n\n\n<h3 class=\"wp-block-heading\">Les temp\u00e9ratures plus douces pour le week-end<\/h3>\n\n\n\n<p>Apr\u00e8s cette semaine de forte chaleur, les temp\u00e9ratures devraient l\u00e9g\u00e8rement baisser \u00e0 partir de vendredi. M\u00e9t\u00e9oSuisse pr\u00e9voit une temp\u00e9rature maximale de 28\u00b0C \u00e0 Lausanne et Neuch\u00e2tel, 30\u00b0C \u00e0 <a href=\"https:\/\/econostrum.info\/suisse\/geneve-salaire-minimum-modifie-emploi-sans-reduire\/\" data-type=\"post\" data-id=\"105227\">Gen\u00e8ve<\/a> et 31\u00b0C \u00e0 Sion.<\/p>\n\n\n\n<p>Toutefois, la chaleur restera pr\u00e9sente jusqu\u2019au week-end, et les temp\u00e9ratures devraient de nouveau augmenter au fil des jours suivants, avec une l\u00e9g\u00e8re remont\u00e9e des temp\u00e9ratures pr\u00e9vue au cours du week-end.<\/p>\n\n\n\n<p><\/p>\n","protected":false},"excerpt":{"rendered":"<p>La canicule frappe la Suisse romande cette semaine avec des temp\u00e9ratures atteignant 35\u00b0C, notamment \u00e0 Gen\u00e8ve et Sion. Des orages violents sont aussi pr\u00e9vus jeudi.<\/p>\n","protected":false},"author":37,"featured_media":105307,"comment_status":"open","ping_status":"closed","sticky":false,"template":"","format":"standard","meta":{"footnotes":""},"categories":[19],"tags":[],"class_list":["post-105303","post","type-post","status-publish","format-standard","has-post-thumbnail","hentry","category-meteo","generate-columns","tablet-grid-50","mobile-grid-100","grid-parent","grid-33","no-featured-image-padding"],"_links":{"self":[{"href":"https:\/\/econostrum.info\/suisse\/wp-json\/wp\/v2\/posts\/105303","targetHints":{"allow":["GET"]}}],"collection":[{"href":"https:\/\/econostrum.info\/suisse\/wp-json\/wp\/v2\/posts"}],"about":[{"href":"https:\/\/econostrum.info\/suisse\/wp-json\/wp\/v2\/types\/post"}],"author":[{"embeddable":true,"href":"https:\/\/econostrum.info\/suisse\/wp-json\/wp\/v2\/users\/37"}],"replies":[{"embeddable":true,"href":"https:\/\/econostrum.info\/suisse\/wp-json\/wp\/v2\/comments?post=105303"}],"version-history":[{"count":0,"href":"https:\/\/econostrum.info\/suisse\/wp-json\/wp\/v2\/posts\/105303\/revisions"}],"wp:featuredmedia":[{"embeddable":true,"href":"https:\/\/econostrum.info\/suisse\/wp-json\/wp\/v2\/media\/105307"}],"wp:attachment":[{"href":"https:\/\/econostrum.info\/suisse\/wp-json\/wp\/v2\/media?parent=105303"}],"wp:term":[{"taxonomy":"category","embeddable":true,"href":"https:\/\/econostrum.info\/suisse\/wp-json\/wp\/v2\/categories?post=105303"},{"taxonomy":"post_tag","embeddable":true,"href":"https:\/\/econostrum.info\/suisse\/wp-json\/wp\/v2\/tags?post=105303"}],"curies":[{"name":"wp","href":"https:\/\/api.w.org\/{rel}","templated":true}]}}