{"id":105296,"date":"2025-06-24T17:43:17","date_gmt":"2025-06-24T15:43:17","guid":{"rendered":"https:\/\/econostrum.info\/suisse\/?p=105296"},"modified":"2025-06-24T17:43:19","modified_gmt":"2025-06-24T15:43:19","slug":"larrivee-des-expatries-alimente-la-crise-du-logement-et-fait-exploser-les-loyers-en-suisse","status":"publish","type":"post","link":"https:\/\/econostrum.info\/suisse\/larrivee-des-expatries-alimente-la-crise-du-logement-et-fait-exploser-les-loyers-en-suisse\/","title":{"rendered":"L&rsquo;arriv\u00e9e des expatri\u00e9s alimente la crise du logement et fait exploser les loyers en Suisse"},"content":{"rendered":"\n<p>Chaque ann\u00e9e, entre 30 000 et 50 000 expatri\u00e9s s&rsquo;installent en Suisse, principalement dans les grandes villes comme Zurich. Cela contribue \u00e0 la diversit\u00e9 du pays, mais aussi \u00e0 une pression suppl\u00e9mentaire sur un march\u00e9 immobilier d\u00e9j\u00e0 tendu. C&rsquo;est dans ce contexte qu&rsquo;une influenceuse am\u00e9ricaine, r\u00e9cemment install\u00e9e \u00e0 Zurich, a provoqu\u00e9 une vague de r\u00e9actions sur les r\u00e9seaux sociaux. <\/p>\n\n\n\n<p>En montrant sa recherche d&rsquo;appartement dans la capitale \u00e9conomique suisse, elle a mis en lumi\u00e8re ses crit\u00e8res jug\u00e9s trop \u00e9lev\u00e9s : un logement de trois \u00e0 quatre pi\u00e8ces, deux balcons, et \u00e0 quelques pas du lac. Le tout pour un prix de 6700 francs. Cette vid\u00e9o a imm\u00e9diatement provoqu\u00e9 une avalanche de critiques, soulignant l&rsquo;ironie de vouloir reproduire un mode de vie am\u00e9ricain dans un march\u00e9 suisse d\u00e9j\u00e0 satur\u00e9, rapporte <a href=\"https:\/\/www.blick.ch\/fr\/suisse\/une-influenceuse-dans-la-tourmente-les-expatries-pointes-du-doigt-a-cause-de-la-crise-du-logement-en-suisse-id20983277.html\" target=\"_blank\" rel=\"noopener\"><em>Blick<\/em><\/a>.<\/p>\n\n\n\n<h2 class=\"wp-block-heading\">Les politiques de logement et l&rsquo;impact des expatri\u00e9s<\/h2>\n\n\n\n<p>Les critiques \u00e0 l&rsquo;\u00e9gard des expatri\u00e9s ne sont pas nouvelles en Suisse. Elles s&rsquo;inscrivent dans un d\u00e9bat plus large sur la crise du logement qui touche des villes comme <a href=\"https:\/\/econostrum.info\/suisse\/prix-immobilier-explosent-zurich-et-geneve\/\" data-type=\"post\" data-id=\"4106\">Zurich<\/a>.<\/p>\n\n\n\n<p>Le groupe politique Union D\u00e9mocratique du Centre (UDC) a ainsi mis en avant l&rsquo;impact de l&rsquo;immigration sur la hausse des loyers. Selon les observateurs, les expatri\u00e9s ais\u00e9s, attir\u00e9s par la prosp\u00e9rit\u00e9 \u00e9conomique de la Suisse, sont souvent pr\u00eats \u00e0 payer des loyers \u00e9lev\u00e9s, ce qui contribue \u00e0 l&rsquo;augmentation des prix et \u00e9vincent les r\u00e9sidents locaux. <\/p>\n\n\n\n<p>En 2022, un groupe de parlementaires a d&rsquo;ailleurs sugg\u00e9r\u00e9 de privil\u00e9gier les \u00ab indig\u00e8nes \u00bb dans l&rsquo;attribution des logements municipaux afin de r\u00e9pondre \u00e0 cette pression croissante sur le march\u00e9 de l&rsquo;immobilier \u00e0 Zurich.<\/p>\n\n\n\n<h2 class=\"wp-block-heading\">Une p\u00e9nurie structurelle et les d\u00e9fis de la planification urbaine<\/h2>\n\n\n\n<p>La question de la crise du logement en Suisse est bien plus complexe que la seule arriv\u00e9e des expatri\u00e9s. D&rsquo;apr\u00e8s Christian Schmid, professeur \u00e0 l&rsquo;\u00c9cole polytechnique f\u00e9d\u00e9rale de Zurich (EPFZ), la p\u00e9nurie de logements dans la ville est chronique depuis pr\u00e8s de cinquante ans. <\/p>\n\n\n\n<p>La v\u00e9ritable probl\u00e9matique r\u00e9side dans la diminution des logements abordables, notamment en raison de la d\u00e9molition ou de la r\u00e9novation de b\u00e2timents anciens. Les sp\u00e9cialistes de l&rsquo;immobilier expliquent que ces b\u00e2timents sont souvent remplac\u00e9s par des projets immobiliers plus rentables, qui g\u00e9n\u00e8rent des loyers plus \u00e9lev\u00e9s.<\/p>\n\n\n\n<p>La difficult\u00e9 d&rsquo;acc\u00e8s aux logements pour les expatri\u00e9s, notamment pour ceux qui ne ma\u00eetrisent pas bien l&rsquo;allemand ou qui se heurtent \u00e0 une concurrence accrue, renforce ce sentiment de crise. Les politiques actuelles de Zurich semblent avoir du mal \u00e0 r\u00e9pondre \u00e0 cette r\u00e9alit\u00e9 structurelle.<\/p>\n\n\n\n<p><\/p>\n","protected":false},"excerpt":{"rendered":"<p>La crise du logement en Suisse s&rsquo;intensifie, et les expatri\u00e9s sont souvent accus\u00e9s de contribuer \u00e0 la hausse des loyers, notamment \u00e0 Zurich, avec des exigences \u00e9lev\u00e9es.<\/p>\n","protected":false},"author":37,"featured_media":105302,"comment_status":"open","ping_status":"closed","sticky":false,"template":"","format":"standard","meta":{"footnotes":""},"categories":[29],"tags":[],"class_list":["post-105296","post","type-post","status-publish","format-standard","has-post-thumbnail","hentry","category-immobilier","generate-columns","tablet-grid-50","mobile-grid-100","grid-parent","grid-33","no-featured-image-padding"],"_links":{"self":[{"href":"https:\/\/econostrum.info\/suisse\/wp-json\/wp\/v2\/posts\/105296","targetHints":{"allow":["GET"]}}],"collection":[{"href":"https:\/\/econostrum.info\/suisse\/wp-json\/wp\/v2\/posts"}],"about":[{"href":"https:\/\/econostrum.info\/suisse\/wp-json\/wp\/v2\/types\/post"}],"author":[{"embeddable":true,"href":"https:\/\/econostrum.info\/suisse\/wp-json\/wp\/v2\/users\/37"}],"replies":[{"embeddable":true,"href":"https:\/\/econostrum.info\/suisse\/wp-json\/wp\/v2\/comments?post=105296"}],"version-history":[{"count":0,"href":"https:\/\/econostrum.info\/suisse\/wp-json\/wp\/v2\/posts\/105296\/revisions"}],"wp:featuredmedia":[{"embeddable":true,"href":"https:\/\/econostrum.info\/suisse\/wp-json\/wp\/v2\/media\/105302"}],"wp:attachment":[{"href":"https:\/\/econostrum.info\/suisse\/wp-json\/wp\/v2\/media?parent=105296"}],"wp:term":[{"taxonomy":"category","embeddable":true,"href":"https:\/\/econostrum.info\/suisse\/wp-json\/wp\/v2\/categories?post=105296"},{"taxonomy":"post_tag","embeddable":true,"href":"https:\/\/econostrum.info\/suisse\/wp-json\/wp\/v2\/tags?post=105296"}],"curies":[{"name":"wp","href":"https:\/\/api.w.org\/{rel}","templated":true}]}}