{"id":105218,"date":"2025-06-21T13:35:00","date_gmt":"2025-06-21T11:35:00","guid":{"rendered":"https:\/\/econostrum.info\/suisse\/?p=105218"},"modified":"2025-06-21T00:56:53","modified_gmt":"2025-06-20T22:56:53","slug":"vague-chaleur-suisse-temperatures-caniculaires-week-end","status":"publish","type":"post","link":"https:\/\/econostrum.info\/suisse\/vague-chaleur-suisse-temperatures-caniculaires-week-end\/","title":{"rendered":"Vague de chaleur en Suisse : des temp\u00e9ratures caniculaires d\u00e9passant les 30\u00b0C ce week-end"},"content":{"rendered":"\n<p>Ce week-end en Suisse s\u2019annonce particuli\u00e8rement chaud, avec des temp\u00e9ratures qui fr\u00f4leront les 34 degr\u00e9s dimanche. L\u2019anticyclone Zora, succ\u00e9dant \u00e0 Yvonne, fait monter le thermom\u00e8tre et plonge le pays dans une p\u00e9riode caniculaire.<\/p>\n\n\n\n<p>La chaleur s\u2019intensifie \u00e0 partir de vendredi et continuera de grimper jusqu&rsquo;\u00e0 dimanche, avant qu&rsquo;un l\u00e9ger rafra\u00eechissement n&rsquo;intervienne en d\u00e9but de semaine prochaine, avec l\u2019arriv\u00e9e d\u2019air humide.<\/p>\n\n\n\n<h2 class=\"wp-block-heading\">Un week-end marqu\u00e9 par des temp\u00e9ratures caniculaires<\/h2>\n\n\n\n<p>La Suisse conna\u00eet une chaleur exceptionnelle ce week-end. Depuis vendredi, les temp\u00e9ratures ont atteint des niveaux \u00e9lev\u00e9s, entre 29 et 31 degr\u00e9s, et elles continueront de grimper ce samedi et dimanche.<\/p>\n\n\n\n<p>Ce dernier jour, les temp\u00e9ratures pourraient atteindre les 34 degr\u00e9s, faisant de dimanche le jour le plus chaud de la semaine. L\u2019anticyclone Zora est responsable de cette mont\u00e9e des temp\u00e9ratures, apportant un ciel bleu et un ensoleillement \u00e0 profusion sur l\u2019ensemble du pays. Michael Eichmann de Meteo News souligne que ces journ\u00e9es de chaleur intense sont attendues tout au long du week-end, rapporte <em><a href=\"https:\/\/www.blick.ch\/fr\/suisse\/meteo-suisse-des-temperatures-a-plus-de-30-degres-ce-week-end-id20977253.html\" target=\"_blank\" rel=\"noopener\">Blick<\/a><\/em>.<\/p>\n\n\n\n<h2 class=\"wp-block-heading\">Des nuits tropicales et une chaleur persistante<\/h2>\n\n\n\n<p>La chaleur ne se limitera pas aux journ\u00e9es, car les nuits seront \u00e9galement marqu\u00e9es par des temp\u00e9ratures \u00e9lev\u00e9es. Selon M\u00e9t\u00e9o Suisse, certains endroits du pays pourraient conna\u00eetre des \u00ab\u00a0<em>nuits tropicales<\/em>\u00ab\u00a0, o\u00f9 les temp\u00e9ratures resteront au-dessus des 20 degr\u00e9s.<\/p>\n\n\n\n<p>Cette chaleur nocturne sera accentu\u00e9e par l&rsquo;humidit\u00e9, qui emp\u00eachera une baisse rapide des temp\u00e9ratures pendant la nuit. Les nuits de dimanche \u00e0 lundi et de lundi \u00e0 mardi pourraient ainsi offrir des conditions particuli\u00e8rement \u00e9touffantes pour les habitants, avec des temp\u00e9ratures d\u00e9passant les 20 degr\u00e9s pendant la nuit.<\/p>\n\n\n\n<h2 class=\"wp-block-heading\">Un l\u00e9ger rafra\u00eechissement pr\u00e9vu en d\u00e9but de semaine<\/h2>\n\n\n\n<p>Lundi, la chaleur commencera \u00e0 se dissiper l\u00e9g\u00e8rement avec l&rsquo;arriv\u00e9e d\u2019air humide. Les temp\u00e9ratures en plaine devraient descendre entre 27 et 29 degr\u00e9s, offrant un peu de r\u00e9pit aux habitants.<\/p>\n\n\n\n<p>Cependant, cette baisse de temp\u00e9rature sera accompagn\u00e9e d\u2019une augmentation des averses et des orages, bien que la distribution exacte des pr\u00e9cipitations reste incertaine pour le moment. Malgr\u00e9 ce rafra\u00eechissement, la chaleur restera pr\u00e9sente dans certaines r\u00e9gions jusqu&rsquo;\u00e0 mardi, avec une humidit\u00e9 importante qui continuera de peser sur les conditions nocturnes.<\/p>\n\n\n\n<p><\/p>\n","protected":false},"excerpt":{"rendered":"<p>Le week-end en Suisse sera caniculaire, avec des temp\u00e9ratures d\u00e9passant 30\u00b0C, atteignant 34\u00b0C dimanche. Un l\u00e9ger rafra\u00eechissement est pr\u00e9vu lundi.<\/p>\n","protected":false},"author":37,"featured_media":105223,"comment_status":"open","ping_status":"closed","sticky":false,"template":"","format":"standard","meta":{"footnotes":""},"categories":[19],"tags":[],"class_list":["post-105218","post","type-post","status-publish","format-standard","has-post-thumbnail","hentry","category-meteo","generate-columns","tablet-grid-50","mobile-grid-100","grid-parent","grid-33","no-featured-image-padding"],"_links":{"self":[{"href":"https:\/\/econostrum.info\/suisse\/wp-json\/wp\/v2\/posts\/105218","targetHints":{"allow":["GET"]}}],"collection":[{"href":"https:\/\/econostrum.info\/suisse\/wp-json\/wp\/v2\/posts"}],"about":[{"href":"https:\/\/econostrum.info\/suisse\/wp-json\/wp\/v2\/types\/post"}],"author":[{"embeddable":true,"href":"https:\/\/econostrum.info\/suisse\/wp-json\/wp\/v2\/users\/37"}],"replies":[{"embeddable":true,"href":"https:\/\/econostrum.info\/suisse\/wp-json\/wp\/v2\/comments?post=105218"}],"version-history":[{"count":0,"href":"https:\/\/econostrum.info\/suisse\/wp-json\/wp\/v2\/posts\/105218\/revisions"}],"wp:featuredmedia":[{"embeddable":true,"href":"https:\/\/econostrum.info\/suisse\/wp-json\/wp\/v2\/media\/105223"}],"wp:attachment":[{"href":"https:\/\/econostrum.info\/suisse\/wp-json\/wp\/v2\/media?parent=105218"}],"wp:term":[{"taxonomy":"category","embeddable":true,"href":"https:\/\/econostrum.info\/suisse\/wp-json\/wp\/v2\/categories?post=105218"},{"taxonomy":"post_tag","embeddable":true,"href":"https:\/\/econostrum.info\/suisse\/wp-json\/wp\/v2\/tags?post=105218"}],"curies":[{"name":"wp","href":"https:\/\/api.w.org\/{rel}","templated":true}]}}