{"id":105170,"date":"2025-06-19T14:12:01","date_gmt":"2025-06-19T12:12:01","guid":{"rendered":"https:\/\/econostrum.info\/suisse\/?p=105170"},"modified":"2025-06-19T14:12:03","modified_gmt":"2025-06-19T12:12:03","slug":"accord-ue-france-demande-date-limite-accord-suisse","status":"publish","type":"post","link":"https:\/\/econostrum.info\/suisse\/accord-ue-france-demande-date-limite-accord-suisse\/","title":{"rendered":"Accord avec l&rsquo;UE : La France demande une date limite pour l&rsquo;accord avec la Suisse"},"content":{"rendered":"\n<p>Le 16 juin 2025, le ministre suisse des Affaires \u00e9trang\u00e8res, Ignazio Cassis, a pr\u00e9sent\u00e9 \u00e0 Berne les derniers textes finalis\u00e9s concernant la modernisation des relations bilat\u00e9rales entre la Suisse et l&rsquo;Union Europ\u00e9enne. <\/p>\n\n\n\n<p>Ce nouvel accord, qui marque une \u00e9tape importante apr\u00e8s plusieurs ann\u00e9es de tensions diplomatiques, a fait l\u2019objet de consultations publiques en Suisse et d&rsquo;un d\u00e9bat parlementaire pr\u00e9vu pour 2027 ou 2028, apr\u00e8s les \u00e9lections f\u00e9d\u00e9rales.<\/p>\n\n\n\n<p>En attendant la ratification, les relations entre les deux parties sont r\u00e9gies par une \u00ab\u00a0<em>d\u00e9claration commune<\/em>\u00ab\u00a0, dont le but est de maintenir une coop\u00e9ration dans des domaines essentiels comme la participation de la Suisse au programme de recherche Horizon Europe, ou encore les \u00e9changes d&rsquo;\u00e9lectricit\u00e9 transfrontaliers. <\/p>\n\n\n\n<p>Ce modus vivendi temporaire devait permettre de garantir une coop\u00e9ration constructive entre la Suisse et l&rsquo;UE pendant la p\u00e9riode de transition, marquant la fin des tensions diplomatiques qui avaient affect\u00e9 les relations bilat\u00e9rales ces derni\u00e8res ann\u00e9es.<\/p>\n\n\n\n<p>Cependant, cette phase transitoire, que Paris juge trop avantageuse pour la Suisse, suscite des divergences. Selon<a href=\"https:\/\/www.watson.ch\/fr\/suisse\/emmanuel-macron\/378445526-accord-avec-l-ue-la-france-estime-que-la-suisse-s-en-tire-trop-bien\" target=\"_blank\" rel=\"noopener\"> <em>Watson<\/em><\/a>, Paris a demand\u00e9 la suspension temporaire de la validation de la d\u00e9claration commune au sein de l&rsquo;UE, estimant que le gouvernement suisse pourrait prolonger ind\u00e9finiment cette phase, si un accord d\u00e9finitif n&rsquo;est pas ratifi\u00e9 d&rsquo;ici 2028.<\/p>\n\n\n\n<h2 class=\"wp-block-heading\">La position ferme de la France : une dur\u00e9e limit\u00e9e pour la coop\u00e9ration<\/h2>\n\n\n\n<p>La France consid\u00e8re que la Suisse b\u00e9n\u00e9ficie d\u2019un traitement trop favorable pendant cette p\u00e9riode transitoire. Le gouvernement fran\u00e7ais craint que la Suisse ne profite de ce modus vivendi temporaire pour \u00e9viter de signer un <a href=\"https:\/\/econostrum.info\/suisse\/suisse-conseil-federal-valide-accords-ue\/\" data-type=\"post\" data-id=\"105051\">nouvel accord<\/a> sur les relations bilat\u00e9rales avec l&rsquo;UE. En effet, la Suisse pourrait ne pas se sentir press\u00e9e d&rsquo;agir si elle continue de b\u00e9n\u00e9ficier de cette coop\u00e9ration, ce qui mettrait en p\u00e9ril l&rsquo;\u00e9quilibre des relations.<\/p>\n\n\n\n<p>Emmanuel Macron et son gouvernement demandent donc une date limite pour ces mesures transitoires. Cette pression sur la Suisse intervient apr\u00e8s que la France ait plaid\u00e9 pour maintenir ses leviers de pression dans les discussions avec l&rsquo;UE, notamment en demandant l&rsquo;exclusion de la Suisse du programme Horizon Europe, un sujet sensible pour les relations bilat\u00e9rales.<\/p>\n\n\n\n<h2 class=\"wp-block-heading\">L&rsquo;UE entre compromis et pression : une solution interm\u00e9diaire<\/h2>\n\n\n\n<p>Face aux exigences fran\u00e7aises, la Commission Europ\u00e9enne a propos\u00e9 une solution interm\u00e9diaire qui pourrait satisfaire toutes les parties. Un avertissement pourrait \u00eatre ajout\u00e9 \u00e0 la d\u00e9claration commune, stipulant qu\u2019en l\u2019absence d\u2019un accord global ratifi\u00e9 par la Suisse d\u2019ici 2028, l\u2019Union Europ\u00e9enne r\u00e9examinera sa position. Cette solution, qui doit encore \u00eatre valid\u00e9e par les 27 \u00c9tats membres, vise \u00e0 limiter la dur\u00e9e de l\u2019entente transitoire.<\/p>\n\n\n\n<p>Ce compromis repr\u00e9sente un moyen pour l&rsquo;UE d\u2019imposer une pression sur la Suisse tout en maintenant une forme de coop\u00e9ration en attendant la ratification de l&rsquo;accord global. La France, quant \u00e0 elle, continue de d\u00e9fendre sa position, estimant qu\u2019une telle garantie est indispensable pour garantir que la Suisse respecte ses engagements \u00e0 long terme.<\/p>\n","protected":false},"excerpt":{"rendered":"<p>La France exige une date limite pour les mesures transitoires entre l&rsquo;UE et la Suisse, afin d&rsquo;\u00e9viter que la Suisse b\u00e9n\u00e9ficie ind\u00e9finiment d&rsquo;un accord provisoire.<\/p>\n","protected":false},"author":37,"featured_media":105173,"comment_status":"open","ping_status":"closed","sticky":false,"template":"","format":"standard","meta":{"footnotes":""},"categories":[1],"tags":[],"class_list":["post-105170","post","type-post","status-publish","format-standard","has-post-thumbnail","hentry","category-economie","generate-columns","tablet-grid-50","mobile-grid-100","grid-parent","grid-33","no-featured-image-padding"],"_links":{"self":[{"href":"https:\/\/econostrum.info\/suisse\/wp-json\/wp\/v2\/posts\/105170","targetHints":{"allow":["GET"]}}],"collection":[{"href":"https:\/\/econostrum.info\/suisse\/wp-json\/wp\/v2\/posts"}],"about":[{"href":"https:\/\/econostrum.info\/suisse\/wp-json\/wp\/v2\/types\/post"}],"author":[{"embeddable":true,"href":"https:\/\/econostrum.info\/suisse\/wp-json\/wp\/v2\/users\/37"}],"replies":[{"embeddable":true,"href":"https:\/\/econostrum.info\/suisse\/wp-json\/wp\/v2\/comments?post=105170"}],"version-history":[{"count":0,"href":"https:\/\/econostrum.info\/suisse\/wp-json\/wp\/v2\/posts\/105170\/revisions"}],"wp:featuredmedia":[{"embeddable":true,"href":"https:\/\/econostrum.info\/suisse\/wp-json\/wp\/v2\/media\/105173"}],"wp:attachment":[{"href":"https:\/\/econostrum.info\/suisse\/wp-json\/wp\/v2\/media?parent=105170"}],"wp:term":[{"taxonomy":"category","embeddable":true,"href":"https:\/\/econostrum.info\/suisse\/wp-json\/wp\/v2\/categories?post=105170"},{"taxonomy":"post_tag","embeddable":true,"href":"https:\/\/econostrum.info\/suisse\/wp-json\/wp\/v2\/tags?post=105170"}],"curies":[{"name":"wp","href":"https:\/\/api.w.org\/{rel}","templated":true}]}}