{"id":105096,"date":"2025-06-17T09:15:00","date_gmt":"2025-06-17T07:15:00","guid":{"rendered":"https:\/\/econostrum.info\/suisse\/?p=105096"},"modified":"2025-06-17T09:12:04","modified_gmt":"2025-06-17T07:12:04","slug":"suisse-se-prepare-nouvelle-vague-chaleur","status":"publish","type":"post","link":"https:\/\/econostrum.info\/suisse\/suisse-se-prepare-nouvelle-vague-chaleur\/","title":{"rendered":"Apr\u00e8s les orages, la Suisse se pr\u00e9pare \u00e0 une nouvelle vague de chaleur"},"content":{"rendered":"\n<p>Ce week-end, de forts orages ont secou\u00e9 le pays, provoquant des d\u00e9g\u00e2ts et une chute importante des temp\u00e9ratures. Toutefois, selon MeteoNews, un retour du soleil est pr\u00e9vu d\u00e8s ce lundi, avec des temp\u00e9ratures qui avoisineront les 23\u00b0C, et des averses encore possibles en montagne. <\/p>\n\n\n\n<p>D\u00e8s mardi, les temp\u00e9ratures devraient repartir \u00e0 la hausse pour atteindre des valeurs estivales, variant entre 26 et 31\u00b0C. Ce temps est id\u00e9al pour les activit\u00e9s ext\u00e9rieures, avec une semaine ensoleill\u00e9e et sans pluie \u00e0 pr\u00e9voir.<\/p>\n\n\n\n<h2 class=\"wp-block-heading\">Une transition apr\u00e8s les violents orages<\/h2>\n\n\n\n<p>Dimanche, des <a href=\"https:\/\/econostrum.info\/suisse\/meteo-apres-canicule-orages-dimanche-suisse-romande\/\" data-type=\"post\" data-id=\"105039\">orages puissants<\/a> ont frapp\u00e9 la Suisse, entra\u00eenant des d\u00e9g\u00e2ts consid\u00e9rables dans certaines r\u00e9gions. En plus des pr\u00e9cipitations torrentielles, des rafales de vent ont \u00e9t\u00e9 enregistr\u00e9es, accompagn\u00e9es de ph\u00e9nom\u00e8nes \u00e9lectriques.<\/p>\n\n\n\n<p>Le passage de ce front froid a \u00e9galement caus\u00e9 une chute des temp\u00e9ratures, obligeant de nombreux habitants \u00e0 ressortir des v\u00eatements plus chauds. Cependant, lundi a marqu\u00e9 le d\u00e9but d\u2019une transition, avec un retour \u00e0 des temp\u00e9ratures plus douces. <\/p>\n\n\n\n<p>Quelques nuages resteaient pr\u00e9sents dans le ciel, et des averses \u00e9taient encore attendues dans les zones montagneuses, mais la m\u00e9t\u00e9o s&rsquo;est stabilis\u00e9e progressivement tout au long de la journ\u00e9e, avec des temp\u00e9ratures avoisinant les 23\u00b0C.<\/p>\n\n\n\n<h2 class=\"wp-block-heading\">Un anticyclone pour r\u00e9chauffer la Suisse<\/h2>\n\n\n\n<p>Le retour de la chaleur est d\u00fb \u00e0 l\u2019arriv\u00e9e d\u2019un anticyclone venant de l\u2019ouest, qui va entra\u00eener un ass\u00e8chement et un r\u00e9chauffement de l\u2019air. Ce syst\u00e8me de haute pression, jug\u00e9 \u00ab\u00a0<em>tr\u00e8s stable<\/em>\u00a0\u00bb par les m\u00e9t\u00e9orologues, devrait durer plusieurs jours. <\/p>\n\n\n\n<p>Les temp\u00e9ratures commenceront \u00e0 augmenter d\u00e8s mardi, avec des valeurs variant entre 26 et 31\u00b0C dans l\u2019ensemble du pays. elon Roger Perret, m\u00e9t\u00e9orologue pour <a href=\"https:\/\/www.blick.ch\/fr\/suisse\/apres-lorage-la-transpiration-la-chaleur-sera-de-retour-cette-semaine-id20965582.html\" target=\"_blank\" rel=\"noopener\"><em>Blick<\/em><\/a>, cette chaleur persistera jusqu&rsquo;au week-end, cr\u00e9ant des conditions id\u00e9ales pour la baignade et les randonn\u00e9es.<\/p>\n\n\n\n<p>Les pr\u00e9visions annoncent un ciel d\u00e9gag\u00e9 et des temp\u00e9ratures agr\u00e9ables pour ces activit\u00e9s en ext\u00e9rieur, sans pluie ni orages. La limite du 0 degr\u00e9, quant \u00e0 elle, se situera entre 4&rsquo;000 et 4&rsquo;500 m\u00e8tres d\u2019altitude, renfor\u00e7ant la sensation de chaleur dans les vall\u00e9es suisses.<\/p>\n\n\n\n<h2 class=\"wp-block-heading\">Des temp\u00e9ratures record attendues<\/h2>\n\n\n\n<p>Avant les orages de dimanche, plusieurs r\u00e9gions de Suisse ont enregistr\u00e9 des temp\u00e9ratures records pour la premi\u00e8re quinzaine de juin. Par exemple, le vendredi 13 juin, Vi\u00e8ge (VS) a enregistr\u00e9 34,9\u00b0C, un record absolu pour cette p\u00e9riode de l\u2019ann\u00e9e, selon MeteoSuisse. Cet \u00e9pisode de chaleur intense avait entra\u00een\u00e9 l\u2019\u00e9mission d\u2019un avis de canicule. <\/p>\n\n\n\n<p>Il n&rsquo;est pas exclu que la Suisse connaisse \u00e0 nouveau des temp\u00e9ratures \u00e9lev\u00e9es dans les jours \u00e0 venir. En effet, le sp\u00e9cialiste Roger Perret indique que le pays pourrait \u00eatre \u00e0 nouveau confront\u00e9 \u00e0 des temp\u00e9ratures proches des records de d\u00e9but juin, et qu\u2019une nouvelle alerte canicule pourrait \u00eatre \u00e9mise \u00e0 la fin de cette semaine.<\/p>\n","protected":false},"excerpt":{"rendered":"<p>Apr\u00e8s les violents orages du week-end, la chaleur revient en Suisse cette semaine, avec des temp\u00e9ratures allant de 26 \u00e0 31\u00b0C, gr\u00e2ce \u00e0 un anticyclone stable.<\/p>\n","protected":false},"author":37,"featured_media":105100,"comment_status":"open","ping_status":"closed","sticky":false,"template":"","format":"standard","meta":{"footnotes":""},"categories":[19],"tags":[],"class_list":["post-105096","post","type-post","status-publish","format-standard","has-post-thumbnail","hentry","category-meteo","generate-columns","tablet-grid-50","mobile-grid-100","grid-parent","grid-33","no-featured-image-padding"],"_links":{"self":[{"href":"https:\/\/econostrum.info\/suisse\/wp-json\/wp\/v2\/posts\/105096","targetHints":{"allow":["GET"]}}],"collection":[{"href":"https:\/\/econostrum.info\/suisse\/wp-json\/wp\/v2\/posts"}],"about":[{"href":"https:\/\/econostrum.info\/suisse\/wp-json\/wp\/v2\/types\/post"}],"author":[{"embeddable":true,"href":"https:\/\/econostrum.info\/suisse\/wp-json\/wp\/v2\/users\/37"}],"replies":[{"embeddable":true,"href":"https:\/\/econostrum.info\/suisse\/wp-json\/wp\/v2\/comments?post=105096"}],"version-history":[{"count":0,"href":"https:\/\/econostrum.info\/suisse\/wp-json\/wp\/v2\/posts\/105096\/revisions"}],"wp:featuredmedia":[{"embeddable":true,"href":"https:\/\/econostrum.info\/suisse\/wp-json\/wp\/v2\/media\/105100"}],"wp:attachment":[{"href":"https:\/\/econostrum.info\/suisse\/wp-json\/wp\/v2\/media?parent=105096"}],"wp:term":[{"taxonomy":"category","embeddable":true,"href":"https:\/\/econostrum.info\/suisse\/wp-json\/wp\/v2\/categories?post=105096"},{"taxonomy":"post_tag","embeddable":true,"href":"https:\/\/econostrum.info\/suisse\/wp-json\/wp\/v2\/tags?post=105096"}],"curies":[{"name":"wp","href":"https:\/\/api.w.org\/{rel}","templated":true}]}}