{"id":105075,"date":"2025-06-16T13:49:18","date_gmt":"2025-06-16T11:49:18","guid":{"rendered":"https:\/\/econostrum.info\/suisse\/?p=105075"},"modified":"2025-06-16T13:49:20","modified_gmt":"2025-06-16T11:49:20","slug":"or-frole-record-historique","status":"publish","type":"post","link":"https:\/\/econostrum.info\/suisse\/or-frole-record-historique\/","title":{"rendered":"L\u2019or fr\u00f4le son record historique"},"content":{"rendered":"\n<p>Les \u00e9v\u00e9nements g\u00e9opolitiques r\u00e9cents, tels que les frappes isra\u00e9liennes contre l&rsquo;Iran, ont relanc\u00e9 la demande pour l&rsquo;or, consid\u00e9r\u00e9 comme un refuge traditionnel dans les p\u00e9riodes d&rsquo;incertitude. <\/p>\n\n\n\n<p>Depuis les attaques du 12 juin, le prix du m\u00e9tal jaune a retrouv\u00e9 des niveaux proches de son plus haut historique, flirtant avec les 3500 dollars l\u2019once. Ces tensions g\u00e9opolitiques, aliment\u00e9es par des conflits au Moyen-Orient et des discussions commerciales tendues, ont tendance \u00e0 raviver l&rsquo;int\u00e9r\u00eat pour des actifs per\u00e7us comme moins risqu\u00e9s.<\/p>\n\n\n\n<p>Le r\u00f4le de l&rsquo;or dans les portefeuilles d&rsquo;investissement a \u00e9galement \u00e9volu\u00e9 face \u00e0 une perception croissante d&rsquo;une instabilit\u00e9 \u00e9conomique \u00e0 l\u2019\u00e9chelle mondiale. Le m\u00e9tal pr\u00e9cieux n&rsquo;est plus seulement un bien de stockage de valeur en p\u00e9riode de crise, mais devient aussi un actif pris\u00e9 pour se prot\u00e9ger des fluctuations des devises comme le dollar, qui a vu ses fondements remis en question ces derni\u00e8res ann\u00e9es par des politiques \u00e9conomiques et commerciales incertaines, rapporte <a href=\"https:\/\/www.letemps.ch\/economie\/finance\/l-or-vit-il-un-nouvel-age-d-or\" target=\"_blank\" rel=\"noopener\"><em>Le Temps<\/em><\/a>.<\/p>\n\n\n\n<h2 class=\"wp-block-heading\">Les raisons profondes d&rsquo;une demande croissante pour l&rsquo;or<\/h2>\n\n\n\n<p>L\u2019une des causes principales de la hausse r\u00e9cente du prix de l\u2019or r\u00e9side dans une s\u00e9rie de tendances de fond qui vont bien au-del\u00e0 des \u00e9v\u00e9nements ponctuels. Hans Ulriksen, CEO et CIO de Noble Capital Management, explique que les banques centrales mondiales, dont les r\u00e9serves en dollars ont consid\u00e9rablement diminu\u00e9, se tournent d\u00e9sormais davantage vers l\u2019or comme actif de diversification. <\/p>\n\n\n\n<p>La redistribution des cartes dans le commerce mondial et la moindre confiance envers les actifs am\u00e9ricains poussent les institutions \u00e0 se tourner vers ce m\u00e9tal pr\u00e9cieux pour stabiliser leurs r\u00e9serves.<\/p>\n\n\n\n<p>Ulriksen affirme \u00e9galement que l&rsquo;or est devenu un refuge face \u00e0 la d\u00e9pr\u00e9ciation continue du dollar, une tendance structurelle visible depuis plusieurs ann\u00e9es, et qui pourrait se renforcer \u00e0 l\u2019avenir. <\/p>\n\n\n\n<p>Alors que les bons du Tr\u00e9sor, autrefois un bastion de s\u00e9curit\u00e9, ne r\u00e9pondent plus aux attentes des investisseurs, l&rsquo;or semble donc offrir une alternative plus stable. En outre, selon lui, le m\u00e9tal jaune est d\u00e9sormais davantage recherch\u00e9 par les banques centrales que l\u2019euro, une tendance confirm\u00e9e par un article r\u00e9cent du <em>Financial Times<\/em>.<\/p>\n\n\n\n<h2 class=\"wp-block-heading\">Les perspectives contradictoires : risque de correction \u00e0 court terme<\/h2>\n\n\n\n<p>N\u00e9anmoins, certains analystes, comme ceux d&rsquo;Invesco, estiment que l\u2019or atteint actuellement des niveaux de valorisation trop \u00e9lev\u00e9s. Apr\u00e8s avoir enregistr\u00e9 une performance exceptionnelle de +45 % sur les douze derniers mois, le m\u00e9tal pr\u00e9cieux est jug\u00e9 \u00ab <em>inhabituellemnt cher <\/em>\u00bb \u00e0 3500 dollars l\u2019once. L\u2019am\u00e9lioration attendue de la croissance \u00e9conomique mondiale et la baisse des tensions g\u00e9opolitiques pourraient inverser cette tendance \u00e0 la hausse.<\/p>\n\n\n\n<p>Selon Paul Jackson, responsable de l&rsquo;allocation d&rsquo;actifs chez Invesco, les investisseurs doivent s&rsquo;attendre \u00e0 une correction \u00e0 court terme. Il pr\u00e9dit que l&rsquo;or pourrait revenir \u00e0 des niveaux plus bas dans les mois \u00e0 venir, en raison d&rsquo;une probable am\u00e9lioration de la croissance globale et de la r\u00e9duction de l&rsquo;inflation. Jackson souligne aussi que la valorisation de l\u2019or est un facteur d\u00e9terminant, et qu&rsquo;elle pourrait, \u00e0 terme, nuire \u00e0 sa performance sur les march\u00e9s financiers, d\u00e9tail le m\u00e9dia helv\u00e9tique.<\/p>\n\n\n\n<h2 class=\"wp-block-heading\">L&rsquo;or et la joaillerie : un secteur en difficult\u00e9<\/h2>\n\n\n\n<p>Bien que l\u2019or ait attir\u00e9 de nouveaux investisseurs et banques centrales, une autre facette du march\u00e9 se trouve en difficult\u00e9. Les prix \u00e9lev\u00e9s ont effectivement entra\u00een\u00e9 une baisse de la demande dans l\u2019industrie de la joaillerie, qui repr\u00e9sente environ 50 % de la demande mondiale d\u2019or, notamment en Chine et en Inde. <\/p>\n\n\n\n<p>Ce d\u00e9clin a profit\u00e9 au platine, un m\u00e9tal pr\u00e9cieux concurrent, mais n\u2019a pas eu d\u2019effet n\u00e9gatif direct sur le prix de l\u2019or, en raison de la demande accrue des investisseurs institutionnels et des banques centrales.<\/p>\n\n\n\n<p>Nicky Shiels, responsable de la strat\u00e9gie sur les m\u00e9taux chez MKS PAMP, indique que la forte demande d&rsquo;or par les banques centrales a compens\u00e9 la baisse de la demande en joaillerie. Cependant, elle avertit qu&rsquo;une d\u00e9sescalade g\u00e9opolitique ou une s\u00e9rie d&rsquo;accords commerciaux pourraient ramener les prix de l\u2019or autour de 3350 dollars, dans un contexte de moindre incertitude g\u00e9opolitique.<\/p>\n\n\n\n<h2 class=\"wp-block-heading\">L&rsquo;exploitation de l&rsquo;or : strat\u00e9gies d&rsquo;investissement<\/h2>\n\n\n\n<p>Pour les investisseurs cherchant \u00e0 g\u00e9n\u00e9rer du rendement avec l&rsquo;or, plusieurs strat\u00e9gies peuvent \u00eatre exploit\u00e9es. Hans Ulriksen de Noble Capital Management souligne l&rsquo;utilisation de l&rsquo;or physique comme collat\u00e9ral pour des strat\u00e9gies de trading. <\/p>\n\n\n\n<p>La soci\u00e9t\u00e9 utilise des mod\u00e8les quantitatifs pour anticiper les mouvements de prix, et identifie des corridors de fluctuations dans lesquels l\u2019or pourrait se stabiliser \u00e0 court terme. Ces strat\u00e9gies incluent \u00e9galement l&rsquo;arbitrage entre les diff\u00e9rentes places boursi\u00e8res o\u00f9 l&rsquo;or est \u00e9chang\u00e9 \u00e0 des prix diff\u00e9rents. <\/p>\n\n\n\n<p>Par exemple, <a href=\"https:\/\/econostrum.info\/suisse\/boom-exportations-suisses-alarme-washington\/\" data-type=\"post\" data-id=\"103810\">les exportations <\/a>d&rsquo;or physique suisse vers les \u00c9tats-Unis ont r\u00e9cemment connu un pic, en raison de la prime observ\u00e9e sur le march\u00e9 am\u00e9ricain durant les tensions commerciales.<\/p>\n\n\n\n<p><\/p>\n","protected":false},"excerpt":{"rendered":"<p>L&rsquo;or atteint des sommets historiques, soutenu par les tensions g\u00e9opolitiques et une demande accrue des banques centrales, mais des risques de correction existent.<\/p>\n","protected":false},"author":17,"featured_media":105077,"comment_status":"open","ping_status":"closed","sticky":false,"template":"","format":"standard","meta":{"footnotes":""},"categories":[1],"tags":[],"class_list":["post-105075","post","type-post","status-publish","format-standard","has-post-thumbnail","hentry","category-economie","generate-columns","tablet-grid-50","mobile-grid-100","grid-parent","grid-33","no-featured-image-padding"],"_links":{"self":[{"href":"https:\/\/econostrum.info\/suisse\/wp-json\/wp\/v2\/posts\/105075","targetHints":{"allow":["GET"]}}],"collection":[{"href":"https:\/\/econostrum.info\/suisse\/wp-json\/wp\/v2\/posts"}],"about":[{"href":"https:\/\/econostrum.info\/suisse\/wp-json\/wp\/v2\/types\/post"}],"author":[{"embeddable":true,"href":"https:\/\/econostrum.info\/suisse\/wp-json\/wp\/v2\/users\/17"}],"replies":[{"embeddable":true,"href":"https:\/\/econostrum.info\/suisse\/wp-json\/wp\/v2\/comments?post=105075"}],"version-history":[{"count":0,"href":"https:\/\/econostrum.info\/suisse\/wp-json\/wp\/v2\/posts\/105075\/revisions"}],"wp:featuredmedia":[{"embeddable":true,"href":"https:\/\/econostrum.info\/suisse\/wp-json\/wp\/v2\/media\/105077"}],"wp:attachment":[{"href":"https:\/\/econostrum.info\/suisse\/wp-json\/wp\/v2\/media?parent=105075"}],"wp:term":[{"taxonomy":"category","embeddable":true,"href":"https:\/\/econostrum.info\/suisse\/wp-json\/wp\/v2\/categories?post=105075"},{"taxonomy":"post_tag","embeddable":true,"href":"https:\/\/econostrum.info\/suisse\/wp-json\/wp\/v2\/tags?post=105075"}],"curies":[{"name":"wp","href":"https:\/\/api.w.org\/{rel}","templated":true}]}}