{"id":105039,"date":"2025-06-15T09:05:00","date_gmt":"2025-06-15T07:05:00","guid":{"rendered":"https:\/\/econostrum.info\/suisse\/?p=105039"},"modified":"2025-06-15T00:05:44","modified_gmt":"2025-06-14T22:05:44","slug":"meteo-apres-canicule-orages-dimanche-suisse-romande","status":"publish","type":"post","link":"https:\/\/econostrum.info\/suisse\/meteo-apres-canicule-orages-dimanche-suisse-romande\/","title":{"rendered":"M\u00e9t\u00e9o en Suisse : apr\u00e8s la canicule, des orages arrivent ce dimanche en Suisse romande"},"content":{"rendered":"\n<p>La premi\u00e8re quinzaine de juin a \u00e9t\u00e9 marqu\u00e9e par une chaleur intense en Suisse romande, avec des temp\u00e9ratures record pour la saison. Le thermom\u00e8tre a fr\u00f4l\u00e9 les 35\u00b0C \u00e0 Vi\u00e8ge, tandis qu&rsquo;Evol\u00e8ne a atteint pr\u00e8s de 25\u00b0C, des valeurs inhabituelles pour ce mois de juin. <\/p>\n\n\n\n<p>Cette chaleur a \u00e9t\u00e9 accentu\u00e9e par la <a href=\"https:\/\/econostrum.info\/suisse\/phenomenes-polluants-suisse-menacant-poumons\/\" data-type=\"post\" data-id=\"104992\">pr\u00e9sence de fum\u00e9e provenant du Canada et de poussi\u00e8res du Sahara<\/a>, qui ont affect\u00e9 la qualit\u00e9 de l\u2019air et voil\u00e9 le ciel. Selon <a href=\"https:\/\/www.meteosuisse.admin.ch\/#tab=forecast-map\" target=\"_blank\" rel=\"noopener\"><em>M\u00e9t\u00e9oSuisse<\/em><\/a>, un avis de danger de canicule a \u00e9t\u00e9 \u00e9mis pour plusieurs r\u00e9gions de Suisse romande. Ces conditions ont entra\u00een\u00e9 des temp\u00e9ratures d\u00e9passant les seuils habituels pour la saison, avec des records battus dans diff\u00e9rentes localit\u00e9s du pays<\/p>\n\n\n\n<figure class=\"wp-block-embed is-type-rich is-provider-twitter wp-block-embed-twitter\"><div class=\"wp-block-embed__wrapper\">\n<blockquote class=\"twitter-tweet\" data-width=\"550\" data-dnt=\"true\"><p lang=\"de\" dir=\"ltr\">Nicht nur im Flachland ist es <a href=\"https:\/\/twitter.com\/hashtag\/heiss?src=hash&amp;ref_src=twsrc%5Etfw\" target=\"_blank\" rel=\"noopener\">#heiss<\/a>, sondern auch in den Alpen ist es ausgesprochen warm. Einzelne Stationen haben <a href=\"https:\/\/twitter.com\/hashtag\/Temperaturrekorde?src=hash&amp;ref_src=twsrc%5Etfw\" target=\"_blank\" rel=\"noopener\">#Temperaturrekorde<\/a> f\u00fcr die erste Junih\u00e4lfte geknackt. Foto: Meteomeldungen\/App <a href=\"https:\/\/t.co\/TnZcL9MoB2\">pic.twitter.com\/TnZcL9MoB2<\/a><\/p>&mdash; MeteoSchweiz (@meteoschweiz) <a href=\"https:\/\/twitter.com\/meteoschweiz\/status\/1933533335642345670?ref_src=twsrc%5Etfw\" target=\"_blank\" rel=\"noopener\">June 13, 2025<\/a><\/blockquote><script async src=\"https:\/\/platform.twitter.com\/widgets.js\" charset=\"utf-8\"><\/script>\n<\/div><\/figure>\n\n\n\n<h2 class=\"wp-block-heading\">Des orages violents en perspective<\/h2>\n\n\n\n<p>Apr\u00e8s ces journ\u00e9es de chaleur intense, une perturbation orageuse va traverser le pays ce dimanche. Un front froid arrivant par l\u2019ouest entra\u00eenera des orages qui devraient se d\u00e9velopper sur l\u2019ensemble du territoire dans l\u2019apr\u00e8s-midi. <\/p>\n\n\n\n<p>Des cumuls de pluie importants et des rafales puissantes sont attendus, particuli\u00e8rement dans les r\u00e9gions du Haut-Valais, des Alpes, du Plateau et du Jura. <em>M\u00e9t\u00e9oSuisse<\/em> met en garde contre des averses orageuses pouvant \u00eatre localement violentes. <\/p>\n\n\n\n<p>Bien que ces orages seront de courte dur\u00e9e, ils devraient apporter un soulagement face \u00e0 la chaleur accablante des jours pr\u00e9c\u00e9dents. Le retour du soleil est pr\u00e9vu pour lundi, accompagn\u00e9 d\u2019une atmosph\u00e8re plus fra\u00eeche gr\u00e2ce \u00e0 un courant de bise.<\/p>\n\n\n\n<h2 class=\"wp-block-heading\">Une transition marqu\u00e9e par une instabilit\u00e9<\/h2>\n\n\n\n<p>La transition entre la chaleur \u00e9touffante et les orages violents met en lumi\u00e8re l\u2019instabilit\u00e9 m\u00e9t\u00e9orologique de la r\u00e9gion. Samedi, une lourdeur et une instabilit\u00e9 atmosph\u00e9rique se sont install\u00e9es, avec la formation de cumulus en cours de journ\u00e9e et des averses parfois orageuses, particuli\u00e8rement dans les Alpes et en direction du Haut-Valais. <\/p>\n\n\n\n<p>Ce changement de conditions m\u00e9t\u00e9orologiques souligne la variabilit\u00e9 et la rapidit\u00e9 des ph\u00e9nom\u00e8nes climatiques actuels, o\u00f9 la chaleur intense peut laisser place \u00e0 de puissantes perturbations orageuses en quelques heures. <\/p>\n\n\n\n<p>Les habitants de la r\u00e9gion doivent donc s&rsquo;attendre \u00e0 un weekend particuli\u00e8rement changeant, avec un passage orageux suivi d\u2019un retour progressif du beau temps d\u00e8s lundi, indique <a href=\"https:\/\/www.blick.ch\/fr\/suisse\/romande\/meteo-apres-la-chaleur-en-suisse-romande-place-aux-orages-id19145999.html\" target=\"_blank\" rel=\"noopener\"><em>Blick<\/em><\/a>.<\/p>\n\n\n\n<p><\/p>\n","protected":false},"excerpt":{"rendered":"<p>Apr\u00e8s une chaleur record, un front froid apporte des orages violents en Suisse romande ce dimanche. Retour du soleil pr\u00e9vu lundi avec une atmosph\u00e8re plus fra\u00eeche.<\/p>\n","protected":false},"author":37,"featured_media":105041,"comment_status":"open","ping_status":"closed","sticky":false,"template":"","format":"standard","meta":{"footnotes":""},"categories":[19],"tags":[],"class_list":["post-105039","post","type-post","status-publish","format-standard","has-post-thumbnail","hentry","category-meteo","generate-columns","tablet-grid-50","mobile-grid-100","grid-parent","grid-33","no-featured-image-padding"],"_links":{"self":[{"href":"https:\/\/econostrum.info\/suisse\/wp-json\/wp\/v2\/posts\/105039","targetHints":{"allow":["GET"]}}],"collection":[{"href":"https:\/\/econostrum.info\/suisse\/wp-json\/wp\/v2\/posts"}],"about":[{"href":"https:\/\/econostrum.info\/suisse\/wp-json\/wp\/v2\/types\/post"}],"author":[{"embeddable":true,"href":"https:\/\/econostrum.info\/suisse\/wp-json\/wp\/v2\/users\/37"}],"replies":[{"embeddable":true,"href":"https:\/\/econostrum.info\/suisse\/wp-json\/wp\/v2\/comments?post=105039"}],"version-history":[{"count":0,"href":"https:\/\/econostrum.info\/suisse\/wp-json\/wp\/v2\/posts\/105039\/revisions"}],"wp:featuredmedia":[{"embeddable":true,"href":"https:\/\/econostrum.info\/suisse\/wp-json\/wp\/v2\/media\/105041"}],"wp:attachment":[{"href":"https:\/\/econostrum.info\/suisse\/wp-json\/wp\/v2\/media?parent=105039"}],"wp:term":[{"taxonomy":"category","embeddable":true,"href":"https:\/\/econostrum.info\/suisse\/wp-json\/wp\/v2\/categories?post=105039"},{"taxonomy":"post_tag","embeddable":true,"href":"https:\/\/econostrum.info\/suisse\/wp-json\/wp\/v2\/tags?post=105039"}],"curies":[{"name":"wp","href":"https:\/\/api.w.org\/{rel}","templated":true}]}}