{"id":104948,"date":"2025-06-12T14:30:00","date_gmt":"2025-06-12T12:30:00","guid":{"rendered":"https:\/\/econostrum.info\/suisse\/?p=104948"},"modified":"2025-06-12T14:10:22","modified_gmt":"2025-06-12T12:10:22","slug":"canicule-suisse-30c-plus-plusieurs-regions","status":"publish","type":"post","link":"https:\/\/econostrum.info\/suisse\/canicule-suisse-30c-plus-plusieurs-regions\/","title":{"rendered":"Alerte canicule en Suisse : 30\u00b0C et plus attendus dans plusieurs r\u00e9gions"},"content":{"rendered":"\n<p>Ce jeudi, la Suisse romande sera plong\u00e9e dans une canicule, avec des temp\u00e9ratures qui d\u00e9passeront les 30 degr\u00e9s dans plusieurs r\u00e9gions. Le Valais central, le canton de Gen\u00e8ve et le nord-ouest du pays seront particuli\u00e8rement touch\u00e9s, avec des temp\u00e9ratures avoisinant et d\u00e9passant les 30\u00b0C dans l&rsquo;apr\u00e8s-midi.<\/p>\n\n\n\n<p>La chaleur est de retour en Suisse apr\u00e8s une courte p\u00e9riode de mauvais temps. Une cr\u00eate anticyclonique, combin\u00e9e \u00e0 un air subtropical chaud provenant du sud-ouest, a conduit \u00e0 cette hausse des temp\u00e9ratures. Les prochains jours devraient maintenir cette tendance estivale, bien que des orages locaux soient attendus.<\/p>\n\n\n\n<h2 class=\"wp-block-heading\">Des temp\u00e9ratures proches des 30\u00b0C dans toute la Suisse romande<\/h2>\n\n\n\n<p>Les temp\u00e9ratures de ce jeudi marqueront un net r\u00e9chauffement sur l\u2019ensemble de la Suisse romande. Le Valais central, le canton de Gen\u00e8ve et le nord-ouest du pays connaissent des temp\u00e9ratures particuli\u00e8rement \u00e9lev\u00e9es, o\u00f9 la barre des 30 degr\u00e9s sera franchie en d\u00e9but d\u2019apr\u00e8s-midi. <\/p>\n\n\n\n<p>Selon les pr\u00e9visions de<a href=\"https:\/\/meteonews.ch\/fr\" target=\"_blank\" rel=\"noopener\"><em> Meteo News<\/em><\/a>, ces temp\u00e9ratures d\u00e9passeront les 30\u00b0C dans l&rsquo;apr\u00e8s-midi dans certaines r\u00e9gions. Si certaines zones comme Saint-Gall ne d\u00e9passeront pas les 27\u00b0C, d\u2019autres comme Saint-Moritz resteront sous des temp\u00e9ratures plus fra\u00eeches, atteignant les 21\u00b0C.<\/p>\n\n\n\n<p>Les conditions m\u00e9t\u00e9orologiques favorables \u00e0 ce r\u00e9chauffement proviennent d\u2019une cr\u00eate anticyclonique qui bloque l&rsquo;air froid et laisse place \u00e0 un encha\u00eenement de journ\u00e9es estivales, mais ce temps chaud ne durera pas ind\u00e9finiment, relate<a href=\"https:\/\/www.blick.ch\/fr\/suisse\/coup-de-chaud-en-suisse-romande-la-barre-des-30-degres-sera-franchie-dans-ces-regions-ce-jeudi-id20953870.html\" target=\"_blank\" rel=\"noopener\"><em> Blick<\/em><\/a>.<\/p>\n\n\n\n<h2 class=\"wp-block-heading\">Un air subtropical et de la poussi\u00e8re du Sahara<\/h2>\n\n\n\n<p>L&rsquo;un des facteurs qui explique cette hausse des temp\u00e9ratures est l&rsquo;arriv\u00e9e d\u2019un air subtropical chaud provenant du sud-ouest. Ce ph\u00e9nom\u00e8ne, li\u00e9 \u00e0 une circulation atmosph\u00e9rique particuli\u00e8re, a permis \u00e0 l&rsquo;air chaud de se propager sur toute la r\u00e9gion. <\/p>\n\n\n\n<p>Le r\u00e9chauffement est renforc\u00e9 par un autre \u00e9l\u00e9ment, la pr\u00e9sence de poussi\u00e8re du Sahara qui pourrait r\u00e9appara\u00eetre dans certaines r\u00e9gions. Cette poussi\u00e8re, qui se d\u00e9place au gr\u00e9 des vents, fait augmenter la temp\u00e9rature de l\u2019air tout en r\u00e9duisant la visibilit\u00e9. De plus, un voile de fum\u00e9e, d\u00e9j\u00e0 pr\u00e9sent \u00e0 cause des <a href=\"https:\/\/econostrum.info\/suisse\/ciel-suisse-trouble-incendies-canada\/\" data-type=\"post\" data-id=\"104865\">feux de for\u00eat au Canada<\/a>, pourrait rendre l&rsquo;air encore plus dense dans certaines zones.<\/p>\n\n\n\n<p><em>Meteo News<\/em> souligne que cette combinaison de facteurs m\u00e9t\u00e9orologiques et atmosph\u00e9riques cr\u00e9e une situation de chaleur intense, m\u00eame si des orages locaux pourraient \u00e9clater dans l\u2019apr\u00e8s-midi.<\/p>\n\n\n\n<h2 class=\"wp-block-heading\">Les jours \u00e0 venir : un temps estival avec des orages possibles<\/h2>\n\n\n\n<p>L\u2019\u00e9t\u00e9 semble bien install\u00e9 sur une grande partie de la Suisse, avec des pr\u00e9visions qui annoncent encore des journ\u00e9es chaudes jusqu\u2019\u00e0 vendredi. Toutefois, ce r\u00e9chauffement se fera sous l&rsquo;ombre de possibles orages locaux, notamment en fin d\u2019apr\u00e8s-midi, avertit <em>Meteo News.<\/em> <\/p>\n\n\n\n<p>La situation ne se stabilisera que dans les jours suivants, avec l\u2019arriv\u00e9e d&rsquo;un front froid attendu pour dimanche. Ce changement entra\u00eenera un retour de nuages, des averses et des orages plus puissants dans plusieurs r\u00e9gions. N\u00e9anmoins,<em> Meteo News<\/em> pr\u00e9voit que lundi prochain, le temps redeviendra plus ensoleill\u00e9, avec une temp\u00e9rature moyenne qui redescendra sous les 25\u00b0C en plaine.<\/p>\n","protected":false},"excerpt":{"rendered":"<p>Une canicule frappe la Suisse romande ce jeudi, avec des temp\u00e9ratures d\u00e9passant les 30\u00b0C dans plusieurs r\u00e9gions, avant l\u2019arriv\u00e9e d\u2019orages dimanche.<\/p>\n","protected":false},"author":37,"featured_media":104952,"comment_status":"open","ping_status":"closed","sticky":false,"template":"","format":"standard","meta":{"footnotes":""},"categories":[19],"tags":[],"class_list":["post-104948","post","type-post","status-publish","format-standard","has-post-thumbnail","hentry","category-meteo","generate-columns","tablet-grid-50","mobile-grid-100","grid-parent","grid-33","no-featured-image-padding"],"_links":{"self":[{"href":"https:\/\/econostrum.info\/suisse\/wp-json\/wp\/v2\/posts\/104948","targetHints":{"allow":["GET"]}}],"collection":[{"href":"https:\/\/econostrum.info\/suisse\/wp-json\/wp\/v2\/posts"}],"about":[{"href":"https:\/\/econostrum.info\/suisse\/wp-json\/wp\/v2\/types\/post"}],"author":[{"embeddable":true,"href":"https:\/\/econostrum.info\/suisse\/wp-json\/wp\/v2\/users\/37"}],"replies":[{"embeddable":true,"href":"https:\/\/econostrum.info\/suisse\/wp-json\/wp\/v2\/comments?post=104948"}],"version-history":[{"count":0,"href":"https:\/\/econostrum.info\/suisse\/wp-json\/wp\/v2\/posts\/104948\/revisions"}],"wp:featuredmedia":[{"embeddable":true,"href":"https:\/\/econostrum.info\/suisse\/wp-json\/wp\/v2\/media\/104952"}],"wp:attachment":[{"href":"https:\/\/econostrum.info\/suisse\/wp-json\/wp\/v2\/media?parent=104948"}],"wp:term":[{"taxonomy":"category","embeddable":true,"href":"https:\/\/econostrum.info\/suisse\/wp-json\/wp\/v2\/categories?post=104948"},{"taxonomy":"post_tag","embeddable":true,"href":"https:\/\/econostrum.info\/suisse\/wp-json\/wp\/v2\/tags?post=104948"}],"curies":[{"name":"wp","href":"https:\/\/api.w.org\/{rel}","templated":true}]}}