{"id":104913,"date":"2025-06-11T17:53:07","date_gmt":"2025-06-11T15:53:07","guid":{"rendered":"https:\/\/econostrum.info\/suisse\/?p=104913"},"modified":"2025-06-11T17:53:09","modified_gmt":"2025-06-11T15:53:09","slug":"suisse-canicule-temperatures-extremes-cette-semaine","status":"publish","type":"post","link":"https:\/\/econostrum.info\/suisse\/suisse-canicule-temperatures-extremes-cette-semaine\/","title":{"rendered":"La canicule arrive en Suisse : des temp\u00e9ratures extr\u00eames \u00e0 pr\u00e9voir cette semaine"},"content":{"rendered":"\n<p>La Suisse se pr\u00e9pare \u00e0 une semaine de chaleur intense avec des temp\u00e9ratures pouvant atteindre 35\u00b0C, tout en \u00e9tant sous un ciel voil\u00e9 par les fum\u00e9es des incendies de for\u00eat au Canada. Ce ph\u00e9nom\u00e8ne, rare et inqui\u00e9tant, s\u2019accompagne de risques pour la sant\u00e9 et de conditions atmosph\u00e9riques perturb\u00e9es.<\/p>\n\n\n\n<p>Les autorit\u00e9s m\u00e9t\u00e9orologiques alertent sur les temp\u00e9ratures \u00e9lev\u00e9es pr\u00e9vues et les effets de la pollution de l\u2019air due aux particules de fum\u00e9e qui ont travers\u00e9 l\u2019Atlantique, venant de l\u2019autre c\u00f4t\u00e9 de l\u2019oc\u00e9an. La situation se d\u00e9t\u00e9riorera encore avec des orages et des poussi\u00e8res du Sahara en fin de semaine, relate <a href=\"https:\/\/www.blick.ch\/fr\/suisse\/jusqua-35-degres-attendus-malgre-les-fumees-venues-du-canada-la-suisse-sattend-a-de-fortes-temperatures-id20947501.html\" target=\"_blank\" rel=\"noopener\"><em>Blick<\/em><\/a>.<\/p>\n\n\n\n<h2 class=\"wp-block-heading\">Une chaleur persistante dans tout le pays<\/h2>\n\n\n\n<p>Le temps s\u2019annonce exceptionnellement chaud cette semaine. Selon le m\u00e9t\u00e9orologue Roger Perret de <em>MeteoNews<\/em>, la Suisse, particuli\u00e8rement en Suisse romande, verra les temp\u00e9ratures grimper jusqu\u2019\u00e0 35\u00b0C vendredi et samedi. <\/p>\n\n\n\n<p>Ce pic de chaleur est aliment\u00e9 par un ph\u00e9nom\u00e8ne inhabituel : un voile de fum\u00e9e qui recouvre le ciel suisse, apport\u00e9 par des incendies de for\u00eat majeurs en cours au Canada. <\/p>\n\n\n\n<p>La chaleur se maintiendra jusqu\u2019\u00e0 samedi, alors que les conditions anticycloniques emp\u00eacheront l\u2019air de circuler, cr\u00e9ant ainsi un climat stagnant et humide. <em>M\u00e9t\u00e9oSuisse<\/em> a confirm\u00e9 que ces fum\u00e9es, constitu\u00e9es de millions de m\u00e8tres cubes de particules, ont m\u00eame atteint les montagnes, touchant la station du Jungfraujoch, \u00e0 plus de 3 500 m\u00e8tres d&rsquo;altitude.<\/p>\n\n\n\n<h2 class=\"wp-block-heading\">Un voile blanc et une qualit\u00e9 de l\u2019air d\u00e9grad\u00e9e<\/h2>\n\n\n\n<p>La <a href=\"https:\/\/econostrum.info\/suisse\/ciel-suisse-trouble-incendies-canada\/\" data-type=\"post\" data-id=\"104865\">fum\u00e9e des incendies du Canada<\/a> entra\u00eene la formation d\u2019un voile blanc inhabituel qui filtre la lumi\u00e8re et emp\u00eache l\u2019arriv\u00e9e de l\u2019ensoleillement direct. Ce ph\u00e9nom\u00e8ne, visible partout en Suisse, est d\u00fb \u00e0 la stagnation de l&rsquo;air provoqu\u00e9e par une zone de haute pression qui s&rsquo;est install\u00e9e sur l\u2019Europe centrale. <\/p>\n\n\n\n<p>Cette situation alt\u00e8re la qualit\u00e9 de l\u2019air, cr\u00e9ant un environnement o\u00f9 l\u2019humidit\u00e9 et les polluants se m\u00e9langent aux particules fines. Ce ph\u00e9nom\u00e8ne est amplifi\u00e9 par le manque de circulation atmosph\u00e9rique, ce qui fait que la fum\u00e9e reste pi\u00e9g\u00e9e pr\u00e8s du sol. Ainsi, malgr\u00e9 la chaleur intense, le ciel ne montre aucun bleu, seulement un blanc diaphane.<\/p>\n\n\n\n<h2 class=\"wp-block-heading\">Des orages et de la poussi\u00e8re du Sahara \u00e0 l\u2019horizon<\/h2>\n\n\n\n<p>Alors que la chaleur extr\u00eame persistera tout au long de la semaine, des orages sont attendus en fin de semaine, surtout dans les Alpes et le Jura, o\u00f9 des orages de chaleur pourront se d\u00e9clencher d\u00e8s jeudi, selon Roger Perret. <\/p>\n\n\n\n<p>En outre, ce voile de fum\u00e9e ne sera pas le seul ph\u00e9nom\u00e8ne climatique auquel les Suisses devront faire face. D\u2019ici la fin de la semaine, un autre ph\u00e9nom\u00e8ne se produira : la poussi\u00e8re saharienne, port\u00e9e par un courant d\u2019altitude venu du sud-ouest, pourrait remplacer les fum\u00e9es canadiennes dans l&rsquo;air. <\/p>\n\n\n\n<p>Cette poussi\u00e8re, bien que moins nocive que la fum\u00e9e, pourrait exacerber les conditions m\u00e9t\u00e9orologiques et cr\u00e9er un ciel encore plus trouble, affectant la visibilit\u00e9 et la qualit\u00e9 de l\u2019air.<\/p>\n\n\n\n<p><\/p>\n","protected":false},"excerpt":{"rendered":"<p>La Suisse s&rsquo;attend \u00e0 des temp\u00e9ratures caniculaires atteignant 35\u00b0C cette semaine, malgr\u00e9 un ciel voil\u00e9 par les fum\u00e9es des incendies du Canada et des orages \u00e0 venir.<\/p>\n","protected":false},"author":17,"featured_media":104918,"comment_status":"open","ping_status":"closed","sticky":false,"template":"","format":"standard","meta":{"footnotes":""},"categories":[19],"tags":[],"class_list":["post-104913","post","type-post","status-publish","format-standard","has-post-thumbnail","hentry","category-meteo","generate-columns","tablet-grid-50","mobile-grid-100","grid-parent","grid-33","no-featured-image-padding"],"_links":{"self":[{"href":"https:\/\/econostrum.info\/suisse\/wp-json\/wp\/v2\/posts\/104913","targetHints":{"allow":["GET"]}}],"collection":[{"href":"https:\/\/econostrum.info\/suisse\/wp-json\/wp\/v2\/posts"}],"about":[{"href":"https:\/\/econostrum.info\/suisse\/wp-json\/wp\/v2\/types\/post"}],"author":[{"embeddable":true,"href":"https:\/\/econostrum.info\/suisse\/wp-json\/wp\/v2\/users\/17"}],"replies":[{"embeddable":true,"href":"https:\/\/econostrum.info\/suisse\/wp-json\/wp\/v2\/comments?post=104913"}],"version-history":[{"count":0,"href":"https:\/\/econostrum.info\/suisse\/wp-json\/wp\/v2\/posts\/104913\/revisions"}],"wp:featuredmedia":[{"embeddable":true,"href":"https:\/\/econostrum.info\/suisse\/wp-json\/wp\/v2\/media\/104918"}],"wp:attachment":[{"href":"https:\/\/econostrum.info\/suisse\/wp-json\/wp\/v2\/media?parent=104913"}],"wp:term":[{"taxonomy":"category","embeddable":true,"href":"https:\/\/econostrum.info\/suisse\/wp-json\/wp\/v2\/categories?post=104913"},{"taxonomy":"post_tag","embeddable":true,"href":"https:\/\/econostrum.info\/suisse\/wp-json\/wp\/v2\/tags?post=104913"}],"curies":[{"name":"wp","href":"https:\/\/api.w.org\/{rel}","templated":true}]}}