{"id":104733,"date":"2025-06-05T16:31:00","date_gmt":"2025-06-05T14:31:00","guid":{"rendered":"https:\/\/econostrum.info\/suisse\/?p=104733"},"modified":"2025-06-05T15:56:22","modified_gmt":"2025-06-05T13:56:22","slug":"interdiction-puffs-suisse","status":"publish","type":"post","link":"https:\/\/econostrum.info\/suisse\/interdiction-puffs-suisse\/","title":{"rendered":"Vers une interdiction totale des puffs en Suisse"},"content":{"rendered":"\n<p>Les puffs, ces cigarettes \u00e9lectroniques jetables, sont devenues un ph\u00e9nom\u00e8ne de mode, notamment chez les jeunes adultes. D&rsquo;apr\u00e8s une \u00e9tude d&rsquo;Unisant\u00e9 r\u00e9alis\u00e9e \u00e0 Lausanne, 59 % des jeunes entre 14 et 25 ans ont d\u00e9j\u00e0 utilis\u00e9 ces produits, dont 12 % en consomment r\u00e9guli\u00e8rement. <\/p>\n\n\n\n<p>Ces chiffres inqui\u00e9tants ont jou\u00e9 un r\u00f4le d\u00e9terminant dans la d\u00e9cision prise par le Conseil des \u00c9tats, qui a vot\u00e9 en faveur de l\u2019interdiction de leur vente. Christophe Clivaz, \u00e0 l&rsquo;origine de la motion, a mis en avant la popularit\u00e9 grandissante de ces produits aux saveurs sucr\u00e9es et aux emballages color\u00e9s, qui attirent particuli\u00e8rement les jeunes, et a rappel\u00e9 que ces appareils, dits \u00ab\u00a0<em>bombes \u00e0 nicotine<\/em>\u00ab\u00a0, cr\u00e9ent une d\u00e9pendance rapide, rapporte <a href=\"https:\/\/www.20min.ch\/fr\/story\/parlement-les-puffs-seront-bientot-interdites-dans-toute-la-suisse-103358320\" target=\"_blank\" rel=\"noopener\"><em>20 Minutes<\/em><\/a>.<\/p>\n\n\n\n<h2 class=\"wp-block-heading\">Des effets n\u00e9gatifs sur la sant\u00e9 et l&rsquo;environnement<\/h2>\n\n\n\n<p>Outre leur impact sur la sant\u00e9, les puffs posent \u00e9galement un probl\u00e8me environnemental. Ces cigarettes \u00e9lectroniques \u00e0 usage unique contiennent des m\u00e9taux pr\u00e9cieux comme le lithium, utilis\u00e9 dans leur batterie, qui risque de polluer si ces produits ne sont pas correctement recycl\u00e9s. <\/p>\n\n\n\n<p>Flavia Wasserfallen (PS\/BE) a soulign\u00e9 lors de ses interventions que ces dispositifs sont souvent jet\u00e9s dans la nature ou \u00e0 la poubelle, aggravant ainsi la pollution. En plus de leur impact environnemental, les puffs repr\u00e9sentent un danger imm\u00e9diat en raison de leur potentiel \u00e0 s&rsquo;enflammer facilement, ce qui accentue leur risque pour la s\u00e9curit\u00e9 publique.<\/p>\n\n\n\n<h2 class=\"wp-block-heading\">L&rsquo;exemple des cantons suisses et des pays voisins<\/h2>\n\n\n\n<p>Plusieurs cantons suisses ont d\u00e9j\u00e0 pris les devants en interdisant la vente de ces produits. Le Jura a \u00e9t\u00e9 le premier canton \u00e0 introduire une interdiction en septembre 2024, suivi par le Valais. D\u2019autres cantons, tels que Vaud, ont \u00e9galement limit\u00e9 la vente de puffs aux mineurs depuis juillet 2024. <\/p>\n\n\n\n<p>\u00c0 Gen\u00e8ve, un projet de loi visant \u00e0 interdire compl\u00e8tement leur vente a \u00e9t\u00e9 d\u00e9pos\u00e9 au d\u00e9but de l&rsquo;ann\u00e9e 2025. Sur la sc\u00e8ne internationale, de nombreux pays europ\u00e9ens ont \u00e9galement pris des mesures similaires. La Belgique a \u00e9t\u00e9 la premi\u00e8re \u00e0 bannir les puffs en janvier 2025, suivie par la France, l&rsquo;Irlande, le Royaume-Uni et<a href=\"https:\/\/econostrum.info\/suisse\/suisses-refoules-frontiere-arrivee-allemagne\/\" data-type=\"post\" data-id=\"104583\"> l&rsquo;Allemagne<\/a>. <\/p>\n\n\n\n<p>L\u2019Australie et la Nouvelle-Z\u00e9lande ont \u00e9galement mis en place des l\u00e9gislations interdisant leur vente, t\u00e9moignant d\u2019une tendance mondiale visant \u00e0 limiter leur consommation.<\/p>\n","protected":false},"excerpt":{"rendered":"<p>Les puffs seront bient\u00f4t interdites en Suisse, suite \u00e0 une d\u00e9cision du Conseil des \u00c9tats, en raison de leurs risques pour la sant\u00e9 et l\u2019environnement.<\/p>\n","protected":false},"author":37,"featured_media":104734,"comment_status":"open","ping_status":"closed","sticky":false,"template":"","format":"standard","meta":{"footnotes":""},"categories":[25],"tags":[],"class_list":["post-104733","post","type-post","status-publish","format-standard","has-post-thumbnail","hentry","category-conso","generate-columns","tablet-grid-50","mobile-grid-100","grid-parent","grid-33","no-featured-image-padding"],"_links":{"self":[{"href":"https:\/\/econostrum.info\/suisse\/wp-json\/wp\/v2\/posts\/104733","targetHints":{"allow":["GET"]}}],"collection":[{"href":"https:\/\/econostrum.info\/suisse\/wp-json\/wp\/v2\/posts"}],"about":[{"href":"https:\/\/econostrum.info\/suisse\/wp-json\/wp\/v2\/types\/post"}],"author":[{"embeddable":true,"href":"https:\/\/econostrum.info\/suisse\/wp-json\/wp\/v2\/users\/37"}],"replies":[{"embeddable":true,"href":"https:\/\/econostrum.info\/suisse\/wp-json\/wp\/v2\/comments?post=104733"}],"version-history":[{"count":0,"href":"https:\/\/econostrum.info\/suisse\/wp-json\/wp\/v2\/posts\/104733\/revisions"}],"wp:featuredmedia":[{"embeddable":true,"href":"https:\/\/econostrum.info\/suisse\/wp-json\/wp\/v2\/media\/104734"}],"wp:attachment":[{"href":"https:\/\/econostrum.info\/suisse\/wp-json\/wp\/v2\/media?parent=104733"}],"wp:term":[{"taxonomy":"category","embeddable":true,"href":"https:\/\/econostrum.info\/suisse\/wp-json\/wp\/v2\/categories?post=104733"},{"taxonomy":"post_tag","embeddable":true,"href":"https:\/\/econostrum.info\/suisse\/wp-json\/wp\/v2\/tags?post=104733"}],"curies":[{"name":"wp","href":"https:\/\/api.w.org\/{rel}","templated":true}]}}