{"id":104615,"date":"2025-06-01T14:54:10","date_gmt":"2025-06-01T12:54:10","guid":{"rendered":"https:\/\/econostrum.info\/suisse\/?p=104615"},"modified":"2025-06-01T14:54:11","modified_gmt":"2025-06-01T12:54:11","slug":"ce-qui-va-changer-suisse-djuin","status":"publish","type":"post","link":"https:\/\/econostrum.info\/suisse\/ce-qui-va-changer-suisse-djuin\/","title":{"rendered":"Voici ce qui change en Suisse d\u00e8s aujourd&rsquo;hui"},"content":{"rendered":"\n<p>Entre d\u00e9cisions \u00e9conomiques, r\u00e9am\u00e9nagements logistiques et nouvelles offres commerciales, le mois de juin 2025 apporte une s\u00e9rie de changements concrets dans la vie quotidienne en Suisse. Ces \u00e9volutions touchent aussi bien l\u2019alimentation, la t\u00e9l\u00e9communication, les transports ferroviaires que les vols internationaux.<\/p>\n\n\n\n<p>L\u2019annonce d\u2019un contingent plus \u00e9lev\u00e9 d\u2019\u0153ufs import\u00e9s, des baisses de tarifs pour le roaming mobile ou encore l\u2019apparition de nouvelles destinations ferroviaires et a\u00e9riennes marquent ce tournant mensuel.<\/p>\n\n\n\n<h2 class=\"wp-block-heading\">Un contingent d\u2019\u0153ufs import\u00e9s plus large face \u00e0 la demande<\/h2>\n\n\n\n<p>Le Conseil f\u00e9d\u00e9ral a confirm\u00e9 l&rsquo;augmentation du contingent d&rsquo;importation d&rsquo;\u0153ufs d\u00e8s le 1er juin 2025. Cette mesure vise \u00e0 r\u00e9pondre \u00e0 une consommation en hausse que la production nationale ne parvient plus \u00e0 suivre. Selon les autorit\u00e9s, la consommation par habitant aurait atteint 198 \u0153ufs par an en 2024, soit une progression de 5 % par rapport \u00e0 l\u2019ann\u00e9e pr\u00e9c\u00e9dente.<\/p>\n\n\n\n<p>Jusqu&rsquo;\u00e0 10 000 \u0153ufs suppl\u00e9mentaires pourront ainsi \u00eatre import\u00e9s \u00e0 des conditions douani\u00e8res all\u00e9g\u00e9es. Cette mesure r\u00e9pond \u00e0 une tension sur l\u2019approvisionnement en produits alimentaires, dans un pays o\u00f9 la production agricole reste contrainte par des surfaces limit\u00e9es et une forte demande domestique. <a href=\"https:\/\/www.blick.ch\/fr\/suisse\/schengen-ufs-et-roaming-ce-qui-va-changer-en-juin-en-suisse-id20918744.html\" target=\"_blank\" rel=\"noopener\"><em>Blick<\/em><\/a> rapporte que cette d\u00e9cision vise \u00e0 stabiliser les prix tout en assurant un approvisionnement suffisant.<\/p>\n\n\n\n<h2 class=\"wp-block-heading\">Swisscom, CFF et Swiss adaptent leurs services aux besoins estivaux<\/h2>\n\n\n\n<p>Swisscom r\u00e9vise ses tarifs \u00e0 la baisse d\u00e8s le 1er juin pour les appels, SMS et donn\u00e9es depuis l\u2019\u00e9tranger. Le prix d\u2019un gigaoctet en roaming dans l\u2019Union europ\u00e9enne, au Royaume-Uni et aux \u00c9tats-Unis passe ainsi \u00e0 5,90 francs, contre 14,90 francs auparavant. Cette r\u00e9duction peut atteindre jusqu\u2019\u00e0 66 % selon les zones. Les abonnements Blue int\u00e9greront \u00e9galement le roaming mondial \u00e0 partir de juillet.<\/p>\n\n\n\n<p>C\u00f4t\u00e9 transports, <a href=\"https:\/\/econostrum.info\/suisse\/2026-suisse-depuis-marseille-tgv-moins-de-30-euros\/\" data-type=\"post\" data-id=\"104484\">les CFF <\/a>lancent de nouvelles liaisons directes entre Zurich et Sestri Levante, dans la r\u00e9gion italienne de Ligurie, d\u00e8s le 1er juin. Cette liaison sera \u00e9tendue jusqu\u2019\u00e0 Pise \u00e0 partir du 8 juin et jusqu\u2019au 28 septembre. En parall\u00e8le, le trajet Zurich-Bologne via Eurocity est suspendu pour la m\u00eame p\u00e9riode en raison de travaux sur le r\u00e9seau italien.<\/p>\n\n\n\n<p>Dans le secteur a\u00e9rien, la compagnie Swiss proposera \u00e0 compter du 27 juin deux vols hebdomadaires vers Montpellier, suivis d\u2019un vol hebdomadaire vers Heringsdorf d\u00e8s le 28 juin, puis deux vols par semaine vers Ni\u0161 \u00e0 partir du 30 juin. Ces nouvelles destinations visent \u00e0 renforcer l\u2019accessibilit\u00e9 touristique de la Suisse vers des r\u00e9gions pris\u00e9es pour l\u2019\u00e9t\u00e9.<\/p>\n\n\n\n<h2 class=\"wp-block-heading\">Modification des r\u00e8gles d\u2019entr\u00e9e dans l\u2019espace Schengen<\/h2>\n\n\n\n<p>Une \u00e9volution r\u00e9glementaire est \u00e9galement pr\u00e9vue au niveau europ\u00e9en : d\u00e8s le 15 juin 2025, des ajustements du syst\u00e8me d\u2019information Schengen entreront en vigueur. Le Conseil f\u00e9d\u00e9ral avait conditionn\u00e9 cette application \u00e0 la mise en \u0153uvre de l\u2019ETIAS, le nouveau syst\u00e8me europ\u00e9en d\u2019autorisation de voyage.<\/p>\n\n\n\n<p>Ce dispositif deviendra obligatoire pour les ressortissants de pays tiers exempt\u00e9s de visa souhaitant entrer dans l\u2019espace Schengen. Cette exigence marque un renforcement des contr\u00f4les aux fronti\u00e8res dans un contexte de r\u00e9gulation accrue des flux migratoires. <em>Blick <\/em>pr\u00e9cise que la Suisse a choisi de synchroniser cette \u00e9volution avec le calendrier europ\u00e9en pour garantir la fluidit\u00e9 des proc\u00e9dures et une s\u00e9curit\u00e9 renforc\u00e9e.<\/p>\n","protected":false},"excerpt":{"rendered":"<p>D\u00e8s juin 2025, la Suisse revoit ses importations d&rsquo;\u0153ufs, baisse les tarifs de roaming, \u00e9tend ses liaisons ferroviaires et ajoute des vols Swiss.<\/p>\n","protected":false},"author":37,"featured_media":104617,"comment_status":"open","ping_status":"closed","sticky":false,"template":"","format":"standard","meta":{"footnotes":""},"categories":[1],"tags":[],"class_list":["post-104615","post","type-post","status-publish","format-standard","has-post-thumbnail","hentry","category-economie","generate-columns","tablet-grid-50","mobile-grid-100","grid-parent","grid-33","no-featured-image-padding"],"_links":{"self":[{"href":"https:\/\/econostrum.info\/suisse\/wp-json\/wp\/v2\/posts\/104615","targetHints":{"allow":["GET"]}}],"collection":[{"href":"https:\/\/econostrum.info\/suisse\/wp-json\/wp\/v2\/posts"}],"about":[{"href":"https:\/\/econostrum.info\/suisse\/wp-json\/wp\/v2\/types\/post"}],"author":[{"embeddable":true,"href":"https:\/\/econostrum.info\/suisse\/wp-json\/wp\/v2\/users\/37"}],"replies":[{"embeddable":true,"href":"https:\/\/econostrum.info\/suisse\/wp-json\/wp\/v2\/comments?post=104615"}],"version-history":[{"count":0,"href":"https:\/\/econostrum.info\/suisse\/wp-json\/wp\/v2\/posts\/104615\/revisions"}],"wp:featuredmedia":[{"embeddable":true,"href":"https:\/\/econostrum.info\/suisse\/wp-json\/wp\/v2\/media\/104617"}],"wp:attachment":[{"href":"https:\/\/econostrum.info\/suisse\/wp-json\/wp\/v2\/media?parent=104615"}],"wp:term":[{"taxonomy":"category","embeddable":true,"href":"https:\/\/econostrum.info\/suisse\/wp-json\/wp\/v2\/categories?post=104615"},{"taxonomy":"post_tag","embeddable":true,"href":"https:\/\/econostrum.info\/suisse\/wp-json\/wp\/v2\/tags?post=104615"}],"curies":[{"name":"wp","href":"https:\/\/api.w.org\/{rel}","templated":true}]}}