{"id":104578,"date":"2025-05-30T17:35:00","date_gmt":"2025-05-30T15:35:00","guid":{"rendered":"https:\/\/econostrum.info\/suisse\/?p=104578"},"modified":"2025-05-30T17:16:52","modified_gmt":"2025-05-30T15:16:52","slug":"suisse-double-conge-jeunesse-benevoles-2027","status":"publish","type":"post","link":"https:\/\/econostrum.info\/suisse\/suisse-double-conge-jeunesse-benevoles-2027\/","title":{"rendered":"La Suisse double le cong\u00e9 jeunesse pour les b\u00e9n\u00e9voles d\u00e8s 2027"},"content":{"rendered":"\n<p>Le Conseil f\u00e9d\u00e9ral a valid\u00e9 une proposition pour doubler la dur\u00e9e du cong\u00e9 jeunesse non r\u00e9mun\u00e9r\u00e9, qui passera de cinq \u00e0 dix jours ouvrables par an. Cette d\u00e9cision fait suite \u00e0 deux interventions parlementaires port\u00e9es par Maja Riniker (PLR\/AG) et Ursula Schneider Sch\u00fcttel (PS\/FR), toutes deux adopt\u00e9es par les chambres f\u00e9d\u00e9rales. <\/p>\n\n\n\n<p>Selon l\u2019Office f\u00e9d\u00e9ral de la justice, cette mesure \u00ab <em>contribue au d\u00e9veloppement personnel et \u00e0 la coh\u00e9sion sociale <\/em>\u00bb et demeure \u00ab <em>essentielle au fonctionnement de nombreuses organisations de jeunesse en Suisse<\/em> \u00bb, comme l\u2019a rapport\u00e9 <em><a href=\"https:\/\/www.watson.ch\/fr\/suisse\/jeunesse\/252700840-le-conge-jeunesse-passera-a-deux-semaines-des-2027-en-suisse\" target=\"_blank\" rel=\"noopener\">Watson<\/a><\/em>.<\/p>\n\n\n\n<p>Ce cong\u00e9, inscrit dans la loi, concerne les personnes de moins de 30 ans engag\u00e9es b\u00e9n\u00e9volement dans l\u2019encadrement d\u2019activit\u00e9s pour enfants et adolescents en dehors du cadre scolaire. Les b\u00e9n\u00e9ficiaires n\u2019auront plus \u00e0 utiliser leurs jours de vacances personnels pour remplir ces missions b\u00e9n\u00e9voles.<\/p>\n\n\n\n<h2 class=\"wp-block-heading\">Un soutien affirm\u00e9 aux structures associatives<\/h2>\n\n\n\n<p>L\u2019objectif principal de cette r\u00e9forme est de garantir \u00e0 long terme un nombre suffisant de cadres dans les camps scouts ou autres associations de jeunesse. En rendant ce cong\u00e9 plus accessible, le Conseil f\u00e9d\u00e9ral cherche \u00e0 maintenir l\u2019implication de milliers de jeunes encadrants. <\/p>\n\n\n\n<p>Cette d\u00e9cision a \u00e9t\u00e9 bien accueillie par les organisations concern\u00e9es. La F\u00e9d\u00e9ration suisse de gymnastique a notamment salu\u00e9 cette \u00e9volution en affirmant qu\u2019il s\u2019agit d\u2019\u00ab <em>une \u00e9tape importante pour renforcer l\u2019engagement b\u00e9n\u00e9vole <\/em>\u00bb, selon les propos relay\u00e9s par le m\u00e9dia helv\u00e9tique.<\/p>\n\n\n\n<p>Les associations sportives, mouvements scouts et autres structures d\u2019encadrement d\u00e9pendent en grande partie de cet engagement volontaire pour organiser leurs activit\u00e9s. <a href=\"https:\/\/econostrum.info\/suisse\/suisse-conge-parental-18-semaines-parent\/\" data-type=\"post\" data-id=\"5221\">L\u2019extension du cong\u00e9<\/a> pourrait faciliter leur recrutement et fid\u00e9lisation des jeunes b\u00e9n\u00e9voles.<\/p>\n\n\n\n<h2 class=\"wp-block-heading\">Une ouverture \u00e0 de nouvelles formes d\u2019engagement<\/h2>\n\n\n\n<p>Le texte en consultation pr\u00e9voit aussi une extension du champ d\u2019application du cong\u00e9 jeunesse. \u00c0 l\u2019avenir, il pourra s\u2019appliquer \u00e0 des formes d\u2019engagement moins formelles, notamment les activit\u00e9s men\u00e9es dans des centres de jeunesse municipaux. Cette \u00e9volution vise \u00e0 refl\u00e9ter la diversit\u00e9 des formes d\u2019implication des jeunes dans la vie sociale et associative.<\/p>\n\n\n\n<p>Toutefois, les engagements r\u00e9alis\u00e9s dans des organisations \u00e0 but lucratif resteront exclus du dispositif. Cette distinction est maintenue pour pr\u00e9server la vocation non marchande du cong\u00e9 jeunesse, comme l\u2019a pr\u00e9cis\u00e9 le Conseil f\u00e9d\u00e9ral lors de sa communication officielle, relay\u00e9e par <em>Watson<\/em>.<\/p>\n\n\n\n<p>La mise en \u0153uvre de cette r\u00e9forme est pr\u00e9vue pour 2027, ce qui signifie qu\u2019elle ne concernera pas les b\u00e9n\u00e9voles mobilis\u00e9s pour les camps d\u2019\u00e9t\u00e9 2025. Le processus l\u00e9gislatif devra suivre son cours avant son entr\u00e9e en vigueur.<\/p>\n","protected":false},"excerpt":{"rendered":"<p>Le cong\u00e9 jeunesse en Suisse passera \u00e0 deux semaines d\u00e8s 2027 pour encourager l\u2019engagement b\u00e9n\u00e9vole des moins de 30 ans dans les activit\u00e9s extrascolaires.<\/p>\n","protected":false},"author":37,"featured_media":104581,"comment_status":"open","ping_status":"closed","sticky":false,"template":"","format":"standard","meta":{"footnotes":""},"categories":[26],"tags":[],"class_list":["post-104578","post","type-post","status-publish","format-standard","has-post-thumbnail","hentry","category-emploi","generate-columns","tablet-grid-50","mobile-grid-100","grid-parent","grid-33","no-featured-image-padding"],"_links":{"self":[{"href":"https:\/\/econostrum.info\/suisse\/wp-json\/wp\/v2\/posts\/104578","targetHints":{"allow":["GET"]}}],"collection":[{"href":"https:\/\/econostrum.info\/suisse\/wp-json\/wp\/v2\/posts"}],"about":[{"href":"https:\/\/econostrum.info\/suisse\/wp-json\/wp\/v2\/types\/post"}],"author":[{"embeddable":true,"href":"https:\/\/econostrum.info\/suisse\/wp-json\/wp\/v2\/users\/37"}],"replies":[{"embeddable":true,"href":"https:\/\/econostrum.info\/suisse\/wp-json\/wp\/v2\/comments?post=104578"}],"version-history":[{"count":0,"href":"https:\/\/econostrum.info\/suisse\/wp-json\/wp\/v2\/posts\/104578\/revisions"}],"wp:featuredmedia":[{"embeddable":true,"href":"https:\/\/econostrum.info\/suisse\/wp-json\/wp\/v2\/media\/104581"}],"wp:attachment":[{"href":"https:\/\/econostrum.info\/suisse\/wp-json\/wp\/v2\/media?parent=104578"}],"wp:term":[{"taxonomy":"category","embeddable":true,"href":"https:\/\/econostrum.info\/suisse\/wp-json\/wp\/v2\/categories?post=104578"},{"taxonomy":"post_tag","embeddable":true,"href":"https:\/\/econostrum.info\/suisse\/wp-json\/wp\/v2\/tags?post=104578"}],"curies":[{"name":"wp","href":"https:\/\/api.w.org\/{rel}","templated":true}]}}