{"id":104391,"date":"2025-05-25T18:34:00","date_gmt":"2025-05-25T16:34:00","guid":{"rendered":"https:\/\/econostrum.info\/suisse\/?p=104391"},"modified":"2025-05-25T17:04:02","modified_gmt":"2025-05-25T15:04:02","slug":"discussions-suisse-usa-eviter-taxes-eternisent","status":"publish","type":"post","link":"https:\/\/econostrum.info\/suisse\/discussions-suisse-usa-eviter-taxes-eternisent\/","title":{"rendered":"Les discussions Suisse-USA pour \u00e9viter les taxes s\u2019\u00e9ternisent"},"content":{"rendered":"\n<p>La Conf\u00e9d\u00e9ration souhaitait conclure rapidement une d\u00e9claration d\u2019intention avec les \u00c9tats-Unis pour lever certaines taxes douani\u00e8res. Mais les \u00e9changes avancent plus lentement que pr\u00e9vu, malgr\u00e9 l\u2019urgence affich\u00e9e par les autorit\u00e9s suisses.<\/p>\n\n\n\n<p>Face \u00e0 la menace am\u00e9ricaine de relever les droits de douane sur les produits europ\u00e9ens, la Suisse tente de s\u00e9curiser ses relations \u00e9conomiques avec Washington. Une rencontre entre Karin Keller-Sutter et le secr\u00e9taire am\u00e9ricain au Tr\u00e9sor avait suscit\u00e9 l\u2019espoir d\u2019un accord rapide. Ce calendrier optimiste est d\u00e9sormais remis en question.<\/p>\n\n\n\n<p>Depuis Gen\u00e8ve, la ministre suisse des Finances avait annonc\u00e9, il y a deux semaines, son souhait de finaliser une d\u00e9claration d\u2019intention d\u2019ici 14 jours. Ce document, non contraignant, visait \u00e0 poser les bases d\u2019un accord bilat\u00e9ral pour supprimer les droits de douane introduits le 2 avril 2025. Toutefois, aucune signature n\u2019a encore eu lieu. Le D\u00e9partement f\u00e9d\u00e9ral des finances explique que les discussions \u00ab <em>prennent simplement un peu plus de temps que ce que les deux parties avaient suppos\u00e9<\/em> \u00bb, rapporte <em><a href=\"https:\/\/www.blick.ch\/fr\/suisse\/kks-marche-sur-des-oeufs-les-discussions-suisse-usa-pour-eviter-les-taxes-vont-prendre-plus-de-temps-que-prevu-id20900442.html\" target=\"_blank\" rel=\"noopener\">Blick<\/a><\/em>.<\/p>\n\n\n\n<h2 class=\"wp-block-heading\">Un projet d\u2019accord pour \u00e9viter les nouvelles taxes<\/h2>\n\n\n\n<p>Dans un contexte de tensions commerciales croissantes, les autorit\u00e9s suisses misent sur un accord de principe avec les \u00c9tats-Unis. L\u2019objectif affich\u00e9 est la lev\u00e9e durable des droits de douane suppl\u00e9mentaires qui frappent certaines importations suisses depuis d\u00e9but avril. <\/p>\n\n\n\n<p>Cette initiative s\u2019inscrit dans une d\u00e9marche similaire \u00e0 celle men\u00e9e par le Royaume-Uni, avec qui les \u00c9tats-Unis ont d\u00e9j\u00e0 conclu une d\u00e9claration d\u2019intention.<\/p>\n\n\n\n<p>Lors de sa rencontre \u00e0 Gen\u00e8ve avec Scott Bessent, Karin Keller-Sutter avait d\u00e9clar\u00e9 que \u00ab<em> la Suisse devrait \u00eatre l\u2019un des prochains pays avec lesquels un accord de principe sera conclu<\/em> \u00bb. Elle avait m\u00eame exprim\u00e9 l\u2019espoir que la Suisse serait le second pays \u00e0 conclure un tel accord, juste apr\u00e8s la Grande-Bretagne.<\/p>\n\n\n\n<h2 class=\"wp-block-heading\">Des n\u00e9gociations \u00e0 g\u00e9om\u00e9trie variable<\/h2>\n\n\n\n<p>Le D\u00e9partement f\u00e9d\u00e9ral des finances pr\u00e9cise qu\u2019il ne s\u2019agit pas de n\u00e9gociations formelles, mais bien de discussions exploratoires. Ces \u00e9changes doivent pr\u00e9c\u00e9der l\u2019envoi de deux secr\u00e9taires d\u2019\u00c9tat suisses aux <a href=\"https:\/\/econostrum.info\/suisse\/suisses-refoules-etats-unis-esta-valide\/\" data-type=\"post\" data-id=\"104170\">\u00c9tats-Unis<\/a>, afin de n\u00e9gocier les modalit\u00e9s pr\u00e9cises de l\u2019accord.<\/p>\n\n\n\n<p>Malgr\u00e9 le retard, le m\u00eame d\u00e9partement affirme qu\u2019il n\u2019y a eu aucun report officiel du processus. Il insiste sur le fait que \u00ab<em> les discussions n\u2019ont pas \u00e9t\u00e9 retard\u00e9es <\/em>\u00bb, tout en reconnaissant qu\u2019elles avancent \u00e0 un rythme plus lent que pr\u00e9vu initialement. \u00c0 ce stade, aucune date n\u2019est avanc\u00e9e pour la signature d\u2019un \u00e9ventuel texte.<\/p>\n\n\n\n<h2 class=\"wp-block-heading\">Une pression douani\u00e8re cibl\u00e9e<\/h2>\n\n\n\n<p>Alors que Donald Trump menace d\u2019imposer des droits de douane de 50 % sur les marchandises en provenance de l\u2019Union europ\u00e9enne \u00e0 partir du 1er juin, la Suisse semble temporairement \u00e0 l\u2019abri de cette mesure. N\u00e9anmoins, aucun indice ne laisse penser que la Conf\u00e9d\u00e9ration soit directement vis\u00e9e par cette nouvelle vague de taxes douani\u00e8res.<\/p>\n\n\n\n<p>Toutefois, cette situation pousse les autorit\u00e9s suisses \u00e0 renforcer leur position commerciale avec les \u00c9tats-Unis. Dans un climat d\u2019incertitude, une telle d\u00e9marche est per\u00e7ue comme une pr\u00e9caution n\u00e9cessaire pour prot\u00e9ger les \u00e9changes bilat\u00e9raux, particuli\u00e8rement dans un environnement mondial instable.<\/p>\n\n\n\n<p><\/p>\n","protected":false},"excerpt":{"rendered":"<p>Les discussions Suisse\u2013\u00c9tats-Unis sur la suppression des taxes douani\u00e8res prennent du retard, malgr\u00e9 la volont\u00e9 d\u2019un accord rapide exprim\u00e9e \u00e0 Gen\u00e8ve.<\/p>\n","protected":false},"author":37,"featured_media":104394,"comment_status":"open","ping_status":"closed","sticky":false,"template":"","format":"standard","meta":{"footnotes":""},"categories":[1],"tags":[],"class_list":["post-104391","post","type-post","status-publish","format-standard","has-post-thumbnail","hentry","category-economie","generate-columns","tablet-grid-50","mobile-grid-100","grid-parent","grid-33","no-featured-image-padding"],"_links":{"self":[{"href":"https:\/\/econostrum.info\/suisse\/wp-json\/wp\/v2\/posts\/104391","targetHints":{"allow":["GET"]}}],"collection":[{"href":"https:\/\/econostrum.info\/suisse\/wp-json\/wp\/v2\/posts"}],"about":[{"href":"https:\/\/econostrum.info\/suisse\/wp-json\/wp\/v2\/types\/post"}],"author":[{"embeddable":true,"href":"https:\/\/econostrum.info\/suisse\/wp-json\/wp\/v2\/users\/37"}],"replies":[{"embeddable":true,"href":"https:\/\/econostrum.info\/suisse\/wp-json\/wp\/v2\/comments?post=104391"}],"version-history":[{"count":0,"href":"https:\/\/econostrum.info\/suisse\/wp-json\/wp\/v2\/posts\/104391\/revisions"}],"wp:featuredmedia":[{"embeddable":true,"href":"https:\/\/econostrum.info\/suisse\/wp-json\/wp\/v2\/media\/104394"}],"wp:attachment":[{"href":"https:\/\/econostrum.info\/suisse\/wp-json\/wp\/v2\/media?parent=104391"}],"wp:term":[{"taxonomy":"category","embeddable":true,"href":"https:\/\/econostrum.info\/suisse\/wp-json\/wp\/v2\/categories?post=104391"},{"taxonomy":"post_tag","embeddable":true,"href":"https:\/\/econostrum.info\/suisse\/wp-json\/wp\/v2\/tags?post=104391"}],"curies":[{"name":"wp","href":"https:\/\/api.w.org\/{rel}","templated":true}]}}