{"id":104387,"date":"2025-05-25T12:56:52","date_gmt":"2025-05-25T10:56:52","guid":{"rendered":"https:\/\/econostrum.info\/suisse\/?p=104387"},"modified":"2025-05-25T12:57:18","modified_gmt":"2025-05-25T10:57:18","slug":"meta-utilisera-donnees-27-mai-entrainer-ia-comment-eviter","status":"publish","type":"post","link":"https:\/\/econostrum.info\/suisse\/meta-utilisera-donnees-27-mai-entrainer-ia-comment-eviter\/","title":{"rendered":"Meta utilisera vos donn\u00e9es d\u00e8s le 27 mai pour entra\u00eener son IA : comment l\u2019\u00e9viter"},"content":{"rendered":"\n<p>Meta s&rsquo;appr\u00eate \u00e0 exploiter les contenus publics des utilisateurs de Facebook et Instagram pour entra\u00eener ses mod\u00e8les d&rsquo;intelligence artificielle. Les personnes r\u00e9sidant en Suisse n\u2019ont que jusqu\u2019au 26 mai pour s\u2019y opposer, faute de quoi leurs donn\u00e9es seront automatiquement int\u00e9gr\u00e9es.<\/p>\n\n\n\n<p>Le g\u00e9ant am\u00e9ricain relance son projet d\u2019entra\u00eenement de mod\u00e8les IA \u00e0 partir des publications publiques sur ses plateformes, interrompu en 2024 apr\u00e8s des critiques. Cette d\u00e9cision inclut d\u00e9sormais les utilisateurs suisses, suscitant de vives r\u00e9actions.<\/p>\n\n\n\n<p>L\u2019initiative de Meta intervient dans un contexte de concurrence technologique mondiale. En se basant sur le R\u00e8glement g\u00e9n\u00e9ral sur la protection des donn\u00e9es (RGPD), l\u2019entreprise invoque son \u00ab\u00a0<em>int\u00e9r\u00eat l\u00e9gitime<\/em>\u00ab\u00a0, ce qui interroge sur la validit\u00e9 juridique de cette d\u00e9marche en Europe.<\/p>\n\n\n\n<h2 class=\"wp-block-heading\">Quels contenus sont concern\u00e9s par cette exploitation<\/h2>\n\n\n\n<p>D\u00e8s le 27 mai, Meta int\u00e9grera automatiquement dans ses bases de donn\u00e9es les publications publiques, commentaires, photos, critiques, \u00ab\u00a0likes\u00a0\u00bb et autres interactions visibles sur Facebook et Instagram. <\/p>\n\n\n\n<p>Les \u00e9changes avec les outils d\u2019intelligence artificielle du groupe, comme ceux pr\u00e9sents sur WhatsApp, seront \u00e9galement collect\u00e9s. Seuls les contenus priv\u00e9s, les donn\u00e9es de mineurs et les messages non explicitement partag\u00e9s avec Meta AI \u00e9chappent \u00e0 cette collecte.<\/p>\n\n\n\n<p>Comme l\u2019indique <a href=\"https:\/\/www.blick.ch\/fr\/suisse\/il-vous-reste-deux-jours-pour-empecher-meta-daspirer-vos-donnees-id20895724.html\" target=\"_blank\" rel=\"noopener\"><em>Blick<\/em><\/a>, les utilisateurs qui ne manifestent pas leur opposition avant le 26 mai verront toutes leurs donn\u00e9es publiques int\u00e9gr\u00e9es aux mod\u00e8les IA. Apr\u00e8s cette date, les contenus d\u00e9j\u00e0 collect\u00e9s resteront exploit\u00e9s, les futures oppositions ne les affecteront plus. M\u00eame en cas d\u2019opposition, les contributions d\u00e9j\u00e0 absorb\u00e9es ne seront pas supprimables des syst\u00e8mes d\u2019apprentissage.<\/p>\n\n\n\n<h2 class=\"wp-block-heading\">Les ambitions de Meta et ses justifications<\/h2>\n\n\n\n<p><a href=\"https:\/\/econostrum.info\/suisse\/meta-investit-millions-francs-renforcer-centre-ia-zurich\/\" data-type=\"post\" data-id=\"100622\">Meta <\/a>entend rivaliser avec d\u2019autres grands acteurs technologiques, notamment OpenAI et Google, selon le m\u00e9dia helv\u00e9tique. Le groupe mise sur des mod\u00e8les d\u2019IA plus performants, nourris par d\u2019\u00e9normes volumes de contenus vari\u00e9s, en particulier ceux refl\u00e9tant des sp\u00e9cificit\u00e9s locales. Cette strat\u00e9gie vise \u00e0 renforcer l\u2019attractivit\u00e9 de ses plateformes et \u00e0 ouvrir de nouvelles voies commerciales.<\/p>\n\n\n\n<p>Pour justifier cette utilisation, Meta fait appel \u00e0 la notion d\u2019\u00a0\u00bbint\u00e9r\u00eat l\u00e9gitime\u00a0\u00bb, disposition du RGPD qui permet, selon l\u2019entreprise, de collecter des donn\u00e9es sans consentement explicite. Cette m\u00e9thode de consentement par d\u00e9faut (opt-out) est cependant remise en question.<\/p>\n\n\n\n<p>Des autorit\u00e9s europ\u00e9ennes de protection des donn\u00e9es, ainsi que l\u2019ONG NOYB, d\u00e9noncent le manque de transparence et de consentement explicite dans la d\u00e9marche de Meta.<\/p>\n\n\n\n<h2 class=\"wp-block-heading\">Comment s\u2019opposer \u00e0 cette collecte en Suisse<\/h2>\n\n\n\n<p>Les utilisateurs peuvent s\u2019opposer \u00e0 cette utilisation de leurs donn\u00e9es via des formulaires disponibles sur Facebook et Instagram. Une simple adresse e-mail suffit pour soumettre la demande.<\/p>\n\n\n\n<p>Il n&rsquo;est pas requis de fournir une justification. Pour WhatsApp, aucune proc\u00e9dure de refus n\u2019est propos\u00e9e, mais il est recommand\u00e9 d\u2019\u00e9viter les fonctionnalit\u00e9s Meta AI, reconnaissables \u00e0 un cercle bleu.<\/p>\n\n\n\n<p>Comme le souligne la source, ne pas entreprendre cette d\u00e9marche dans les d\u00e9lais aura pour cons\u00e9quence l\u2019exploitation de toutes les donn\u00e9es publiques ant\u00e9rieures. L\u2019ONG NOYB, \u00e0 l\u2019origine d\u2019une mise en demeure envoy\u00e9e \u00e0 Meta, envisage des actions en justice. Meta n\u2019a pas r\u00e9pondu aux demandes de clarification envoy\u00e9es par Reuters, et reste silencieux quant \u00e0 la port\u00e9e exacte de l\u2019usage de ces donn\u00e9es.<\/p>\n\n\n\n<p><\/p>\n","protected":false},"excerpt":{"rendered":"<p>Meta exploitera d\u00e8s le 27 mai les contenus publics Facebook et Instagram en Suisse pour entra\u00eener son IA, sauf opposition explicite des utilisateurs avant cette date.<\/p>\n","protected":false},"author":37,"featured_media":104390,"comment_status":"open","ping_status":"closed","sticky":false,"template":"","format":"standard","meta":{"footnotes":""},"categories":[25],"tags":[],"class_list":["post-104387","post","type-post","status-publish","format-standard","has-post-thumbnail","hentry","category-conso","generate-columns","tablet-grid-50","mobile-grid-100","grid-parent","grid-33","no-featured-image-padding"],"_links":{"self":[{"href":"https:\/\/econostrum.info\/suisse\/wp-json\/wp\/v2\/posts\/104387","targetHints":{"allow":["GET"]}}],"collection":[{"href":"https:\/\/econostrum.info\/suisse\/wp-json\/wp\/v2\/posts"}],"about":[{"href":"https:\/\/econostrum.info\/suisse\/wp-json\/wp\/v2\/types\/post"}],"author":[{"embeddable":true,"href":"https:\/\/econostrum.info\/suisse\/wp-json\/wp\/v2\/users\/37"}],"replies":[{"embeddable":true,"href":"https:\/\/econostrum.info\/suisse\/wp-json\/wp\/v2\/comments?post=104387"}],"version-history":[{"count":0,"href":"https:\/\/econostrum.info\/suisse\/wp-json\/wp\/v2\/posts\/104387\/revisions"}],"wp:featuredmedia":[{"embeddable":true,"href":"https:\/\/econostrum.info\/suisse\/wp-json\/wp\/v2\/media\/104390"}],"wp:attachment":[{"href":"https:\/\/econostrum.info\/suisse\/wp-json\/wp\/v2\/media?parent=104387"}],"wp:term":[{"taxonomy":"category","embeddable":true,"href":"https:\/\/econostrum.info\/suisse\/wp-json\/wp\/v2\/categories?post=104387"},{"taxonomy":"post_tag","embeddable":true,"href":"https:\/\/econostrum.info\/suisse\/wp-json\/wp\/v2\/tags?post=104387"}],"curies":[{"name":"wp","href":"https:\/\/api.w.org\/{rel}","templated":true}]}}