{"id":104331,"date":"2025-05-23T16:56:48","date_gmt":"2025-05-23T14:56:48","guid":{"rendered":"https:\/\/econostrum.info\/suisse\/?p=104331"},"modified":"2025-05-23T16:56:49","modified_gmt":"2025-05-23T14:56:49","slug":"plus-600000-vehicules-suisses-sans-controle-technique-valide","status":"publish","type":"post","link":"https:\/\/econostrum.info\/suisse\/plus-600000-vehicules-suisses-sans-controle-technique-valide\/","title":{"rendered":"Plus de 600&rsquo;000 v\u00e9hicules suisses roulent sans contr\u00f4le technique valide"},"content":{"rendered":"\n<p>Plus de 600&rsquo;000 v\u00e9hicules circulent actuellement en Suisse sans avoir pass\u00e9 le contr\u00f4le technique obligatoire, r\u00e9v\u00e9lant un dysfonctionnement pr\u00e9occupant dans le suivi de la s\u00e9curit\u00e9 routi\u00e8re. Les cantons peinent \u00e0 rattraper un retard qui s&rsquo;est aggrav\u00e9 au fil des ann\u00e9es, avec des disparit\u00e9s r\u00e9gionales notables.<\/p>\n\n\n\n<p>Face \u00e0 l&rsquo;augmentation constante du parc automobile, les services cantonaux des automobiles suisses n\u2019arrivent plus \u00e0 assurer les expertises techniques dans les d\u00e9lais impartis.<\/p>\n\n\n\n<p>L\u2019Office f\u00e9d\u00e9ral des routes (OFROU) rappelle que la responsabilit\u00e9 de la mise en conformit\u00e9 des v\u00e9hicules incombe \u00e0 leurs propri\u00e9taires, et non aux cantons, m\u00eame si les retards sont dus \u00e0 des goulots d\u2019\u00e9tranglement dans l\u2019administration. Le ph\u00e9nom\u00e8ne pose la question de la capacit\u00e9 des infrastructures \u00e0 s\u2019adapter \u00e0 l\u2019\u00e9volution rapide du nombre de v\u00e9hicules.<\/p>\n\n\n\n<h2 class=\"wp-block-heading\">Une surcharge chronique des services automobiles<\/h2>\n\n\n\n<p>Les retards d\u2019expertise trouvent leur origine dans la croissance du parc automobile, qui d\u00e9passe d\u00e9sormais les 6,5 millions de v\u00e9hicules immatricul\u00e9s. Les cantons, charg\u00e9s de r\u00e9aliser les contr\u00f4les techniques p\u00e9riodiques, peinent \u00e0 suivre la cadence. La <a href=\"https:\/\/www.rts.ch\/info\/suisse\/2025\/article\/retard-d-expertise-600-000-vehicules-circulent-sans-controle-en-suisse-28890715.html#:~:text=Plus%20de%20600&#039;000%20v%C3%A9hicules%20circulent%20sans%20expertise%20valable%20en%20Suisse,-Un%20employ%C3%A9%20du&amp;text=Face%20%C3%A0%20la%20croissance%20du,avoir%20pass%C3%A9%20le%20contr%C3%B4le%20technique.\" target=\"_blank\" rel=\"noopener\"><em>RTS<\/em><\/a> indique que ces retards concernent plus de 600&rsquo;000 v\u00e9hicules ayant plus d\u2019un an de d\u00e9passement sur le calendrier de contr\u00f4le.<\/p>\n\n\n\n<p>Dans les faits, les v\u00e9hicules neufs doivent \u00eatre contr\u00f4l\u00e9s apr\u00e8s cinq ans, puis trois ans plus tard, et ensuite tous les deux ans. Mais cette logique est difficilement respect\u00e9e aujourd\u2019hui dans de nombreux cantons, faute de personnel suffisant et de capacit\u00e9 logistique adapt\u00e9e.<\/p>\n\n\n\n<p>Ce ph\u00e9nom\u00e8ne n\u2019est pas homog\u00e8ne \u00e0 travers le pays. Alors que la moyenne suisse affiche 9,27 % de v\u00e9hicules en retard, des cantons comme l\u2019Argovie atteignent 15,5 %, tandis que d&rsquo;autres, comme Neuch\u00e2tel, limitent ce taux \u00e0 seulement 0,05 %. Selon le m\u00e9dia helv\u00e9tique, cette situation favorable \u00e0 Neuch\u00e2tel s\u2019explique notamment par l\u2019ouverture d\u2019une nouvelle infrastructure en 2012.<\/p>\n\n\n\n<h2 class=\"wp-block-heading\">L\u2019exemple bernois : un cas d\u2019\u00e9cole<\/h2>\n\n\n\n<p>Le <a href=\"https:\/\/econostrum.info\/suisse\/penurie-enseignants-canton-berne\/\" data-type=\"post\" data-id=\"3010\">canton de Berne<\/a> illustre bien les tensions rencontr\u00e9es dans la gestion des expertises techniques. En deux ans, le nombre de v\u00e9hicules en retard est pass\u00e9 \u00e0 83&rsquo;788, soit pr\u00e8s de 10,2 % du parc cantonal. <\/p>\n\n\n\n<p>Stephan Lanz, directeur de l\u2019Office de la circulation routi\u00e8re et de la navigation, explique au m\u00e9dia que les priorit\u00e9s sont donn\u00e9es aux v\u00e9hicules professionnels comme les taxis ou les camions, tandis que les v\u00e9hicules priv\u00e9s sont rel\u00e9gu\u00e9s au second plan.<\/p>\n\n\n\n<p>Pour pallier ce retard, Berne a attribu\u00e9 trois nouveaux postes de contr\u00f4leurs, mais ces efforts restent insuffisants. Selon Stephan Lanz, il faut plus de personnel et du temps pour la formation, qui s\u2019\u00e9tend sur environ un an et demi avant qu\u2019un nouveau collaborateur soit pleinement op\u00e9rationnel.<\/p>\n\n\n\n<h2 class=\"wp-block-heading\">Quelles cons\u00e9quences pour la s\u00e9curit\u00e9 routi\u00e8re ?<\/h2>\n\n\n\n<p>L\u2019accumulation de v\u00e9hicules non expertis\u00e9s questionne la s\u00e9curit\u00e9 sur les routes suisses. Pourtant, l\u2019OFROU relativise le risque imm\u00e9diat. Selon ses donn\u00e9es relay\u00e9es par la source, seuls 1 % des accidents sont dus \u00e0 des d\u00e9fauts techniques ou \u00e0 un manque d\u2019entretien.<\/p>\n\n\n\n<p>N\u00e9anmoins, l\u2019Union professionnelle suisse de l\u2019automobile (UPSA) alerte sur une tendance pr\u00e9occupante : l\u2019augmentation de l\u2019\u00e2ge moyen du parc automobile pourrait accro\u00eetre les d\u00e9faillances m\u00e9caniques \u00e0 l\u2019avenir. <\/p>\n\n\n\n<p>Christian Wyssmann, directeur de l\u2019UPSA, insiste sur l&rsquo;effet pr\u00e9ventif des convocations \u00e0 l\u2019expertise, qui rappellent aux propri\u00e9taires l\u2019entretien n\u00e9cessaire de leur v\u00e9hicule.<\/p>\n","protected":false},"excerpt":{"rendered":"<p>Plus de 600&rsquo;000 v\u00e9hicules roulent sans contr\u00f4le technique valide en Suisse, en raison d\u2019un engorgement des services cantonaux et d\u2019une forte disparit\u00e9 r\u00e9gionale.<\/p>\n","protected":false},"author":37,"featured_media":104333,"comment_status":"open","ping_status":"closed","sticky":false,"template":"","format":"standard","meta":{"footnotes":""},"categories":[30],"tags":[],"class_list":["post-104331","post","type-post","status-publish","format-standard","has-post-thumbnail","hentry","category-mobilite","generate-columns","tablet-grid-50","mobile-grid-100","grid-parent","grid-33","no-featured-image-padding"],"_links":{"self":[{"href":"https:\/\/econostrum.info\/suisse\/wp-json\/wp\/v2\/posts\/104331","targetHints":{"allow":["GET"]}}],"collection":[{"href":"https:\/\/econostrum.info\/suisse\/wp-json\/wp\/v2\/posts"}],"about":[{"href":"https:\/\/econostrum.info\/suisse\/wp-json\/wp\/v2\/types\/post"}],"author":[{"embeddable":true,"href":"https:\/\/econostrum.info\/suisse\/wp-json\/wp\/v2\/users\/37"}],"replies":[{"embeddable":true,"href":"https:\/\/econostrum.info\/suisse\/wp-json\/wp\/v2\/comments?post=104331"}],"version-history":[{"count":0,"href":"https:\/\/econostrum.info\/suisse\/wp-json\/wp\/v2\/posts\/104331\/revisions"}],"wp:featuredmedia":[{"embeddable":true,"href":"https:\/\/econostrum.info\/suisse\/wp-json\/wp\/v2\/media\/104333"}],"wp:attachment":[{"href":"https:\/\/econostrum.info\/suisse\/wp-json\/wp\/v2\/media?parent=104331"}],"wp:term":[{"taxonomy":"category","embeddable":true,"href":"https:\/\/econostrum.info\/suisse\/wp-json\/wp\/v2\/categories?post=104331"},{"taxonomy":"post_tag","embeddable":true,"href":"https:\/\/econostrum.info\/suisse\/wp-json\/wp\/v2\/tags?post=104331"}],"curies":[{"name":"wp","href":"https:\/\/api.w.org\/{rel}","templated":true}]}}