{"id":104281,"date":"2025-05-23T10:16:00","date_gmt":"2025-05-23T08:16:00","guid":{"rendered":"https:\/\/econostrum.info\/suisse\/?p=104281"},"modified":"2025-05-23T00:39:59","modified_gmt":"2025-05-22T22:39:59","slug":"nouvel-horaire-cff-ce-que-nouvelle-offre-apporte-suisse-romande-decembre","status":"publish","type":"post","link":"https:\/\/econostrum.info\/suisse\/nouvel-horaire-cff-ce-que-nouvelle-offre-apporte-suisse-romande-decembre\/","title":{"rendered":"Nouvel horaire CFF : ce que la nouvelle offre apporte en Suisse romande d\u00e8s d\u00e9cembre"},"content":{"rendered":"\n<p>Le changement d&rsquo;horaire CFF qui prendra effet le 14 d\u00e9cembre 2025 apporte plusieurs am\u00e9liorations importantes pour les voyageurs en Suisse romande. Parmi les nouveaut\u00e9s, la liaison directe entre B\u00e2le et Lausanne est r\u00e9tablie, et le trafic r\u00e9gional vaudois et jurassien est renforc\u00e9. Ces modifications visent \u00e0 optimiser les correspondances et \u00e0 augmenter la capacit\u00e9 sur certains axes cl\u00e9s.<\/p>\n\n\n\n<p>Le renouvellement des horaires s\u2019inscrit dans un contexte d\u2019ach\u00e8vement de travaux d\u2019infrastructure majeurs, notamment la construction d\u2019une double voie entre Grellingue et Douquinge dans le canton de B\u00e2le, qui sera mise en service en septembre 2025. <\/p>\n\n\n\n<p>Ces am\u00e9nagements devraient am\u00e9liorer la fluidit\u00e9 des d\u00e9placements et la fr\u00e9quence des trains, particuli\u00e8rement dans le nord-ouest de la Suisse. L\u2019objectif est de r\u00e9pondre aux besoins croissants des usagers en renfor\u00e7ant les connexions r\u00e9gionales et interr\u00e9gionales, rapporte <em><a href=\"https:\/\/www.rts.ch\/info\/suisse\/2025\/article\/nouvel-horaire-cff-liaisons-renforcees-en-suisse-romande-des-decembre-28890627.html\" target=\"_blank\" rel=\"noopener\">RTS<\/a><\/em>.<\/p>\n\n\n\n<h2 class=\"wp-block-heading\">La reprise de la liaison directe entre B\u00e2le et Lausanne<\/h2>\n\n\n\n<p>Le retour de la liaison directe entre B\u00e2le et Lausanne figure parmi les changements majeurs du nouvel horaire. Cette liaison sera assur\u00e9e par un train InterCity IC 51 circulant \u00e0 raison d\u2019un train par heure et dans chaque direction. <\/p>\n\n\n\n<p>Le trajet passera par le Pied du Jura et Del\u00e9mont, offrant une connexion plus rapide et directe entre ces deux grandes villes. Cette am\u00e9lioration est rendue possible gr\u00e2ce \u00e0 la nouvelle double voie qui relie Grellingue et Douquinge, dont la finalisation est pr\u00e9vue pour septembre 2025.<\/p>\n\n\n\n<p>Cette offre renforc\u00e9e facilitera notamment les d\u00e9placements professionnels et touristiques entre la Suisse romande et le nord-ouest. En parall\u00e8le, la cadence sera augment\u00e9e \u00e0 une fr\u00e9quence \u00e0 la demi-heure entre Bienne, Del\u00e9mont et B\u00e2le, ce qui permettra d\u2019all\u00e9ger la charge sur ces axes tr\u00e8s fr\u00e9quent\u00e9s.<\/p>\n\n\n\n<h2 class=\"wp-block-heading\">Des adaptations importantes sur le trafic r\u00e9gional vaudois et jurassien<\/h2>\n\n\n\n<p>Le trafic r\u00e9gional dans le canton de Vaud conna\u00eet \u00e9galement des modifications notables. Sur le r\u00e9seau express r\u00e9gional (RER) Vaud, les lignes R1 et R2, qui circulent entre Grandson, Lausanne et Cully, seront prolong\u00e9es jusqu\u2019\u00e0 Bex.<\/p>\n\n\n\n<p> Ces lignes utiliseront des trains \u00e0 deux \u00e9tages, augmentant ainsi la capacit\u00e9 d\u2019accueil des passagers. De leur c\u00f4t\u00e9, les lignes R3 et R4, qui relient Vallorbe ou Le Brassus au Day et Lausanne, seront prolong\u00e9es jusqu\u2019\u00e0 Vevey au lieu de Bex. Cette extension permettra d\u2019accro\u00eetre la capacit\u00e9 entre Lausanne et Vevey.<\/p>\n\n\n\n<p>Dans le Jura, le projet du R\u00e9seau Express R\u00e9gional jurassien progresse avec la mise en place d\u2019une liaison par heure entre Del\u00e9mont et Delle ainsi qu\u2019entre Del\u00e9mont et Bonfol. Des liaisons horaires entre Porrentruy, Delle et Bonfol seront aussi instaur\u00e9es, permettant de voyager entre Bonfol et Del\u00e9mont sans changement une fois par heure. <\/p>\n\n\n\n<h2 class=\"wp-block-heading\">Travaux pr\u00e9vus en 2026 et cons\u00e9quences sur la circulation<\/h2>\n\n\n\n<p><a href=\"https:\/\/econostrum.info\/suisse\/train-direct-londres-suisse-projet-rails\/\" data-type=\"post\" data-id=\"103869\">Les CFF <\/a>ont \u00e9galement communiqu\u00e9 sur plusieurs chantiers programm\u00e9s en 2026 qui pourraient perturber le trafic ferroviaire. Dans le canton de Vaud, des travaux de renouvellement des voies auront lieu entre Puidoux et Grandvaux, imposant la circulation sur voie unique de janvier \u00e0 juin 2026. Ces travaux affecteront plusieurs lignes r\u00e9gionales, notamment les S40, S41, et les lignes R7 \u00e0 R9.<\/p>\n\n\n\n<p>D\u2019autres chantiers, comme la modernisation de la ligne de la Broye entre Payerne et Morat, n\u00e9cessiteront le remplacement des trains par des bus entre fin mai et mi-juillet 2026. En outre, la ligne Sonceboz-Sombeval\u2013Moutier, dans le Jura bernois, sera ferm\u00e9e de septembre 2026 \u00e0 septembre 2027 pour un renouvellement complet, avec un service de bus de remplacement pr\u00e9vu.<\/p>\n","protected":false},"excerpt":{"rendered":"<p>Le nouvel horaire CFF de d\u00e9cembre 2025 renforce les liaisons entre B\u00e2le et Lausanne et am\u00e9liore le trafic r\u00e9gional vaudois et jurassien.<\/p>\n","protected":false},"author":37,"featured_media":104283,"comment_status":"open","ping_status":"closed","sticky":false,"template":"","format":"standard","meta":{"footnotes":""},"categories":[30],"tags":[],"class_list":["post-104281","post","type-post","status-publish","format-standard","has-post-thumbnail","hentry","category-mobilite","generate-columns","tablet-grid-50","mobile-grid-100","grid-parent","grid-33","no-featured-image-padding"],"_links":{"self":[{"href":"https:\/\/econostrum.info\/suisse\/wp-json\/wp\/v2\/posts\/104281","targetHints":{"allow":["GET"]}}],"collection":[{"href":"https:\/\/econostrum.info\/suisse\/wp-json\/wp\/v2\/posts"}],"about":[{"href":"https:\/\/econostrum.info\/suisse\/wp-json\/wp\/v2\/types\/post"}],"author":[{"embeddable":true,"href":"https:\/\/econostrum.info\/suisse\/wp-json\/wp\/v2\/users\/37"}],"replies":[{"embeddable":true,"href":"https:\/\/econostrum.info\/suisse\/wp-json\/wp\/v2\/comments?post=104281"}],"version-history":[{"count":0,"href":"https:\/\/econostrum.info\/suisse\/wp-json\/wp\/v2\/posts\/104281\/revisions"}],"wp:featuredmedia":[{"embeddable":true,"href":"https:\/\/econostrum.info\/suisse\/wp-json\/wp\/v2\/media\/104283"}],"wp:attachment":[{"href":"https:\/\/econostrum.info\/suisse\/wp-json\/wp\/v2\/media?parent=104281"}],"wp:term":[{"taxonomy":"category","embeddable":true,"href":"https:\/\/econostrum.info\/suisse\/wp-json\/wp\/v2\/categories?post=104281"},{"taxonomy":"post_tag","embeddable":true,"href":"https:\/\/econostrum.info\/suisse\/wp-json\/wp\/v2\/tags?post=104281"}],"curies":[{"name":"wp","href":"https:\/\/api.w.org\/{rel}","templated":true}]}}