{"id":104242,"date":"2025-05-21T11:34:00","date_gmt":"2025-05-21T09:34:00","guid":{"rendered":"https:\/\/econostrum.info\/suisse\/?p=104242"},"modified":"2025-05-21T01:36:26","modified_gmt":"2025-05-20T23:36:26","slug":"swissmem-alerte-impact-politique-commerciale-trump-industrie-suisse","status":"publish","type":"post","link":"https:\/\/econostrum.info\/suisse\/swissmem-alerte-impact-politique-commerciale-trump-industrie-suisse\/","title":{"rendered":"Swissmem alerte sur l\u2019impact de la politique commerciale de Trump sur l\u2019industrie suisse"},"content":{"rendered":"\n<p>L\u2019industrie suisse conna\u00eet un recul marqu\u00e9, amplifi\u00e9 par la politique protectionniste des \u00c9tats-Unis sous Donald Trump. Swissmem, la f\u00e9d\u00e9ration fa\u00eeti\u00e8re des secteurs machines, \u00e9quipements \u00e9lectriques et m\u00e9taux, tire la sonnette d\u2019alarme face \u00e0 des perspectives \u00e9conomiques de plus en plus sombres.<\/p>\n\n\n\n<p>Les chiffres du premier trimestre 2025 montrent une baisse continue de l\u2019activit\u00e9 industrielle en Suisse, avec un huiti\u00e8me trimestre cons\u00e9cutif de recul du chiffre d\u2019affaires. Cette situation inqui\u00e8te particuli\u00e8rement Swissmem, qui souligne les effets directs de la guerre commerciale d\u00e9clench\u00e9e par Donald Trump, notamment sur les exportations et les commandes \u00e0 l\u2019international. L\u2019industrie suisse, d\u00e9j\u00e0 en mode ralenti, est confront\u00e9e \u00e0 un environnement international tendu et incertain.<\/p>\n\n\n\n<h2 class=\"wp-block-heading\">Une industrie en recul prolong\u00e9<\/h2>\n\n\n\n<p>Le secteur suisse des machines, \u00e9quipements \u00e9lectriques et m\u00e9taux enregistre un repli de 3 % du chiffre d\u2019affaires au premier trimestre 2025 par rapport \u00e0 la m\u00eame p\u00e9riode en 2024. Swissmem \u00e9voque un \u00ab <em>mode ralenti<\/em> \u00bb pour la branche, avec un taux d\u2019utilisation des capacit\u00e9s de production tomb\u00e9 \u00e0 81,1 %, bien en dessous de la moyenne historique de 86 %.<\/p>\n\n\n\n<p>Cette baisse persistante marque un huiti\u00e8me trimestre cons\u00e9cutif de recul, signe d\u2019une tendance lourde qui ne montre pas de signe d\u2019am\u00e9lioration. Selon Swissmem, aucun redressement rapide n\u2019est attendu dans les mois \u00e0 venir, le climat \u00e9conomique restant pesant.<\/p>\n\n\n\n<h2 class=\"wp-block-heading\">Perspectives exportations d\u00e9grad\u00e9es<\/h2>\n\n\n\n<p>Les perspectives \u00e0 l\u2019exportation sont elles aussi pr\u00e9occupantes. Seuls 24 % des membres de <a href=\"https:\/\/econostrum.info\/suisse\/swissmem-piratage-10-donnees-derobees-hackers-russes\/\" data-type=\"post\" data-id=\"101075\">Swissmem <\/a>anticipent une hausse des commandes provenant de l\u2019\u00e9tranger sur l\u2019ann\u00e9e \u00e0 venir. \u00c0 l\u2019oppos\u00e9, 32 % craignent une diminution des commandes, soit une augmentation de 7 points depuis la fin de 2024. <\/p>\n\n\n\n<p>Les 44 % restants envisagent une stabilit\u00e9. La situation est particuli\u00e8rement difficile vis-\u00e0-vis des \u00c9tats-Unis, o\u00f9 les attentes ont fortement chut\u00e9. Seule l\u2019Inde est per\u00e7ue comme une source d\u2019impulsion positive pour les exportations. Ces \u00e9l\u00e9ments sont mis en lumi\u00e8re dans le rapport publi\u00e9 par Swissmem, relay\u00e9 par <a href=\"https:\/\/www.blick.ch\/fr\/economie\/swissmem-tire-la-sonnette-d-alarme-face-a-trump-id20745755.html\" target=\"_blank\" rel=\"noopener\"><em>Blick<\/em><\/a>.<\/p>\n\n\n\n<h2 class=\"wp-block-heading\">Tensions commerciales et impact sur les march\u00e9s financiers<\/h2>\n\n\n\n<p>La politique commerciale de Donald Trump a eu des r\u00e9percussions notables sur les march\u00e9s financiers mondiaux et sur les relations commerciales internationales. Moody\u2019s a abaiss\u00e9 la note de la dette am\u00e9ricaine, ce qui a entra\u00een\u00e9 une baisse des indices boursiers am\u00e9ricains tels que le Dow Jones et le Nasdaq.<\/p>\n\n\n\n<p>Cette incertitude \u00e9conomique s\u2019inscrit dans le contexte plus large d\u2019une guerre commerciale entre les \u00c9tats-Unis, la Chine et l\u2019Union europ\u00e9enne. Par exemple, la Chine a impos\u00e9 des surtaxes allant jusqu\u2019\u00e0 75 % sur certains plastiques import\u00e9s des \u00c9tats-Unis, un mouvement qui illustre la mont\u00e9e des tensions commerciales. <\/p>\n","protected":false},"excerpt":{"rendered":"<p>Swissmem alerte sur le recul de l\u2019industrie suisse, impact\u00e9e par la politique protectionniste de Trump et les tensions commerciales mondiales.<\/p>\n","protected":false},"author":37,"featured_media":104245,"comment_status":"open","ping_status":"closed","sticky":false,"template":"","format":"standard","meta":{"footnotes":""},"categories":[1],"tags":[],"class_list":["post-104242","post","type-post","status-publish","format-standard","has-post-thumbnail","hentry","category-economie","generate-columns","tablet-grid-50","mobile-grid-100","grid-parent","grid-33","no-featured-image-padding"],"_links":{"self":[{"href":"https:\/\/econostrum.info\/suisse\/wp-json\/wp\/v2\/posts\/104242","targetHints":{"allow":["GET"]}}],"collection":[{"href":"https:\/\/econostrum.info\/suisse\/wp-json\/wp\/v2\/posts"}],"about":[{"href":"https:\/\/econostrum.info\/suisse\/wp-json\/wp\/v2\/types\/post"}],"author":[{"embeddable":true,"href":"https:\/\/econostrum.info\/suisse\/wp-json\/wp\/v2\/users\/37"}],"replies":[{"embeddable":true,"href":"https:\/\/econostrum.info\/suisse\/wp-json\/wp\/v2\/comments?post=104242"}],"version-history":[{"count":0,"href":"https:\/\/econostrum.info\/suisse\/wp-json\/wp\/v2\/posts\/104242\/revisions"}],"wp:featuredmedia":[{"embeddable":true,"href":"https:\/\/econostrum.info\/suisse\/wp-json\/wp\/v2\/media\/104245"}],"wp:attachment":[{"href":"https:\/\/econostrum.info\/suisse\/wp-json\/wp\/v2\/media?parent=104242"}],"wp:term":[{"taxonomy":"category","embeddable":true,"href":"https:\/\/econostrum.info\/suisse\/wp-json\/wp\/v2\/categories?post=104242"},{"taxonomy":"post_tag","embeddable":true,"href":"https:\/\/econostrum.info\/suisse\/wp-json\/wp\/v2\/tags?post=104242"}],"curies":[{"name":"wp","href":"https:\/\/api.w.org\/{rel}","templated":true}]}}