{"id":104205,"date":"2025-05-20T12:18:00","date_gmt":"2025-05-20T10:18:00","guid":{"rendered":"https:\/\/econostrum.info\/suisse\/?p=104205"},"modified":"2025-05-19T18:47:49","modified_gmt":"2025-05-19T16:47:49","slug":"suisse-prepare-affronter-secheresse-severe-accrue","status":"publish","type":"post","link":"https:\/\/econostrum.info\/suisse\/suisse-prepare-affronter-secheresse-severe-accrue\/","title":{"rendered":"La Suisse se pr\u00e9pare \u00e0 affronter une s\u00e9cheresse s\u00e9v\u00e8re accrue"},"content":{"rendered":"\n<p>L\u2019\u00e9t\u00e9 2022 a r\u00e9v\u00e9l\u00e9 la vuln\u00e9rabilit\u00e9 m\u00eame des r\u00e9gions temp\u00e9r\u00e9es comme la Suisse face \u00e0 des \u00e9pisodes de s\u00e9cheresse s\u00e9v\u00e8res, provoquant des niveaux d\u2019eau historiquement bas dans rivi\u00e8res et lacs. <\/p>\n\n\n\n<p>Pour faire face \u00e0 cette \u00e9volution, les autorit\u00e9s suisses ont mis en place une plateforme innovante de suivi et d\u2019alerte \u00e0 la s\u00e9cheresse, qui centralise donn\u00e9es m\u00e9t\u00e9orologiques et hydrologiques.<\/p>\n\n\n\n<p>La gestion proactive des ressources en eau s\u2019impose d\u00e9sormais comme un enjeu cl\u00e9 pour pr\u00e9server l\u2019approvisionnement, prot\u00e9ger l\u2019agriculture et garantir la production \u00e9nerg\u00e9tique, selon les responsables f\u00e9d\u00e9raux.<\/p>\n\n\n\n<h2 class=\"wp-block-heading\">Une s\u00e9cheresse d\u00e9sormais reconnue comme un risque majeur en Suisse<\/h2>\n\n\n\n<p>La s\u00e9cheresse, autrefois consid\u00e9r\u00e9e comme un probl\u00e8me des zones chaudes, touche d\u00e9sormais aussi la Suisse et ses Alpes. L\u2019Office f\u00e9d\u00e9ral de l\u2019Environnement, par la voix de Paul Steffen, souligne que le risque de s\u00e9cheresse augmentera \u00e0 toutes les p\u00e9riodes de l\u2019ann\u00e9e, imposant des mesures pour prot\u00e9ger les ressources en eau, rapporte <a href=\"https:\/\/www.swissinfo.ch\/fre\/solutions-climatiques\/la-suisse-se-prepare-a-des-risques-accrus-de-secheresse-severe\/89326818\" target=\"_blank\" rel=\"noopener\"><em>Swissinfo<\/em><\/a>. En 2022, la s\u00e9cheresse a mis en lumi\u00e8re des probl\u00e8mes concrets : rivi\u00e8res au niveau bas, lacs ass\u00e9ch\u00e9s et impact sur la production hydro\u00e9lectrique.<\/p>\n\n\n\n<p>La Suisse a choisi d\u2019int\u00e9grer la s\u00e9cheresse dans son syst\u00e8me national d\u2019alerte aux catastrophes naturelles, sur un pied d\u2019\u00e9galit\u00e9 avec les tremblements de terre ou les temp\u00eates, comme l\u2019explique Vincent Humphrey de M\u00e9t\u00e9oSuisse. <\/p>\n\n\n\n<h2 class=\"wp-block-heading\">Un dispositif innovant de suivi et d\u2019alerte en temps r\u00e9el<\/h2>\n\n\n\n<p>Le nouveau syst\u00e8me mis en service combine plusieurs types de donn\u00e9es : m\u00e9t\u00e9orologiques, hydrologiques et satellite. Cette <a href=\"https:\/\/www.trockenheit.admin.ch\/fr\" target=\"_blank\" rel=\"noopener\">plateforme en ligne<\/a> permet de suivre en temps r\u00e9el les pr\u00e9cipitations, les niveaux des rivi\u00e8res et des lacs, ainsi que de pr\u00e9voir l\u2019\u00e9volution de la s\u00e9cheresse sur plusieurs semaines. Un indicateur int\u00e9gr\u00e9 propose une vision globale, \u00e9valuant la gravit\u00e9 du ph\u00e9nom\u00e8ne sur trois niveaux d\u2019alerte, de faible \u00e0 prononc\u00e9.<\/p>\n\n\n\n<p>En 2026, le dispositif sera compl\u00e9t\u00e9 par un r\u00e9seau de capteurs nationaux mesurant l\u2019humidit\u00e9 des sols, pour affiner encore davantage la d\u00e9tection et la pr\u00e9vision. L\u2019objectif \u00e0 l\u2019horizon 2031 est d\u2019int\u00e9grer \u00e9galement des pr\u00e9visions sur la demande en eau des centrales \u00e9lectriques et des populations, afin d\u2019anticiper les tensions sur les ressources, d\u00e9taille Vincent Humphrey. Ce syst\u00e8me offre ainsi une capacit\u00e9 d\u2019anticipation nouvelle pour g\u00e9rer durablement la<a href=\"https:\/\/econostrum.info\/suisse\/prevention-secheresse-suisse-systeme-alerte\/\" data-type=\"post\" data-id=\"103842\"> raret\u00e9 de l\u2019eau<\/a>.<\/p>\n\n\n\n<h2 class=\"wp-block-heading\">Anticiper pour mieux g\u00e9rer les cons\u00e9quences sociales et \u00e9conomiques<\/h2>\n\n\n\n<p>La pr\u00e9vision de la s\u00e9cheresse rev\u00eat un int\u00e9r\u00eat pratique crucial pour diff\u00e9rents secteurs. Elle permet aux agriculteurs d\u2019adapter leurs pratiques d\u2019irrigation et aux exploitants hydro\u00e9lectriques d\u2019ajuster leur production en fonction des disponibilit\u00e9s en eau. Les services forestiers, quant \u00e0 eux, peuvent intensifier la pr\u00e9vention des incendies lorsque les conditions deviennent particuli\u00e8rement s\u00e8ches.<\/p>\n\n\n\n<p>De plus, le transport fluvial, essentiel au commerce suisse, est directement impact\u00e9 par la baisse du niveau des rivi\u00e8res, comme le Rhin. La mise en place d\u2019alertes pr\u00e9coces permettra de pr\u00e9parer des alternatives et d\u2019\u00e9viter des interruptions majeures, souligne Mauro Veronesi, responsable dans le canton du Tessin, l\u2019une des zones les plus touch\u00e9es. <\/p>\n\n\n\n<p>Selon lui, disposer d\u2019un tel syst\u00e8me en 2022 aurait permis une communication plus efficace et une meilleure gestion de la consommation d\u2019eau aupr\u00e8s du public. Cette d\u00e9marche vise \u00e0 rendre la Suisse plus r\u00e9siliente face \u00e0 des \u00e9pisodes de s\u00e9cheresse appel\u00e9s \u00e0 se multiplier.<\/p>\n\n\n\n<p><\/p>\n","protected":false},"excerpt":{"rendered":"<p>La Suisse int\u00e8gre la s\u00e9cheresse \u00e0 son syst\u00e8me d\u2019alerte pour mieux surveiller et anticiper les p\u00e9riodes de stress hydrique fr\u00e9quentes.<\/p>\n","protected":false},"author":37,"featured_media":104209,"comment_status":"open","ping_status":"closed","sticky":false,"template":"","format":"standard","meta":{"footnotes":""},"categories":[19],"tags":[],"class_list":["post-104205","post","type-post","status-publish","format-standard","has-post-thumbnail","hentry","category-meteo","generate-columns","tablet-grid-50","mobile-grid-100","grid-parent","grid-33","no-featured-image-padding"],"_links":{"self":[{"href":"https:\/\/econostrum.info\/suisse\/wp-json\/wp\/v2\/posts\/104205","targetHints":{"allow":["GET"]}}],"collection":[{"href":"https:\/\/econostrum.info\/suisse\/wp-json\/wp\/v2\/posts"}],"about":[{"href":"https:\/\/econostrum.info\/suisse\/wp-json\/wp\/v2\/types\/post"}],"author":[{"embeddable":true,"href":"https:\/\/econostrum.info\/suisse\/wp-json\/wp\/v2\/users\/37"}],"replies":[{"embeddable":true,"href":"https:\/\/econostrum.info\/suisse\/wp-json\/wp\/v2\/comments?post=104205"}],"version-history":[{"count":0,"href":"https:\/\/econostrum.info\/suisse\/wp-json\/wp\/v2\/posts\/104205\/revisions"}],"wp:featuredmedia":[{"embeddable":true,"href":"https:\/\/econostrum.info\/suisse\/wp-json\/wp\/v2\/media\/104209"}],"wp:attachment":[{"href":"https:\/\/econostrum.info\/suisse\/wp-json\/wp\/v2\/media?parent=104205"}],"wp:term":[{"taxonomy":"category","embeddable":true,"href":"https:\/\/econostrum.info\/suisse\/wp-json\/wp\/v2\/categories?post=104205"},{"taxonomy":"post_tag","embeddable":true,"href":"https:\/\/econostrum.info\/suisse\/wp-json\/wp\/v2\/tags?post=104205"}],"curies":[{"name":"wp","href":"https:\/\/api.w.org\/{rel}","templated":true}]}}